{"id":29251,"date":"2025-09-13T16:39:08","date_gmt":"2025-09-13T16:39:08","guid":{"rendered":"https:\/\/www.europesays.com\/se\/29251\/"},"modified":"2025-09-13T16:39:08","modified_gmt":"2025-09-13T16:39:08","slug":"shls-svar-pa-djurgardens-protest-mot-red-bull-trakigt","status":"publish","type":"post","link":"https:\/\/www.europesays.com\/se\/29251\/","title":{"rendered":"SHL:s svar p\u00e5 Djurg\u00e5rdens protest mot Red Bull: &#8221;Tr\u00e5kigt&#8221;"},"content":{"rendered":"<p><strong>Djurg\u00e5rden spelade p\u00e5 l\u00f6rdagen sin efterl\u00e4ngtade SHL-premi\u00e4r mot Skellefte\u00e5.<\/strong><br \/><strong>F\u00f6rutom tifo passade Djurg\u00e5rden \u00e4ven p\u00e5 att protestera mot SHL:s nyfunna samarbete med Red Bull.<\/strong><br \/><strong>Nu svarar SHL:s vd Jenny Silfverstrand.<\/strong><br \/><strong>\u2013\u00a0Det var lite f\u00f6rv\u00e4ntat att det skulle ske, men det \u00e4r \u00e4nd\u00e5 tr\u00e5kigt, s\u00e4ger hon till Hockeysverige.<\/strong><\/p>\n<p><img loading=\"lazy\" decoding=\"async\" width=\"1024\" height=\"658\" src=\"https:\/\/www.europesays.com\/se\/wp-content\/uploads\/2025\/09\/Jenny-red-bull-1024x658.webp.webp\" alt=\"\" class=\"wp-image-303328\"  \/>Jenny Silfverstrand om Djurg\u00e5rdens budskapsbanderoller.<br \/>Foto: Bildbyr\u00e5n och Konrad Gr\u00f6nlund<\/p>\n<p><a href=\"https:\/\/hockeysverige.se\/klubb\/djurgardens-if-hockey\" rel=\"nofollow noopener\" target=\"_blank\">Djurg\u00e5rdens<\/a> supportrar var f\u00f6rst under premi\u00e4rhelgen i <a href=\"https:\/\/hockeysverige.se\/shl\" rel=\"nofollow noopener\" target=\"_blank\">SHL<\/a> att visa sitt missn\u00f6je mot SHL:s nyfunna samarbete med Red Bull. Detta genom tv\u00e5 banderoller under ett powerbreak i den f\u00f6rsta perioden av SHL-premi\u00e4ren mellan Djurg\u00e5rden och <a href=\"https:\/\/hockeysverige.se\/klubb\/skelleftea-aik\" rel=\"nofollow noopener\" target=\"_blank\">Skellefte\u00e5 AIK.<\/a><\/p>\n<p>\u201dI svensk idrott flyger inte tjurar \u2013 riv upp avtalet med Red Bull\u201d, stod det.<\/p>\n<p>P\u00e5 plats under premi\u00e4rmatchen, som ramades in av bra supportertryck fr\u00e5n b\u00e5da h\u00e5ll p\u00e5 ett fullsatt Hovet, var SHL:s vd Jenny Silfverstrand.<\/p>\n<p>F\u00f6r Hockeysverige ger hon sin reaktion p\u00e5 Djurg\u00e5rdens banderoller.<\/p>\n<p>\u2013\u00a0Det var lite f\u00f6rv\u00e4ntat att det skulle ske, men det \u00e4r \u00e4nd\u00e5 tr\u00e5kigt. Att det \u00e4r en s\u00e5n stor och h\u00e4ftig premi\u00e4rmatch och det \u00e4r det som \u00e4r i fokus. Vi har varit ganska tydliga tycker jag med vad samarbetet g\u00e4ller. S\u00e5 det var tr\u00e5kigt, men det var \u00e4nd\u00e5 v\u00e4ntat, s\u00e4ger hon.<\/p>\n<p>Hockeysupporterunionen och flera supporterklubbar har tydligt tagit avst\u00e5nd mot samarbetet tidigare. Flera protestaktioner \u00e4r d\u00e4rmed f\u00f6rmodligen bara att v\u00e4nta fram\u00f6ver.<\/p>\n<p>HV71 fyllde p\u00e5: \u201dL\u00e4nge leve 51%-regeln\u201d<\/p>\n<p>Mycket riktigt blev det fler protester under premi\u00e4romg\u00e5ngen. <\/p>\n<p>Senare under kv\u00e4llen, n\u00e4r HV71 tog emot \u00d6rebro i J\u00f6nk\u00f6ping, visade man inte bara upp ett tifo p\u00e5 l\u00e4ktaren, utan \u00e4ven ett tydligt budskap. <\/p>\n<p>\u201dL\u00e4nge leve 51%-regeln \u2013 Fuck off Red Bull\u201d<\/p>\n<p>Bakgrund \u2013 d\u00e4rf\u00f6r \u00e4r samarbetet omdiskuterat<\/p>\n<p>Red Bull:s samarbete med svensk hockey kommer i en tid d\u00e4r det stora energidrycksf\u00f6retaget st\u00e4ndigt expanderar sitt multiklubbsimperium runt om i v\u00e4rlden. S\u00e5 v\u00e4l i hockey som fotboll \u00e4ger det \u00f6sterrikiska storbolaget flera klubbar, och har tidigare tagit \u00f6ver f\u00f6reningar i kris s\u00e5 v\u00e4l i Tyskland som \u00d6sterrike. <\/p>\n<p>D\u00e4refter har de bytt identitet och klubbm\u00e4rke p\u00e5 dessa f\u00f6reningar.<\/p>\n<p>Samarbetet med den svenska hockeyligan inneb\u00e4r att f\u00f6retaget ska vara en partner som syns i reklamsammanhang, i sociala medier och p\u00e5 spelarnas handdukar och vattenflaskor. <\/p>\n<p><img loading=\"lazy\" decoding=\"async\" width=\"1024\" height=\"658\" src=\"https:\/\/www.europesays.com\/se\/wp-content\/uploads\/2025\/09\/Hv71-red-bull-1024x658.webp.webp\" alt=\"\" class=\"wp-image-303374\"  \/>HV71-fansens banderoll under SHL-premi\u00e4ren. <strong>Foto: <\/strong>Hockeysverige.se\/Robin Olausson.<\/p>\n","protected":false},"excerpt":{"rendered":"Djurg\u00e5rden spelade p\u00e5 l\u00f6rdagen sin efterl\u00e4ngtade SHL-premi\u00e4r mot Skellefte\u00e5.F\u00f6rutom tifo passade Djurg\u00e5rden \u00e4ven p\u00e5 att protestera mot SHL:s&hellip;\n","protected":false},"author":2,"featured_media":29252,"comment_status":"","ping_status":"","sticky":false,"template":"","format":"standard","meta":{"footnotes":""},"categories":[68],"tags":[34,134,111,110,31,33,32,30,379],"class_list":{"0":"post-29251","1":"post","2":"type-post","3":"status-publish","4":"format-standard","5":"has-post-thumbnail","7":"category-sport","8":"tag-se","9":"tag-shl","10":"tag-sport","11":"tag-sports","12":"tag-svenska","13":"tag-sverige","14":"tag-sweden","15":"tag-swedish","16":"tag-top-article"},"share_on_mastodon":{"url":"","error":""},"_links":{"self":[{"href":"https:\/\/www.europesays.com\/se\/wp-json\/wp\/v2\/posts\/29251","targetHints":{"allow":["GET"]}}],"collection":[{"href":"https:\/\/www.europesays.com\/se\/wp-json\/wp\/v2\/posts"}],"about":[{"href":"https:\/\/www.europesays.com\/se\/wp-json\/wp\/v2\/types\/post"}],"author":[{"embeddable":true,"href":"https:\/\/www.europesays.com\/se\/wp-json\/wp\/v2\/users\/2"}],"replies":[{"embeddable":true,"href":"https:\/\/www.europesays.com\/se\/wp-json\/wp\/v2\/comments?post=29251"}],"version-history":[{"count":0,"href":"https:\/\/www.europesays.com\/se\/wp-json\/wp\/v2\/posts\/29251\/revisions"}],"wp:featuredmedia":[{"embeddable":true,"href":"https:\/\/www.europesays.com\/se\/wp-json\/wp\/v2\/media\/29252"}],"wp:attachment":[{"href":"https:\/\/www.europesays.com\/se\/wp-json\/wp\/v2\/media?parent=29251"}],"wp:term":[{"taxonomy":"category","embeddable":true,"href":"https:\/\/www.europesays.com\/se\/wp-json\/wp\/v2\/categories?post=29251"},{"taxonomy":"post_tag","embeddable":true,"href":"https:\/\/www.europesays.com\/se\/wp-json\/wp\/v2\/tags?post=29251"}],"curies":[{"name":"wp","href":"https:\/\/api.w.org\/{rel}","templated":true}]}}