{"id":292530,"date":"2026-06-30T20:23:08","date_gmt":"2026-06-30T20:23:08","guid":{"rendered":"https:\/\/www.europesays.com\/se\/292530\/"},"modified":"2026-06-30T20:23:08","modified_gmt":"2026-06-30T20:23:08","slug":"indiana-jones-skadisen-michael-byrne-dod","status":"publish","type":"post","link":"https:\/\/www.europesays.com\/se\/292530\/","title":{"rendered":"Indiana Jones-sk\u00e5disen Michael Byrne d\u00f6d"},"content":{"rendered":"<p>Uppdaterad 30 jun 2026 kl 22.09Publicerad 30 jun 2026 kl 21.57<\/p>\n<p>Michael Byrne \u00e4r d\u00f6d, skriver <a href=\"https:\/\/www.mirror.co.uk\/3am\/celebrity-news\/michael-byrne-dead-coronation-street-37367997\" rel=\"nofollow noopener\" target=\"_blank\">Mirror<\/a>.<\/p>\n<p>Sk\u00e5despelaren blev 82 \u00e5r.<\/p>\n<p>Byrne var mest k\u00e4nd som rollen som \u00f6verste Vogel i \u201dIndiana Jones och det sista korst\u00e5get\u201d.<\/p>\n<p>Senaste n\u00f6jesklippen fr\u00e5n Expressen.<img   alt=\"\"\/><\/p>\n<p>Michael Byrne och Alison Doody i \u201dIndiana Jones och det sista korst\u00e5get\u201d fr\u00e5n 1989.<\/p>\n<p>Foto: Imdb<\/p>\n<p>\u00d6ppna bild i helsk\u00e4rm<img loading=\"lazy\"   alt=\"\"\/><\/p>\n<p>Sean Connery och Harrison Ford under inspelningarna av \u201dIndiana Jones och det sista korst\u00e5get\u201d.<\/p>\n<p>Foto: EVA SERENY \/ SHUTTERSTOCK EDITORIAL\/LUCASFILM\/IBL<\/p>\n<p>\u00d6ppna bild i helsk\u00e4rm<\/p>\n<p>F\u00f6r britterna var sk\u00e5despelaren Michael Byrne troligen mest bekant f\u00f6r rollen som Ted Page i tv-l\u00e5ngk\u00f6raren \u201dCoronation Street\u201d mellan 2008 och 2010.<\/p>\n<p>Men f\u00f6r svenska tittare var det som den onde \u00f6verste Vogel i \u201dIndiana Jones och det sista korst\u00e5get\u201d han blev mest k\u00e4nd. Han hade ett minnesv\u00e4rt slagsm\u00e5l uppe p\u00e5 en stridsvagn med Indy i filmen, och n\u00e4r han gav Jones pappa (spelad av Sean Connery) \u00f6rfilar fick han h\u00f6ra:<\/p>\n<p>\u2013 Nazi-idioter som ni borde f\u00f6rs\u00f6ka l\u00e4sa b\u00f6cker i st\u00e4llet f\u00f6r att br\u00e4nna dem.<\/p>\n<p>Byrne medverkade ocks\u00e5 filmer som \u201dBraveheart\u201d, \u201dHarry Potter och D\u00f6dsrelikerna del 1\u201d, \u201d\u00d6rnn\u00e4stet\u201d, \u201dGangs of New York\u201d, \u201dApt Pupil\u201d och James Bond-rullen \u201dTomorrow Never Dies\u201d. Han var ocks\u00e5 med i tv-program som \u201dCasualty\u201d, \u201dA Touch of Frost\u201d och \u201dSharpe\u201d.<\/p>\n<p>Byrne har nu avlidit. Han blev 82 \u00e5r.<\/p>\n","protected":false},"excerpt":{"rendered":"Uppdaterad 30 jun 2026 kl 22.09Publicerad 30 jun 2026 kl 21.57 Michael Byrne \u00e4r d\u00f6d, skriver Mirror. Sk\u00e5despelaren&hellip;\n","protected":false},"author":2,"featured_media":292531,"comment_status":"","ping_status":"","sticky":false,"template":"","format":"standard","meta":{"footnotes":"","_share_on_mastodon":"0"},"categories":[67],"tags":[104,34,31,33,32,30,427,17623,105],"class_list":["post-292530","post","type-post","status-publish","format-standard","has-post-thumbnail","category-underhallning","tag-entertainment","tag-se","tag-svenska","tag-sverige","tag-sweden","tag-swedish","tag-topic-dodsfall","tag-topic-hollywood-skadespelare","tag-underhallning"],"share_on_mastodon":{"url":"https:\/\/pubeurope.com\/@se\/116840930162078143","error":""},"_links":{"self":[{"href":"https:\/\/www.europesays.com\/se\/wp-json\/wp\/v2\/posts\/292530","targetHints":{"allow":["GET"]}}],"collection":[{"href":"https:\/\/www.europesays.com\/se\/wp-json\/wp\/v2\/posts"}],"about":[{"href":"https:\/\/www.europesays.com\/se\/wp-json\/wp\/v2\/types\/post"}],"author":[{"embeddable":true,"href":"https:\/\/www.europesays.com\/se\/wp-json\/wp\/v2\/users\/2"}],"replies":[{"embeddable":true,"href":"https:\/\/www.europesays.com\/se\/wp-json\/wp\/v2\/comments?post=292530"}],"version-history":[{"count":0,"href":"https:\/\/www.europesays.com\/se\/wp-json\/wp\/v2\/posts\/292530\/revisions"}],"wp:featuredmedia":[{"embeddable":true,"href":"https:\/\/www.europesays.com\/se\/wp-json\/wp\/v2\/media\/292531"}],"wp:attachment":[{"href":"https:\/\/www.europesays.com\/se\/wp-json\/wp\/v2\/media?parent=292530"}],"wp:term":[{"taxonomy":"category","embeddable":true,"href":"https:\/\/www.europesays.com\/se\/wp-json\/wp\/v2\/categories?post=292530"},{"taxonomy":"post_tag","embeddable":true,"href":"https:\/\/www.europesays.com\/se\/wp-json\/wp\/v2\/tags?post=292530"}],"curies":[{"name":"wp","href":"https:\/\/api.w.org\/{rel}","templated":true}]}}