{"id":292615,"date":"2026-06-30T23:07:14","date_gmt":"2026-06-30T23:07:14","guid":{"rendered":"https:\/\/www.europesays.com\/se\/292615\/"},"modified":"2026-06-30T23:07:14","modified_gmt":"2026-06-30T23:07:14","slug":"stjarnparets-miss-infor-topphemliga-brollopet","status":"publish","type":"post","link":"https:\/\/www.europesays.com\/se\/292615\/","title":{"rendered":"Stj\u00e4rnparets miss \u2013 inf\u00f6r topphemliga br\u00f6llopet"},"content":{"rendered":"<p>Publicerad 30 jun 2026 kl 22.17<\/p>\n<p>Snart ringer kyrkklockorna f\u00f6r Taylor Swift och Travis Kelce.<\/p>\n<p>Inf\u00f6r br\u00f6llopet har g\u00e4sterna f\u00e5tt skriva p\u00e5 ett sekretessavtal.<\/p>\n<p>Men enligt <a href=\"https:\/\/www.tmz.com\/2026\/06\/30\/taylor-swift-travis-kelce-wedding-celebration-nda-details\/\" rel=\"nofollow noopener\" target=\"_blank\">TMZ<\/a> saknas en viktig detalj.<\/p>\n<p><img   alt=\"\"\/><\/p>\n<p>Taylor Swift och Travis Kelce f\u00f6rlovade sig i augusti i fjol.<\/p>\n<p>Foto: CHARLIE RIEDEL  \/AP\/TT \/ AP TT NYHETSBYR\u00c5N<\/p>\n<p>\u00d6ppna bild i helsk\u00e4rm<img loading=\"lazy\"   alt=\"\"\/><\/p>\n<p>Taylor Swift och Travis Kelce har varit ett par sedan sommaren 2023.<\/p>\n<p>Foto: MediaPunch \/ action press \/ MediaPunch<\/p>\n<p>\u00d6ppna bild i helsk\u00e4rm<\/p>\n<p>Popstj\u00e4rnan <a href=\"https:\/\/www.expressen.se\/tagg\/person\/taylor-swift\/\" class=\"\" rel=\"nofollow noopener\" target=\"_blank\">Taylor Swift<\/a> och amerikanske fotbollsstj\u00e4rnan Travis Kelce har varit f\u00e5ordiga om sitt br\u00f6llop.<\/p>\n<p>Och detsamma g\u00e4ller g\u00e4sterna. De drygt 1\u00a0000 inbjudna har alla tvingats skriva p\u00e5 ett sekretessavtal om att h\u00e5lla tyst, enligt amerikanska medier.<\/p>\n<p>Men kontraktet saknar t\u00e4nder.<\/p>\n<p>Avtalet inneh\u00e5ller inte n\u00e5gon slags ekonomisk straffavgift eller annan p\u00e5f\u00f6ljd om det bryts, uppger k\u00e4llor med insyn till n\u00f6jessajten TMZ.<\/p>\n<p>Teorin: D\u00e5 gifter de sig<\/p>\n<p>Varje inbjudan \u00e4r dock m\u00e4rkt med ett individuellt vattenm\u00e4rke \u2013 med g\u00e4stens f\u00f6r- och efternamn. S\u00e5 \u00e4ven om det inte kostar pengar att bryta mot avtalet finns det en risk f\u00f6r g\u00e4sten att bli oinbjuden, enligt TMZ.<\/p>\n<p>Enligt k\u00e4llorna har g\u00e4sterna dessutom inte skrivit p\u00e5 n\u00e5got avtal om att f\u00e5 vara med p\u00e5 film. Det g\u00f6r tidigare spekulationer om en lives\u00e4ndning eller dokument\u00e4rinspelning fr\u00e5n br\u00f6llopet mindre troliga.<\/p>\n<p>Det \u00e4r oklart n\u00e4r br\u00f6llopet \u00e4ger rum.\u00a0<\/p>\n<p>En teori \u00e4r att br\u00f6llopet ska \u00e4ga rum i Madison Square Garden p\u00e5 l\u00f6rdag, rapporterar <a href=\"https:\/\/www.bbc.com\/news\/articles\/cy73e5xek8xo\" rel=\"nofollow noopener\" target=\"_blank\">BBC<\/a> och <a href=\"https:\/\/www.nytimes.com\/2026\/06\/24\/nyregion\/taylor-swift-wedding-madison-square-garden.html?eafs_enabled=false\" rel=\"nofollow noopener\" target=\"_blank\">New York Times<\/a>. Detta efter att ett tillst\u00e5nd l\u00e4mnats in f\u00f6r att st\u00e4nga gatorna runt arenan den 2 till 4 juli.\u00a0<\/p>\n","protected":false},"excerpt":{"rendered":"Publicerad 30 jun 2026 kl 22.17 Snart ringer kyrkklockorna f\u00f6r Taylor Swift och Travis Kelce. Inf\u00f6r br\u00f6llopet har&hellip;\n","protected":false},"author":2,"featured_media":292616,"comment_status":"","ping_status":"","sticky":false,"template":"","format":"standard","meta":{"footnotes":"","_share_on_mastodon":"0"},"categories":[67],"tags":[104,776,2316,34,55,31,33,32,30,401,105],"class_list":["post-292615","post","type-post","status-publish","format-standard","has-post-thumbnail","category-underhallning","tag-entertainment","tag-person-taylor-swift","tag-person-travis-kelce","tag-se","tag-sections-varlden","tag-svenska","tag-sverige","tag-sweden","tag-swedish","tag-topic-brollop","tag-underhallning"],"share_on_mastodon":{"url":"https:\/\/pubeurope.com\/@se\/116841575001784777","error":""},"_links":{"self":[{"href":"https:\/\/www.europesays.com\/se\/wp-json\/wp\/v2\/posts\/292615","targetHints":{"allow":["GET"]}}],"collection":[{"href":"https:\/\/www.europesays.com\/se\/wp-json\/wp\/v2\/posts"}],"about":[{"href":"https:\/\/www.europesays.com\/se\/wp-json\/wp\/v2\/types\/post"}],"author":[{"embeddable":true,"href":"https:\/\/www.europesays.com\/se\/wp-json\/wp\/v2\/users\/2"}],"replies":[{"embeddable":true,"href":"https:\/\/www.europesays.com\/se\/wp-json\/wp\/v2\/comments?post=292615"}],"version-history":[{"count":0,"href":"https:\/\/www.europesays.com\/se\/wp-json\/wp\/v2\/posts\/292615\/revisions"}],"wp:featuredmedia":[{"embeddable":true,"href":"https:\/\/www.europesays.com\/se\/wp-json\/wp\/v2\/media\/292616"}],"wp:attachment":[{"href":"https:\/\/www.europesays.com\/se\/wp-json\/wp\/v2\/media?parent=292615"}],"wp:term":[{"taxonomy":"category","embeddable":true,"href":"https:\/\/www.europesays.com\/se\/wp-json\/wp\/v2\/categories?post=292615"},{"taxonomy":"post_tag","embeddable":true,"href":"https:\/\/www.europesays.com\/se\/wp-json\/wp\/v2\/tags?post=292615"}],"curies":[{"name":"wp","href":"https:\/\/api.w.org\/{rel}","templated":true}]}}