{"id":29306,"date":"2025-09-13T18:14:14","date_gmt":"2025-09-13T18:14:14","guid":{"rendered":"https:\/\/www.europesays.com\/se\/29306\/"},"modified":"2025-09-13T18:14:14","modified_gmt":"2025-09-13T18:14:14","slug":"eklund-nobbade-shl-anbuden-bra-erbjudanden","status":"publish","type":"post","link":"https:\/\/www.europesays.com\/se\/29306\/","title":{"rendered":"Eklund nobbade SHL-anbuden: &#8221;Bra erbjudanden&#8221;"},"content":{"rendered":"<p><strong>Victor Eklund nobbade bra SHL-anbud i vintras f\u00f6r att i st\u00e4llet stanna i Djurg\u00e5rden.<br \/>I dag f\u00e5r storl\u00f6ftet SHL-debutera med klubben som betyder allra mest f\u00f6r honom.<br \/>\u2013 Djurg\u00e5rden betyder allt, s\u00e4ger Eklund till Hockeysverige.se.<\/strong><\/p>\n<p><img loading=\"lazy\" decoding=\"async\" width=\"1024\" height=\"658\" src=\"https:\/\/www.europesays.com\/se\/wp-content\/uploads\/2025\/09\/VE250913-1024x658.webp.webp\" alt=\"Victor Eklund\" class=\"wp-image-303246\"  \/>Victor Eklund.<br \/><strong>Foto:<\/strong> Bildbyr\u00e5n<\/p>\n<p>STOCKHOLM (HOCKEYSVERIGE.SE)<\/p>\n<p><a href=\"https:\/\/hockeysverige.se\/spelare\/victor-eklund\/\" rel=\"nofollow noopener\" target=\"_blank\">Victor Eklund<\/a> var en av hela hockey-Sveriges mest omtalade talanger under f\u00f6rra s\u00e4songen. Som 17-\u00e5ring slog han sig in i <a href=\"https:\/\/hockeysverige.se\/klubb\/djurgardens-if-hockey\/\" rel=\"nofollow noopener\" target=\"_blank\">Djurg\u00e5rden<\/a> och hade redan innan sin 18-\u00e5rsdag hunnit g\u00f6ra avtryck i <a href=\"https:\/\/hockeysverige.se\/hockeyallsvenskan\/\" rel=\"nofollow noopener\" target=\"_blank\">Hockeyallsvenskan<\/a>.<\/p>\n<p>I slut\u00e4ndan var Eklund en framtr\u00e4dande spelare i Djurg\u00e5rden under s\u00e4songen som klubben s\u00e4krade sitt avancemang till SHL. Storl\u00f6ftets framfart gick s\u00e5 klart inte klubbarna i SHL f\u00f6rbi och 18-\u00e5ringen var ett hett villebr\u00e5d p\u00e5 <a href=\"https:\/\/hockeysverige.se\/shl\/\" rel=\"nofollow noopener\" target=\"_blank\">SHL<\/a>-marknaden under fjol\u00e5ret.<\/p>\n<p>F\u00f6r Hockeysverige.se bekr\u00e4ftar Eklund att han hade bra erbjudanden p\u00e5 bordet att ta st\u00e4llning till.<\/p>\n<p>\u2013 Det var n\u00e5gra SHL-klubbar som drog i mig, helt klart. Det var j\u00e4ttebra klubbar som kom med bra erbjudanden, men innerst inne var det n\u00e5got som inte var r\u00e4tt. F\u00f6r mig \u00e4r det bara Djurg\u00e5rden som g\u00e4ller, s\u00e4ger Eklund till Hockeysverige.se.<\/p>\n<p>Enkelt beslut att stanna: \u201dIngen tvekan\u201d<\/p>\n<p>I mars fattade Eklund beslutet att stanna i Djurg\u00e5rden och f\u00f6rl\u00e4ngde sitt kontrakt med klubben \u2013 oavsett vilken division som Djurg\u00e5rden skulle spela i s\u00e4songen 2025\/26.<\/p>\n<p>\u2013 Jag \u00e4lskar Djurg\u00e5rden och ville stanna kvar i Stockholm. Det var ingen tvekan f\u00f6r mig, oavsett om det hade blivit SHL eller Hockeyallsvenskan. Det \u00e4r i Djurg\u00e5rden jag vill spela, s\u00e4ger han.<\/p>\n<p>Att Victor Eklund har en stark Djurg\u00e5rdskoppling \u00e4r inget \u00f6verdrivet p\u00e5st\u00e5ende. Pappa Christian \u201dFimpen\u201d Eklund \u00e4r en profil i klubben och gjorde \u00f6ver 500 t\u00e4vlingsmatcher f\u00f6r klubben under sin karri\u00e4r, medan storebror <a href=\"https:\/\/hockeysverige.se\/spelare\/william-eklund\/\" rel=\"nofollow noopener\" target=\"_blank\">William Eklund<\/a> tog SHL med storm som junior och hann med tre s\u00e4songer i SHL med klubben innan han l\u00e4mnade f\u00f6r spel i Nordamerika och San Jose Sharks.<\/p>\n<p>Nu f\u00e5r \u00e4ven Victor Eklund chansen att spela SHL-hockey i klubben som betyder mest f\u00f6r honom.<\/p>\n<p>\u2013 Djurg\u00e5rden betyder allt. Att f\u00e5 ta upp Djurg\u00e5rden till SHL betyder hur mycket som helst och att nu f\u00e5 spela och testa p\u00e5 den h\u00e4r niv\u00e5n \u00e4r bara otroligt roligt. Jag har sett b\u00e5de pappa och brorsan g\u00f6ra det, s\u00e5 jag \u00e4r sjukt taggad. Jag kan inte v\u00e4nta p\u00e5 att det ska dra i g\u00e5ng, s\u00e4ger Eklund.<\/p>\n<p><img loading=\"lazy\" decoding=\"async\" width=\"1024\" height=\"658\" src=\"https:\/\/www.europesays.com\/se\/wp-content\/uploads\/2025\/09\/250909EW015-1024x658.webp.webp\" alt=\"Victor Eklund\" class=\"wp-image-303259\"  \/>Victor Eklund.<br \/><strong>Foto:<\/strong> Emma Wallskog\/Bildbyr\u00e5n<\/p>\n<p>Har skrivit NHL-kontrakt med Islanders<\/p>\n<p>\u00c4ven <a href=\"https:\/\/hockeysverige.se\/nhl\/\" rel=\"nofollow noopener\" target=\"_blank\">NHL<\/a>-klubbarna f\u00f6ljde Eklunds framfart noggrant f\u00f6rra s\u00e4songen och inf\u00f6r draften var Djurg\u00e5rdsforwarden en av svenskarna som rankades h\u00f6gst bakom lagkompisen <a href=\"https:\/\/hockeysverige.se\/spelare\/anton-frondell\/\" rel=\"nofollow noopener\" target=\"_blank\">Anton Frondell<\/a>, som valdes som tredje spelare totalt av <a href=\"https:\/\/hockeysverige.se\/klubb\/chicago-blackhawks\/\" rel=\"nofollow noopener\" target=\"_blank\">Chicago Blackhawks<\/a>. Som 16:e spelare valdes Eklund av <a href=\"https:\/\/hockeysverige.se\/klubb\/new-york-islanders\/\" rel=\"nofollow noopener\" target=\"_blank\">New York Islanders<\/a>.<\/p>\n<p>\u2013 Det var roligt att f\u00e5 \u00e5ka till Los Angeles och vara med p\u00e5 draften. Det \u00e4r en fin stad d\u00e4r jag aldrig varit tidigare, s\u00e5 det var en h\u00e4ftig upplevelse. Draften var ocks\u00e5 rolig, s\u00e5 klart. Det var roligt att hamna i Islanders och det verkar vara ett bra st\u00e4lle att vara p\u00e5, s\u00e4ger Eklund.<\/p>\n<p>18-\u00e5ringen har redan hunnit bekanta sig med NHL-klubben, d\u00e5 han i somras skrev kontrakt med klubben och deltog p\u00e5 Islanders utvecklingsl\u00e4ger.<\/p>\n<p>\u2013 Det var kul att f\u00e5 tr\u00e4ffa hela organisationen. Vi hade middag med alla tr\u00e4nare och klubbens general manager (Mathieu Darche) och s\u00e5 d\u00e4r. Det var h\u00e4ftigt. Det ska bli kul att se vad som h\u00e4nder d\u00e4r fram\u00f6ver.<\/p>\n<p>Victor Eklund nobbade NHL-l\u00e4gret<\/p>\n<p>Eklund var inte den enda hajpade talangen som Islanders lyckades l\u00e4gga vantarna p\u00e5 i sommarens draft. NHL-klubben hade \u00e4ven f\u00f6rm\u00e5nen att v\u00e4lja som f\u00f6rsta lag i draften, varp\u00e5 man tingade supertalangen <a href=\"https:\/\/hockeysverige.se\/spelare\/matthew-schaefer\/\" rel=\"nofollow noopener\" target=\"_blank\">Matthew Schaefer<\/a> vars f\u00f6rhoppningar \u00e4r att han ska spela en stor roll i framtida lagbyggen p\u00e5 Long Island.<\/p>\n<p>\u2013 Han \u00e4r duktig, helt klart. Han blev f\u00f6rstavalet av en anledning och \u00e4r en otroligt bra spelare. Det kommer att bli en riktigt, riktigt bra spelare, s\u00e4ger Eklund.<\/p>\n<p>Som kontrakterad av Islanders hade Victor Eklund m\u00f6jligheten att \u00e5ka \u00f6ver p\u00e5 klubbens tr\u00e4ningsl\u00e4ger under h\u00f6sten f\u00f6r att f\u00f6rs\u00f6ka sl\u00e5 sig in i NHL-laget. Det var dock en m\u00f6jlighet som 18-\u00e5ringen valde att avst\u00e5.<\/p>\n<p>\u2013 Jag vill ha en hel s\u00e4song i Djurg\u00e5rden. Jag hade kunnat \u00e5ka \u00f6ver p\u00e5 l\u00e4gret och s\u00e4kert kunnat f\u00e5 n\u00e5gon match i NHL om jag hade haft tur, men n\u00e4r tr\u00e4ningsl\u00e4gret v\u00e4l \u00e4r klart har det g\u00e5tt sju-\u00e5tta matcher h\u00e4r i SHL. D\u00e5 kan det bli tufft n\u00e4r man v\u00e4l kommer tillbaka med att hitta sin plats i laget och s\u00e5 d\u00e4r. Jag tycker inte att det var v\u00e4rt det, utan jag valde att stanna h\u00e4r och f\u00f6rb\u00e4ttra mina chanser att spela med Djurg\u00e5rden.<\/p>\n<p><img loading=\"lazy\" decoding=\"async\" width=\"1024\" height=\"658\" src=\"https:\/\/www.europesays.com\/se\/wp-content\/uploads\/2025\/09\/3BMN5TN-1024x658.webp.webp\" alt=\"Victor Eklund\" class=\"wp-image-296593\"  \/>Victor Eklund.<br \/><strong>Foto: <\/strong>Damian Dovarganes\/AP\/Alamy<\/p>\n<p>\u201dTycker man kan ha ganska h\u00f6ga f\u00f6rv\u00e4ntningar p\u00e5 oss\u201d<\/p>\n<p>Djurg\u00e5rden har inf\u00f6r \u00e5terkomsten till SHL f\u00f6rst\u00e4rkt laget med etablerade svenska spelare som <a href=\"https:\/\/hockeysverige.se\/spelare\/magnus-hellberg\/\" rel=\"nofollow noopener\" target=\"_blank\">Magnus Hellberg<\/a>, Philip Holm, <a href=\"https:\/\/hockeysverige.se\/spelare\/gustav-lindstrom\/\" rel=\"nofollow noopener\" target=\"_blank\">Gustav Lindstr\u00f6m<\/a>, samtidigt som sportchefen Niklas Wikeg\u00e5rd lockat till sig AHL-spelare i form av Charles Hudon, Jesse Yl\u00f6nen och Joe Snively. D\u00e4rtill har man tv\u00e5 av ligans allra mest sp\u00e4nnande talanger i form av Anton Frondell och Victor Eklund.<\/p>\n<p>En h\u00e4rlig blandning, menar Eklund.<\/p>\n<p>\u2013 Jag tycker att man kan ha ganska h\u00f6ga f\u00f6rv\u00e4ntningar p\u00e5 oss. Vi \u00e4r nykomlingar, men jag tror att vi kommer att kunna skaka ihop n\u00e5got bra. Importspelarna kommer att bli mer och mer vana vid den st\u00f6rre isen och bli b\u00e4ttre ju l\u00e4ngre s\u00e4songen g\u00e5r. Jag tror stenh\u00e5rt p\u00e5 den h\u00e4r gruppen, s\u00e4ger han.<\/p>\n<p><strong>Vilka kliv vill du sj\u00e4lv ta den h\u00e4r s\u00e4songen?<br \/><\/strong>\u2013 Framf\u00f6r allt vill jag l\u00e4ra mig mycket och komma in p\u00e5 den h\u00e4r niv\u00e5n p\u00e5 ett bra s\u00e4tt. Under f\u00f6rs\u00e4songen har man m\u00e4rkt direkt att det \u00e4r en niv\u00e5 upp, s\u00e5 jag vill bara anpassa mig s\u00e5 bra som m\u00f6jligt. D\u00e5 ska det h\u00e4r nog g\u00e5 bra.<\/p>\n<p>Under l\u00f6rdagen g\u00f6r Eklund sin SHL-debut i premi\u00e4rmatchen hemma mot <a href=\"https:\/\/hockeysverige.se\/klubb\/skelleftea-aik\/\" rel=\"nofollow noopener\" target=\"_blank\">Skellefte\u00e5<\/a>.<\/p>\n<p>\u2013 Jag f\u00f6rv\u00e4ntar mig en v\u00e4ldigt bra atmosf\u00e4r. Det ska bli sjukt kul och jag har saknat fulla l\u00e4ktare p\u00e5 Hovet. Det kommer att bli h\u00e4ftigt, s\u00e4ger Eklund.<\/p>\n<p>Eklund \u00e4r samtidigt befriande \u00e4rlig med hur d\u00e5lig koll han har p\u00e5 l\u00f6rdagens motst\u00e5nd.<\/p>\n<p>\u2013 Jag har d\u00e5lig koll p\u00e5 alla lag, s\u00e4ger Eklund och skrattar.<br \/>\u2013 Jag vet inte riktigt vad jag ska f\u00f6rv\u00e4nta mig. Jag t\u00e4nker v\u00e4l att vi ska h\u00e4nga dit n\u00e5gra puckar. Det \u00e4r s\u00e5 man vinner, t\u00e4nker jag.<\/p>\n<p>Ibland beh\u00f6ver det inte vara sv\u00e5rare \u00e4n s\u00e5.<\/p>\n","protected":false},"excerpt":{"rendered":"Victor Eklund nobbade bra SHL-anbud i vintras f\u00f6r att i st\u00e4llet stanna i Djurg\u00e5rden.I dag f\u00e5r storl\u00f6ftet SHL-debutera&hellip;\n","protected":false},"author":2,"featured_media":29307,"comment_status":"","ping_status":"","sticky":false,"template":"","format":"standard","meta":{"footnotes":""},"categories":[68],"tags":[34,133,134,111,110,31,33,32,30,355],"class_list":{"0":"post-29306","1":"post","2":"type-post","3":"status-publish","4":"format-standard","5":"has-post-thumbnail","7":"category-sport","8":"tag-se","9":"tag-second-news","10":"tag-shl","11":"tag-sport","12":"tag-sports","13":"tag-svenska","14":"tag-sverige","15":"tag-sweden","16":"tag-swedish","17":"tag-talang"},"share_on_mastodon":{"url":"","error":""},"_links":{"self":[{"href":"https:\/\/www.europesays.com\/se\/wp-json\/wp\/v2\/posts\/29306","targetHints":{"allow":["GET"]}}],"collection":[{"href":"https:\/\/www.europesays.com\/se\/wp-json\/wp\/v2\/posts"}],"about":[{"href":"https:\/\/www.europesays.com\/se\/wp-json\/wp\/v2\/types\/post"}],"author":[{"embeddable":true,"href":"https:\/\/www.europesays.com\/se\/wp-json\/wp\/v2\/users\/2"}],"replies":[{"embeddable":true,"href":"https:\/\/www.europesays.com\/se\/wp-json\/wp\/v2\/comments?post=29306"}],"version-history":[{"count":0,"href":"https:\/\/www.europesays.com\/se\/wp-json\/wp\/v2\/posts\/29306\/revisions"}],"wp:featuredmedia":[{"embeddable":true,"href":"https:\/\/www.europesays.com\/se\/wp-json\/wp\/v2\/media\/29307"}],"wp:attachment":[{"href":"https:\/\/www.europesays.com\/se\/wp-json\/wp\/v2\/media?parent=29306"}],"wp:term":[{"taxonomy":"category","embeddable":true,"href":"https:\/\/www.europesays.com\/se\/wp-json\/wp\/v2\/categories?post=29306"},{"taxonomy":"post_tag","embeddable":true,"href":"https:\/\/www.europesays.com\/se\/wp-json\/wp\/v2\/tags?post=29306"}],"curies":[{"name":"wp","href":"https:\/\/api.w.org\/{rel}","templated":true}]}}