{"id":293626,"date":"2026-07-02T00:17:13","date_gmt":"2026-07-02T00:17:13","guid":{"rendered":"https:\/\/www.europesays.com\/se\/293626\/"},"modified":"2026-07-02T00:17:13","modified_gmt":"2026-07-02T00:17:13","slug":"misstankt-skottlossning-i-malmo","status":"publish","type":"post","link":"https:\/\/www.europesays.com\/se\/293626\/","title":{"rendered":"Misst\u00e4nkt skottlossning i Malm\u00f6"},"content":{"rendered":"<p>Uppdaterad 2 jul 2026 kl 02.15Publicerad 2 jul 2026 kl 00.13<\/p>\n<p>En man har d\u00f6tt efter en skjutning i V\u00e4stra hamnen i Malm\u00f6 under onsdagskv\u00e4llen.<\/p>\n<p>\u2013 Jag h\u00f6rde tv\u00e5 skott, jag s\u00e5g en blodig man nere p\u00e5 gatan, s\u00e4ger en kvinna som bor i omr\u00e5det.<\/p>\n<p>Hon ber\u00e4ttar att hon s\u00e5g polisen b\u00e4ra in en skadad man i en polisbil.<\/p>\n<p><img   alt=\"\"\/><\/p>\n<p>Under onsdagskv\u00e4llen p\u00e5g\u00e5r en polisinsats i V\u00e4stra hamnen i Malm\u00f6.<\/p>\n<p>Foto: Mikael Nilsson \/ SBM<\/p>\n<p>\u00d6ppna bild i helsk\u00e4rm<\/p>\n<p>En stor polisinsats p\u00e5gick i V\u00e4stra hamnen i <a href=\"https:\/\/www.expressen.se\/tagg\/location\/malmo\/\" class=\"\" rel=\"nofollow noopener\" target=\"_blank\">Malm\u00f6<\/a> sent p\u00e5 onsdagskv\u00e4llen och natten till torsdagen. Boende i omr\u00e5det h\u00f6rde skottlossning och larmade polisen.<\/p>\n<p>Under natten till torsdag bekr\u00e4ftar polisen f\u00f6r TT att en man f\u00f6rdes till sjukhus efter skjutningen, men hans liv gick inte att r\u00e4dda.\u00a0<\/p>\n<p>\u2013 Vi satt och tittade p\u00e5 tv och h\u00f6rde pl\u00f6tsligt skottlossning. Jag tittade ut och s\u00e5g en man ligga blodig p\u00e5 gatan. Jag ringde polisen, klockan var 23:19, s\u00e4ger en kvinna som bor i omr\u00e5det.<\/p>\n<p>\u2013 Jag s\u00e5g poliser b\u00e4ra in en skadad man i en polisbil. De k\u00f6rde i v\u00e4g med honom, till akuten, antar jag. Det tog tio minuter innan ambulanser var p\u00e5 plats, s\u00e4ger hon.\u00a0<\/p>\n<p>\u201dOffret f\u00f6ll ihop p\u00e5 marken\u201d<\/p>\n<p>Skottlossningen \u00e4gde rum utomhus i korsningen Mastgr\u00e4nd\/Bomgatan i V\u00e4stra hamnen i Malm\u00f6, enligt kvinnan.<\/p>\n<p>Hon ber\u00e4ttar att hennes grannar, som befann sig n\u00e4rmare h\u00e4ndelserna, s\u00e5g exakt vad som h\u00e4nde.<\/p>\n<p>\u2013 V\u00e5r granne s\u00e5g en man som sk\u00f6t en annan man med tv\u00e5 skott. Offret f\u00f6ll ihop p\u00e5 marken, s\u00e4ger hon.<\/p>\n<p>En annan kvinna som bor i omr\u00e5det ger liknande vittnesuppgifter.<\/p>\n<p>\u2013 Jag h\u00f6rde tre skott. Folk gick ut p\u00e5 sina balkonger f\u00f6r att titta. Jag h\u00f6rde folk s\u00e4ga att man har skickat efter ambulans, s\u00e4ger hon och forts\u00e4tter:<\/p>\n<p>\u2013 Nu \u00e4r det fullt med poliser, ambulanser och dr\u00f6nare h\u00e4r. Mycket bl\u00e5ljus. Polisen har sp\u00e4rrat av omr\u00e5det och st\u00e5r och pratar med vittnen.<\/p>\n<p>Poliser hj\u00e4lpte en skadad<\/p>\n<p>Kvinnan som bor i omr\u00e5det s\u00e4ger att hon s\u00e5g poliser hj\u00e4lpa en person som troligen var skadad in i en polisbil.<\/p>\n<p>\u2013 Det s\u00e5g ut som att poliserna tog hand om en person som var skadad. Inte som att de grep honom. Polisbilen k\u00f6rde i v\u00e4g med honom, det var tio minuter innan ambulanser kom, s\u00e4ger hon.<\/p>\n<p>Hon ber\u00e4ttar att m\u00e5nga m\u00e4nniskor nu st\u00e5r vid avsp\u00e4rrningarna och f\u00f6ljer h\u00e4ndelserna.\u00a0<\/p>\n<p>Expressen s\u00f6ker polisen i Malm\u00f6.<\/p>\n","protected":false},"excerpt":{"rendered":"Uppdaterad 2 jul 2026 kl 02.15Publicerad 2 jul 2026 kl 00.13 En man har d\u00f6tt efter en skjutning&hellip;\n","protected":false},"author":2,"featured_media":293627,"comment_status":"","ping_status":"","sticky":false,"template":"","format":"standard","meta":{"footnotes":"","_share_on_mastodon":"0"},"categories":[5],"tags":[22,23,26,27,17,21,24,25,2211,28,29,15,16,18,34,31,33,32,30,19,20],"class_list":["post-293626","post","type-post","status-publish","format-standard","has-post-thumbnail","category-rubriker","tag-breaking-news","tag-breakingnews","tag-featured-news","tag-featurednews","tag-headlines","tag-huvudnyheter","tag-latest-news","tag-latestnews","tag-location-malmo","tag-main-news","tag-mainnews","tag-news","tag-nyheter","tag-rubriker","tag-se","tag-svenska","tag-sverige","tag-sweden","tag-swedish","tag-top-stories","tag-topstories"],"share_on_mastodon":{"url":"https:\/\/pubeurope.com\/@se\/116847512554891950","error":""},"_links":{"self":[{"href":"https:\/\/www.europesays.com\/se\/wp-json\/wp\/v2\/posts\/293626","targetHints":{"allow":["GET"]}}],"collection":[{"href":"https:\/\/www.europesays.com\/se\/wp-json\/wp\/v2\/posts"}],"about":[{"href":"https:\/\/www.europesays.com\/se\/wp-json\/wp\/v2\/types\/post"}],"author":[{"embeddable":true,"href":"https:\/\/www.europesays.com\/se\/wp-json\/wp\/v2\/users\/2"}],"replies":[{"embeddable":true,"href":"https:\/\/www.europesays.com\/se\/wp-json\/wp\/v2\/comments?post=293626"}],"version-history":[{"count":0,"href":"https:\/\/www.europesays.com\/se\/wp-json\/wp\/v2\/posts\/293626\/revisions"}],"wp:featuredmedia":[{"embeddable":true,"href":"https:\/\/www.europesays.com\/se\/wp-json\/wp\/v2\/media\/293627"}],"wp:attachment":[{"href":"https:\/\/www.europesays.com\/se\/wp-json\/wp\/v2\/media?parent=293626"}],"wp:term":[{"taxonomy":"category","embeddable":true,"href":"https:\/\/www.europesays.com\/se\/wp-json\/wp\/v2\/categories?post=293626"},{"taxonomy":"post_tag","embeddable":true,"href":"https:\/\/www.europesays.com\/se\/wp-json\/wp\/v2\/tags?post=293626"}],"curies":[{"name":"wp","href":"https:\/\/api.w.org\/{rel}","templated":true}]}}