{"id":293810,"date":"2026-07-02T06:34:08","date_gmt":"2026-07-02T06:34:08","guid":{"rendered":"https:\/\/www.europesays.com\/se\/293810\/"},"modified":"2026-07-02T06:34:08","modified_gmt":"2026-07-02T06:34:08","slug":"kandisparet-taylor-swift-och-travis-kelces-brollop-inleds","status":"publish","type":"post","link":"https:\/\/www.europesays.com\/se\/293810\/","title":{"rendered":"K\u00e4ndisparet Taylor Swift och Travis Kelces br\u00f6llop inleds"},"content":{"rendered":"<p>Publicerad 2 jul 2026 kl 08.21<\/p>\n<p>En k\u00e4lla inom New Yorks polis bekr\u00e4ftar \u2013 Taylor Swift och Travis Kelce inleder sitt br\u00f6llopsfirande i Madison Square Garden i dag. H\u00e4r \u00e4r vad vi vet och vad det spekuleras om.<\/p>\n<p><img   alt=\"\"\/><\/p>\n<p>S\u00e4kerheten utanf\u00f6r arenan.<\/p>\n<p>Foto: JOHN MARSHALL MANTEL \/ STELLA PICTURES<\/p>\n<p>\u00d6ppna bild i helsk\u00e4rm<img loading=\"lazy\"   alt=\"\"\/><\/p>\n<p>Avsp\u00e4rrningarna utanf\u00f6r arenan.<\/p>\n<p>Foto: JOHN MARSHALL MANTEL \/ STELLA PICTURES<\/p>\n<p>\u00d6ppna bild i helsk\u00e4rm<img loading=\"lazy\"   alt=\"\"\/> <\/p>\n<p>Foto: CHARLIE RIEDEL \/ AP TT NYHETSBYR\u00c5N<\/p>\n<p>\u00d6ppna bild i helsk\u00e4rmDet h\u00e4r vet vi:\u00a0<\/p>\n<p>En ans\u00f6kan har l\u00e4mnats in om att sp\u00e4rra av flera gator kring Madison Square Garden i New York f\u00f6r ett st\u00f6rre evenemang mellan den 2 och 4 juli.<\/p>\n<p>Under m\u00e5ndagen b\u00f6rjade truckar lasta in stora m\u00e4ngder teknisk utrustning i arenan och en r\u00f6d matta rullades ocks\u00e5 ut \u00f6ver en ent\u00e9trappa \u2013 men togs snabbt bort igen.<\/p>\n<p>Uppgifter:<\/p>\n<p>Enligt en anonym polisk\u00e4lla med insyn i s\u00e4kerhetsplaneringen inleds festligheterna med en mindre repetitionsmiddag planerad till torsdagskv\u00e4llen den 2 juli, med br\u00f6llopet planerat till fredagskv\u00e4llen den 3 juli, uppger k\u00e4llan till AP.<\/p>\n<p>Den 3 juli h\u00e5lls en st\u00f6rre br\u00f6llopsfest \u2013 med uppemot 1\u00a0000 g\u00e4ster. Enligt n\u00f6jessajten TMZ har de inbjudna tvingats skriva p\u00e5 sekretessavtal om att inte avsl\u00f6ja n\u00e5gonting om firandet.<\/p>\n<p>Platsen \u00e4r vald f\u00f6r att brudparet och deras v\u00e4nner ska garanteras s\u00e4kerhet och f\u00e5 vara i fred. Madison Square Garden har i princip inga f\u00f6nster p\u00e5 utsidan och det finns en entr\u00e9 med ramp som g\u00f6r det m\u00f6jligt att diskret f\u00f6ra in k\u00e4ndisar med bil.<\/p>\n<p>G\u00e4stlistan \u00e4r lika hemlig som allt annat kring br\u00f6llopet. Bland de namn som \u00e5terkommer i spekulationerna m\u00e4rks Gigi Hadid, Selena Gomez, Ed Sheeran, Zo\u00eb Kravitz, Suki Waterhouse och Sombr. Dessutom v\u00e4ntas Travis Kelces lagkompisar i Kansas City Chiefs vara med \u2013 flera av dem ska, enligt <a href=\"https:\/\/www.nytimes.com\/2026\/06\/24\/nyregion\/taylor-swift-wedding-madison-square-garden.html?eafs_enabled=false\" rel=\"nofollow noopener\" target=\"_blank\">New York Times<\/a>, ha bokat in sig p\u00e5 hotellet Marriott Marquis i n\u00e4rheten av arenan.<\/p>\n<p>Ryktena om artistupptr\u00e4dande<\/p>\n<p>Blir det n\u00e5gra artistframtr\u00e4danden? H\u00f6gst oklart, men rykten s\u00e4ger att Stevie Nicks fr\u00e5n Fleetwood Mac ska sjunga. <a href=\"https:\/\/www.bbc.com\/news\/articles\/c70yj1749j0o\" rel=\"nofollow noopener\" target=\"_blank\">BBC<\/a> konstaterar att det skulle f\u00f6rklara varf\u00f6r <a href=\"https:\/\/www.expressen.se\/tagg\/person\/taylor-swift\/\" class=\"\" rel=\"nofollow noopener\" target=\"_blank\">Taylor Swift<\/a> bar en t-shirt med namnet \u201dStevie Knicks\u201d vid en av basketlaget New York Knicks matcher f\u00f6r ett par veckor sedan. Andra pratar om countrystj\u00e4rnan Tim McGraw \u2013 och kanske, kanske Paul McCartney.<\/p>\n<p>Vad ska Swift ha p\u00e5 sig under br\u00f6llopet? F\u00f6rmodligen flera olika kl\u00e4nningar, enligt <a href=\"https:\/\/www.expressen.se\/noje\/kandisparet-taylor-swift-och-travis-kelces-brollop-inleds\/hollywoodreporter.com\/lifestyle\/style\/taylor-swift-wedding-dress-dior-jonathan-anderson-1236633178\/\" rel=\"nofollow noopener\" target=\"_blank\">Hollywood Reporter<\/a>, som gissar att ett av Swifts favoritm\u00e4rken Monse har sytt upp ett par alternativ. Men den \u201driktiga\u201d br\u00f6llopskl\u00e4nningen tros vara skapad av den nordirl\u00e4ndske modedesignern Jonathan Anderson hos Christian Dior.<\/p>\n<p>Det tr\u00e5kigaste ryktet \u00e4r m\u00f6jligen att Swift och Kelce inte alls gifter sig nu \u2013 eller att de redan \u00e4r gifta. <a href=\"https:\/\/www.theatlantic.com\/culture\/2026\/06\/taylor-swift-travis-kelce-wedding-rumor-mill\/687738\/\" rel=\"nofollow noopener\" target=\"_blank\">The Atlantic rapporterar om luttrade Swifties som<\/a> l\u00e4nge var \u00f6vertygade om att br\u00f6llopet skulle ske redan den 13 juni. Eftersom det datumet passerade sp\u00e5rl\u00f6st f\u00f6rbi kanske det h\u00e4r ocks\u00e5 g\u00f6r det.<\/p>\n","protected":false},"excerpt":{"rendered":"Publicerad 2 jul 2026 kl 08.21 En k\u00e4lla inom New Yorks polis bekr\u00e4ftar \u2013 Taylor Swift och Travis&hellip;\n","protected":false},"author":2,"featured_media":293811,"comment_status":"","ping_status":"","sticky":false,"template":"","format":"standard","meta":{"footnotes":"","_share_on_mastodon":"0"},"categories":[67],"tags":[104,776,2316,34,31,33,32,30,401,17578,105],"class_list":["post-293810","post","type-post","status-publish","format-standard","has-post-thumbnail","category-underhallning","tag-entertainment","tag-person-taylor-swift","tag-person-travis-kelce","tag-se","tag-svenska","tag-sverige","tag-sweden","tag-swedish","tag-topic-brollop","tag-topic-kandisnyheter","tag-underhallning"],"share_on_mastodon":{"url":"https:\/\/pubeurope.com\/@se\/116848994930421192","error":""},"_links":{"self":[{"href":"https:\/\/www.europesays.com\/se\/wp-json\/wp\/v2\/posts\/293810","targetHints":{"allow":["GET"]}}],"collection":[{"href":"https:\/\/www.europesays.com\/se\/wp-json\/wp\/v2\/posts"}],"about":[{"href":"https:\/\/www.europesays.com\/se\/wp-json\/wp\/v2\/types\/post"}],"author":[{"embeddable":true,"href":"https:\/\/www.europesays.com\/se\/wp-json\/wp\/v2\/users\/2"}],"replies":[{"embeddable":true,"href":"https:\/\/www.europesays.com\/se\/wp-json\/wp\/v2\/comments?post=293810"}],"version-history":[{"count":0,"href":"https:\/\/www.europesays.com\/se\/wp-json\/wp\/v2\/posts\/293810\/revisions"}],"wp:featuredmedia":[{"embeddable":true,"href":"https:\/\/www.europesays.com\/se\/wp-json\/wp\/v2\/media\/293811"}],"wp:attachment":[{"href":"https:\/\/www.europesays.com\/se\/wp-json\/wp\/v2\/media?parent=293810"}],"wp:term":[{"taxonomy":"category","embeddable":true,"href":"https:\/\/www.europesays.com\/se\/wp-json\/wp\/v2\/categories?post=293810"},{"taxonomy":"post_tag","embeddable":true,"href":"https:\/\/www.europesays.com\/se\/wp-json\/wp\/v2\/tags?post=293810"}],"curies":[{"name":"wp","href":"https:\/\/api.w.org\/{rel}","templated":true}]}}