{"id":29394,"date":"2025-09-13T20:21:55","date_gmt":"2025-09-13T20:21:55","guid":{"rendered":"https:\/\/www.europesays.com\/se\/29394\/"},"modified":"2025-09-13T20:21:55","modified_gmt":"2025-09-13T20:21:55","slug":"kvinna-i-malmo-overfallen-av-okand-man","status":"publish","type":"post","link":"https:\/\/www.europesays.com\/se\/29394\/","title":{"rendered":"Kvinna i Malm\u00f6 \u00f6verfallen av ok\u00e4nd man"},"content":{"rendered":"<p>Publicerad 13 sep 2025 kl 07.30Uppdaterad kl 16.04<\/p>\n<p>En kvinna i 40-\u00e5rs\u00e5ldern blev attackerad av en man i Malm\u00f6 sent p\u00e5 fredagskv\u00e4llen.\u00a0<\/p>\n<p>Flera personer ringde polisen efter att ha h\u00f6rt kvinnans rop p\u00e5 hj\u00e4lp.\u00a0<\/p>\n<p><img   alt=\"\"\/><\/p>\n<p>En kvinna i 40-\u00e5rs\u00e5ldern attackerades av en man i Malm\u00f6 sent p\u00e5 fredagskv\u00e4llen.<\/p>\n<p>Foto: Mikael Nilsson \/ SBM<\/p>\n<p>\u00d6ppna bild i helsk\u00e4rm<\/p>\n<p>Det var strax efter klockan 23 p\u00e5 fredagskv\u00e4llen som flera larm kom om en man som \u00f6verf\u00f6ll en kvinna i <a href=\"https:\/\/www.expressen.se\/tagg\/location\/malmo\/\" class=\"\" rel=\"nofollow noopener\" target=\"_blank\">Malm\u00f6<\/a>. Enligt kvinnan k\u00e4nde hon inte mannen som angrep henne.\u00a0<\/p>\n<p>\u2013 Det \u00e4r en kvinna som blivit \u00f6verfallen av en f\u00f6r henne ok\u00e4nd g\u00e4rningsman, s\u00e4ger Evelina Olsson, presstalesperson i polisregion Syd.<\/p>\n<p>\u00d6verfallet skedde mitt i ett bostadsomr\u00e5de.\u00a0<\/p>\n<p>\u2013 Allm\u00e4nheten har h\u00f6rt henne ropa p\u00e5 hj\u00e4lp och vi fick in flera larmsamtal fr\u00e5n olika personer, s\u00e4ger Evelina Olsson.<\/p>\n<p>Polisen har gripit en man i 35-\u00e5rs\u00e5ldern misst\u00e4nkt f\u00f6r mordf\u00f6rs\u00f6k. Mannen l\u00e4mnade platsen till fots men kunde gripas i n\u00e4romr\u00e5det. \u00a0<\/p>\n<p>Kvinnan f\u00f6rdes till sjukhuset skadad men talbar.\u00a0<\/p>\n<p>\u2013 Vi har kunnat h\u00e5lla f\u00f6rh\u00f6r med henne p\u00e5 sjukhus, s\u00e4ger Evelina Olsson.\u00a0<\/p>\n","protected":false},"excerpt":{"rendered":"Publicerad 13 sep 2025 kl 07.30Uppdaterad kl 16.04 En kvinna i 40-\u00e5rs\u00e5ldern blev attackerad av en man i&hellip;\n","protected":false},"author":2,"featured_media":29395,"comment_status":"","ping_status":"","sticky":false,"template":"","format":"standard","meta":{"footnotes":""},"categories":[5],"tags":[22,23,26,27,17,21,24,25,2211,3056,28,29,15,16,18,34,666,31,33,32,30,19,1496,710,20],"class_list":{"0":"post-29394","1":"post","2":"type-post","3":"status-publish","4":"format-standard","5":"has-post-thumbnail","7":"category-rubriker","8":"tag-breaking-news","9":"tag-breakingnews","10":"tag-featured-news","11":"tag-featurednews","12":"tag-headlines","13":"tag-huvudnyheter","14":"tag-latest-news","15":"tag-latestnews","16":"tag-location-malmo","17":"tag-location-skane","18":"tag-main-news","19":"tag-mainnews","20":"tag-news","21":"tag-nyheter","22":"tag-rubriker","23":"tag-se","24":"tag-sections-krim","25":"tag-svenska","26":"tag-sverige","27":"tag-sweden","28":"tag-swedish","29":"tag-top-stories","30":"tag-topic-misshandel-overfall","31":"tag-topic-raddningstjanst-raddningsinsats","32":"tag-topstories"},"share_on_mastodon":{"url":"","error":""},"_links":{"self":[{"href":"https:\/\/www.europesays.com\/se\/wp-json\/wp\/v2\/posts\/29394","targetHints":{"allow":["GET"]}}],"collection":[{"href":"https:\/\/www.europesays.com\/se\/wp-json\/wp\/v2\/posts"}],"about":[{"href":"https:\/\/www.europesays.com\/se\/wp-json\/wp\/v2\/types\/post"}],"author":[{"embeddable":true,"href":"https:\/\/www.europesays.com\/se\/wp-json\/wp\/v2\/users\/2"}],"replies":[{"embeddable":true,"href":"https:\/\/www.europesays.com\/se\/wp-json\/wp\/v2\/comments?post=29394"}],"version-history":[{"count":0,"href":"https:\/\/www.europesays.com\/se\/wp-json\/wp\/v2\/posts\/29394\/revisions"}],"wp:featuredmedia":[{"embeddable":true,"href":"https:\/\/www.europesays.com\/se\/wp-json\/wp\/v2\/media\/29395"}],"wp:attachment":[{"href":"https:\/\/www.europesays.com\/se\/wp-json\/wp\/v2\/media?parent=29394"}],"wp:term":[{"taxonomy":"category","embeddable":true,"href":"https:\/\/www.europesays.com\/se\/wp-json\/wp\/v2\/categories?post=29394"},{"taxonomy":"post_tag","embeddable":true,"href":"https:\/\/www.europesays.com\/se\/wp-json\/wp\/v2\/tags?post=29394"}],"curies":[{"name":"wp","href":"https:\/\/api.w.org\/{rel}","templated":true}]}}