{"id":294408,"date":"2026-07-02T17:33:10","date_gmt":"2026-07-02T17:33:10","guid":{"rendered":"https:\/\/www.europesays.com\/se\/294408\/"},"modified":"2026-07-02T17:33:10","modified_gmt":"2026-07-02T17:33:10","slug":"margaux-dietz-avslojande-om-karleken-var-min-advokat","status":"publish","type":"post","link":"https:\/\/www.europesays.com\/se\/294408\/","title":{"rendered":"Margaux Dietz avsl\u00f6jande om k\u00e4rleken: \u201dVar min advokat\u201d"},"content":{"rendered":"<p>Uppdaterad 2 jul 2026 kl 17.45Publicerad 2 jul 2026 kl 12.41<\/p>\n<p>Margaux Dietz blev mamma p\u00e5 nytt f\u00f6r ett \u00e5r sedan, och Expressen kunde avsl\u00f6ja att hennes nya k\u00e4rlek \u00e4r advokaten Slobodan Jovicic.\u00a0<\/p>\n<p>I podcasten \u201dMer \u00e4n bara morsa\u201d delar Dietz nu fler detaljer om pojkv\u00e4nnen.\u00a0<\/p>\n<p>\u2013 Det var ju ocks\u00e5 d\u00e4rf\u00f6r jag inte kunde ber\u00e4tta exakt vad som h\u00e4nde, s\u00e4ger hon i podcasten <a href=\"https:\/\/poddtoppen.se\/podcast\/1746060970\/mer-an-bara-morsa\" rel=\"nofollow noopener\" target=\"_blank\">\u201dMer \u00e4n bara morsa\u201d. <\/a>\u00a0<\/p>\n<p><img   alt=\"\"\/><\/p>\n<p>Margaux Dietz ber\u00e4ttar om nya k\u00e4rleken i \u201dMer \u00e4n bara morsa\u201d.<\/p>\n<p>Foto: Karin T\u00f6rnblom \/ IBL<\/p>\n<p>\u00d6ppna bild i helsk\u00e4rm<img loading=\"lazy\"   alt=\"\"\/><\/p>\n<p>I mars f\u00f6rra \u00e5ret kunde Expressen avsl\u00f6ja, enligt uppgifter, att hennes nya k\u00e4rlek \u00e4r Slobodan Jovicic.<\/p>\n<p>Foto: Fredrik Persson \/ TT NYHETSBYR\u00c5N<\/p>\n<p>\u00d6ppna bild i helsk\u00e4rm<\/p>\n<p>I mars f\u00f6rra \u00e5ret avsl\u00f6jade influencern <a href=\"https:\/\/www.expressen.se\/tagg\/person\/margaux-dietz\/\" class=\"\" rel=\"nofollow noopener\" target=\"_blank\">Margaux Dietz<\/a>, 35, att hon ska bli mamma p\u00e5 nytt. Sedan tidigare har hon sonen Arnold ihop med exet Jacob Liebermann.\u00a0<\/p>\n<p>P\u00e5 Snapchat sa hon:<\/p>\n<p>\u2013 Jag har aldrig varit s\u00e5 h\u00e4r taggad i hela mitt liv, jag \u00e4r s\u00e5 lycklig.<\/p>\n<p>Men vem den nya k\u00e4rleken, pappan till barnet var, ville hon h\u00e5lla f\u00f6r sig sj\u00e4lv. N\u00e5gra dagar efter gravidbeskedet kunde <a href=\"https:\/\/www.expressen.se\/noje\/han-ar-margaux-dietz-nya-karlek-livet-ar-pa-topp\/\" rel=\"nofollow noopener\" target=\"_blank\">Expressen d\u00e4remot avsl\u00f6ja hans identitet.<\/a>\u00a0<\/p>\n<p>Enligt uppgifter \u00e4r det advokaten Slobodan Jovicic.\u00a0<\/p>\n<p>Margaux Dietz ville inte kommentera uppgifterna och gav ett kryptiskt svar:\u00a0<\/p>\n<p>\u2013 Det \u00e4r v\u00e4ldigt sk\u00f6nt att ha mognat och f\u00e5 vara lite mer privat, sa hon till Expressen i slutet av mars.\u00a0<\/p>\n<p>Nu, mer \u00e4n ett \u00e5r senare, delar hon fler detaljer om partnern. Det g\u00f6r hon n\u00e4r hon g\u00e4star Kenza Zouiten Subosics och Ines Kokics podcast \u201dMer \u00e4n bara morsa\u201d.\u00a0<\/p>\n<p>S\u00e5 tr\u00e4ffade Margaux Dietz pojkv\u00e4nnen<\/p>\n<p>I podcasten ber\u00e4ttar Margaux Dietz att hon tr\u00e4ffade mannen under en tuff period i livet. Det var i samband med kritikstormen som riktades mot henne efter att hon postat en Youtubevideo d\u00e4r hon filmade en man som l\u00e5g utslagen utanf\u00f6r hennes l\u00e4genhetsd\u00f6rr. \u00a0<\/p>\n<p>Klippet ledde till en polisutredning d\u00e4r hon utreddes f\u00f6r olaga integritetsintr\u00e5ng, men den lades senare ner.\u00a0<\/p>\n<p>Den nya k\u00e4rleken var hennes advokat. Men det var inte s\u00e5 de tr\u00e4ffades.\u00a0<\/p>\n<p>\u2013 Egentligen har vi setts n\u00e5gra g\u00e5nger p\u00e5 gymmet. B\u00e4sta raggningsst\u00e4llet. Jag tycker verkligen det, s\u00e4ger Dietz i podcasten.<\/p>\n<p>Hon forts\u00e4tter:<\/p>\n<p>\u2013 Och sedan s\u00e5 var ju han faktiskt min advokat. Det var ju ocks\u00e5 d\u00e4rf\u00f6r jag inte kunde ber\u00e4tta exakt vad som h\u00e4nde. Jag fick ju inte s\u00e4ga n\u00e5gonting f\u00f6r att det skulle kunna bli \u201dett case\u201d, s\u00e4ger hon vidare och syftar p\u00e5 att det d\u00e5 var en p\u00e5g\u00e5ende polisutredning.\u00a0<\/p>\n<p>Blev mamma till en dotter<\/p>\n<p>I podcasten avsl\u00f6jar Dietz att hon och partnern blev f\u00f6r\u00e4ldrar till en dotter som f\u00f6ddes f\u00f6r elva m\u00e5nader sedan. Hon s\u00e4ger ocks\u00e5 att hon \u00e4r \u00f6ppen f\u00f6r fler barn.<\/p>\n<p>Dietz \u00e4r ocks\u00e5 \u00f6ppen f\u00f6r att \u00e5terg\u00e5 till jobbet som influencer.\u00a0<\/p>\n<p>Efter kritikstormen kring Youtubeklippet och efter att ha blivit tv\u00e5barnsmamma har hon tagit ett steg tillbaka fr\u00e5n offentligheten, men hon vill tillbaka.\u00a0<\/p>\n<p>Hennes kille \u00e4r d\u00e4remot inte lika \u00f6ppen f\u00f6r en comeback.\u00a0<\/p>\n<p>\u2013 Ja, han \u00e4r lite hemlig. Han gillar bara inte s\u00e5dant h\u00e4r.<\/p>\n<p>Redan under Mama-galan i mars 2024 ber\u00e4ttade Dietz att hon inte l\u00e4ngre var singel, men inte heller d\u00e5 delade hon n\u00e5gra detaljer om vem hon tr\u00e4ffat.\u00a0<\/p>\n","protected":false},"excerpt":{"rendered":"Uppdaterad 2 jul 2026 kl 17.45Publicerad 2 jul 2026 kl 12.41 Margaux Dietz blev mamma p\u00e5 nytt f\u00f6r&hellip;\n","protected":false},"author":2,"featured_media":294409,"comment_status":"","ping_status":"","sticky":false,"template":"","format":"standard","meta":{"footnotes":"","_share_on_mastodon":"0"},"categories":[67],"tags":[104,440,27340,34,31,33,32,30,17577,105],"class_list":["post-294408","post","type-post","status-publish","format-standard","has-post-thumbnail","category-underhallning","tag-entertainment","tag-function-unga","tag-person-margaux-dietz","tag-se","tag-svenska","tag-sverige","tag-sweden","tag-swedish","tag-topic-svenska-influencers","tag-underhallning"],"share_on_mastodon":{"url":"https:\/\/pubeurope.com\/@se\/116851586214400621","error":""},"_links":{"self":[{"href":"https:\/\/www.europesays.com\/se\/wp-json\/wp\/v2\/posts\/294408","targetHints":{"allow":["GET"]}}],"collection":[{"href":"https:\/\/www.europesays.com\/se\/wp-json\/wp\/v2\/posts"}],"about":[{"href":"https:\/\/www.europesays.com\/se\/wp-json\/wp\/v2\/types\/post"}],"author":[{"embeddable":true,"href":"https:\/\/www.europesays.com\/se\/wp-json\/wp\/v2\/users\/2"}],"replies":[{"embeddable":true,"href":"https:\/\/www.europesays.com\/se\/wp-json\/wp\/v2\/comments?post=294408"}],"version-history":[{"count":0,"href":"https:\/\/www.europesays.com\/se\/wp-json\/wp\/v2\/posts\/294408\/revisions"}],"wp:featuredmedia":[{"embeddable":true,"href":"https:\/\/www.europesays.com\/se\/wp-json\/wp\/v2\/media\/294409"}],"wp:attachment":[{"href":"https:\/\/www.europesays.com\/se\/wp-json\/wp\/v2\/media?parent=294408"}],"wp:term":[{"taxonomy":"category","embeddable":true,"href":"https:\/\/www.europesays.com\/se\/wp-json\/wp\/v2\/categories?post=294408"},{"taxonomy":"post_tag","embeddable":true,"href":"https:\/\/www.europesays.com\/se\/wp-json\/wp\/v2\/tags?post=294408"}],"curies":[{"name":"wp","href":"https:\/\/api.w.org\/{rel}","templated":true}]}}