{"id":294917,"date":"2026-07-03T07:39:16","date_gmt":"2026-07-03T07:39:16","guid":{"rendered":"https:\/\/www.europesays.com\/se\/294917\/"},"modified":"2026-07-03T07:39:16","modified_gmt":"2026-07-03T07:39:16","slug":"vandningen-taylor-swift-har-redan-gift-sig","status":"publish","type":"post","link":"https:\/\/www.europesays.com\/se\/294917\/","title":{"rendered":"V\u00e4ndningen: Taylor Swift har redan gift sig"},"content":{"rendered":"<p>Uppdaterad 3 jul 2026 kl 05.33Publicerad 2 jul 2026 kl 23.29<\/p>\n<p>Fredagen uppgavs vara den stora br\u00f6llopsdagen f\u00f6r Taylor Swift och Travis Kelce.<\/p>\n<p>Men br\u00f6llopet har redan g\u00e5tt av stapeln, enligt k\u00e4llor f\u00f6r <a href=\"https:\/\/pagesix.com\/2026\/07\/02\/entertainment\/taylor-swift-and-travis-kelce-already-married-sources\/\" rel=\"nofollow noopener\" target=\"_blank\">Page Six<\/a>.<\/p>\n<p><img   alt=\"\"\/><\/p>\n<p>Paret uppges redan ha gift sig.<\/p>\n<p>Foto: EMILY CURIEL\/ECURIEL@KCSTAR.COM\/ \/ STELLA PICTURES\/TRIBUNE CONTENT TRIBUNE CONTENT AG<\/p>\n<p>\u00d6ppna bild i helsk\u00e4rm<\/p>\n<p>Flera gator kring Madison Square Garden har sp\u00e4rrats av f\u00f6r \u201dett st\u00f6rre evenemang\u201d mellan den 2 och 4 juli. Det \u00e4r Taylor Swift och Travis Kelce, enligt medieuppgifter. 1 000 g\u00e4ster v\u00e4ntas komma.<\/p>\n<p>Enligt k\u00e4llor till nyhetsbyr\u00e5n <a href=\"https:\/\/www.expressen.se\/tagg\/organization\/ap\/\" class=\"\" rel=\"nofollow noopener\" target=\"_blank\">AP<\/a> skulle br\u00f6llopet vara planerat till fredagskv\u00e4llen den 3 juli.<\/p>\n<p>Men nu uppger k\u00e4llor f\u00f6r nyhetssajten Page Six att stj\u00e4rnparet redan har gift sig, vid en intim ceremoni med den n\u00e4rmsta familjen n\u00e4rvarande.<\/p>\n<p>Madison Square Garden \u00e4r normalt k\u00e4nd f\u00f6r stora sport- eller musikevenemang, men nu v\u00e4ntas allts\u00e5 br\u00f6llop. Hyran ska, enligt medieuppgifter, landa p\u00e5 9.5 miljoner kronor per kv\u00e4ll.<\/p>\n<p>Taylor Swift har sj\u00e4lv spelat d\u00e4r \u00e5tta g\u00e5nger, enligt <a href=\"https:\/\/www.tmz.com\/2026\/06\/05\/taylor-swift-travis-kelce-wedding-madison-square-garden-over-1000-people-attending\/\" rel=\"nofollow noopener\" target=\"_blank\">TMZ<\/a>.\u00a0<\/p>\n","protected":false},"excerpt":{"rendered":"Uppdaterad 3 jul 2026 kl 05.33Publicerad 2 jul 2026 kl 23.29 Fredagen uppgavs vara den stora br\u00f6llopsdagen f\u00f6r&hellip;\n","protected":false},"author":2,"featured_media":294918,"comment_status":"","ping_status":"","sticky":false,"template":"","format":"standard","meta":{"footnotes":"","_share_on_mastodon":"0"},"categories":[67],"tags":[104,27451,17755,4322,776,2316,34,31,33,32,30,401,105],"class_list":["post-294917","post","type-post","status-publish","format-standard","has-post-thumbnail","category-underhallning","tag-entertainment","tag-location-madison-square-garden","tag-organization-ap","tag-organization-tmz","tag-person-taylor-swift","tag-person-travis-kelce","tag-se","tag-svenska","tag-sverige","tag-sweden","tag-swedish","tag-topic-brollop","tag-underhallning"],"share_on_mastodon":{"url":"https:\/\/pubeurope.com\/@se\/116854912824102971","error":""},"_links":{"self":[{"href":"https:\/\/www.europesays.com\/se\/wp-json\/wp\/v2\/posts\/294917","targetHints":{"allow":["GET"]}}],"collection":[{"href":"https:\/\/www.europesays.com\/se\/wp-json\/wp\/v2\/posts"}],"about":[{"href":"https:\/\/www.europesays.com\/se\/wp-json\/wp\/v2\/types\/post"}],"author":[{"embeddable":true,"href":"https:\/\/www.europesays.com\/se\/wp-json\/wp\/v2\/users\/2"}],"replies":[{"embeddable":true,"href":"https:\/\/www.europesays.com\/se\/wp-json\/wp\/v2\/comments?post=294917"}],"version-history":[{"count":0,"href":"https:\/\/www.europesays.com\/se\/wp-json\/wp\/v2\/posts\/294917\/revisions"}],"wp:featuredmedia":[{"embeddable":true,"href":"https:\/\/www.europesays.com\/se\/wp-json\/wp\/v2\/media\/294918"}],"wp:attachment":[{"href":"https:\/\/www.europesays.com\/se\/wp-json\/wp\/v2\/media?parent=294917"}],"wp:term":[{"taxonomy":"category","embeddable":true,"href":"https:\/\/www.europesays.com\/se\/wp-json\/wp\/v2\/categories?post=294917"},{"taxonomy":"post_tag","embeddable":true,"href":"https:\/\/www.europesays.com\/se\/wp-json\/wp\/v2\/tags?post=294917"}],"curies":[{"name":"wp","href":"https:\/\/api.w.org\/{rel}","templated":true}]}}