{"id":294929,"date":"2026-07-03T07:52:32","date_gmt":"2026-07-03T07:52:32","guid":{"rendered":"https:\/\/www.europesays.com\/se\/294929\/"},"modified":"2026-07-03T07:52:32","modified_gmt":"2026-07-03T07:52:32","slug":"man-dod-i-skjutning-i-malmo","status":"publish","type":"post","link":"https:\/\/www.europesays.com\/se\/294929\/","title":{"rendered":"Man d\u00f6d i skjutning i Malm\u00f6"},"content":{"rendered":"<p>Uppdaterad 2 jul 2026 kl 08.28Publicerad 2 jul 2026 kl 00.13<\/p>\n<p>En man har d\u00f6tt efter en skjutning i V\u00e4stra hamnen i Malm\u00f6 under onsdagskv\u00e4llen.<\/p>\n<p>Under torsdagsmorgonen greps en man i 30-\u00e5rs\u00e5ldern och \u00e4r nu anh\u00e5llen misst\u00e4nkt f\u00f6r mord.<\/p>\n<p>\u2013 Jag h\u00f6rde tv\u00e5 skott, jag s\u00e5g en blodig man nere p\u00e5 gatan, s\u00e4ger en kvinna som bor i omr\u00e5det.<\/p>\n<p><img   alt=\"\"\/><\/p>\n<p>Under onsdagskv\u00e4llen p\u00e5g\u00e5r en polisinsats i V\u00e4stra hamnen i Malm\u00f6.<\/p>\n<p>Foto: Mikael Nilsson \/ SBM<\/p>\n<p>\u00d6ppna bild i helsk\u00e4rm<\/p>\n<p>En stor polisinsats p\u00e5gick i V\u00e4stra hamnen i <a href=\"https:\/\/www.expressen.se\/tagg\/location\/malmo\/\" class=\"\" rel=\"nofollow noopener\" target=\"_blank\">Malm\u00f6<\/a> sent p\u00e5 onsdagskv\u00e4llen och natten till torsdagen. Boende i omr\u00e5det h\u00f6rde skottlossning och larmade polisen.<\/p>\n<p>Under natten till torsdag ber\u00e4ttar polisen att de hittade en skadad man p\u00e5 platsen. Mannen f\u00f6rdes till sjukhus av polis, men hans liv gick inte att r\u00e4dda.\u00a0<\/p>\n<p>Man greps under morgonen\u00a0<\/p>\n<p>Under torsdagsmorgonen greps en man i 30-\u00e5rs\u00e5ldern i en bil i n\u00e4romr\u00e5det. Han \u00e4r anh\u00e5llen misst\u00e4nkt f\u00f6r mord. Bilen som mannen greps i \u00e4r tagen i beslag f\u00f6r vidare unders\u00f6kning.\u00a0<\/p>\n<p>\u00a0\u2013 \u00a0Det \u00e4r f\u00f6r tidigt att s\u00e4tta h\u00e4ndelsen i ett sammanhang eller koppla den till en p\u00e5g\u00e5ende konflikt. Vi jobbar just nu f\u00f6r fullt med att kartl\u00e4gga brottsoffret och den misst\u00e4nkte, s\u00e4ger Nils Norling, presstalesperson vid polisen i Malm\u00f6.\u00a0<\/p>\n<p>Polisen vill i nul\u00e4get inte g\u00e5 n\u00e4rmare in p\u00e5 h\u00e4ndelsen eller uppge \u00e5lder p\u00e5 den avlidne mannen.<\/p>\n<p>S\u00e5g offret ligga blodig p\u00e5 gatan<\/p>\n<p>Enligt polisen befann sig en ett st\u00f6rre antal personer i n\u00e4rheten n\u00e4r skotten avlossades. \u00a0<\/p>\n<p>\u2013 Vi satt och tittade p\u00e5 tv och h\u00f6rde pl\u00f6tsligt skottlossning. Jag tittade ut och s\u00e5g en man ligga blodig p\u00e5 gatan. Jag ringde polisen, klockan var 23:19, s\u00e4ger en kvinna som bor i omr\u00e5det.<\/p>\n<p>\u2013 Jag s\u00e5g poliser b\u00e4ra in en skadad man i en polisbil. De k\u00f6rde i v\u00e4g med honom, till akuten, antar jag. Det tog tio minuter innan ambulanser var p\u00e5 plats, s\u00e4ger hon.\u00a0<\/p>\n<p>Polisen unders\u00f6ker nu om det finns eventuell videobevakning som har f\u00e5ngat h\u00e4ndelsen.\u00a0<\/p>\n<p>\u201dOffret f\u00f6ll ihop p\u00e5 marken\u201d<\/p>\n<p>Skottlossningen \u00e4gde rum utomhus i korsningen Mastgr\u00e4nd\/Bomgatan i V\u00e4stra hamnen i Malm\u00f6, enligt kvinnan.<\/p>\n<p>Hon ber\u00e4ttar att hennes grannar, som befann sig n\u00e4rmare h\u00e4ndelserna, s\u00e5g exakt vad som h\u00e4nde.<\/p>\n<p>\u2013 V\u00e5r granne s\u00e5g en man som sk\u00f6t en annan man med tv\u00e5 skott. Offret f\u00f6ll ihop p\u00e5 marken, s\u00e4ger hon.<\/p>\n<p>En annan kvinna som bor i omr\u00e5det ger liknande vittnesuppgifter.<\/p>\n<p>\u2013 Jag h\u00f6rde tre skott. Folk gick ut p\u00e5 sina balkonger f\u00f6r att titta, s\u00e4ger hon och forts\u00e4tter:<\/p>\n<p>\u2013 Nu \u00e4r det fullt med poliser, ambulanser och dr\u00f6nare h\u00e4r. Mycket bl\u00e5ljus. Polisen har sp\u00e4rrat av omr\u00e5det och st\u00e5r och pratar med vittnen.<\/p>\n","protected":false},"excerpt":{"rendered":"Uppdaterad 2 jul 2026 kl 08.28Publicerad 2 jul 2026 kl 00.13 En man har d\u00f6tt efter en skjutning&hellip;\n","protected":false},"author":2,"featured_media":293627,"comment_status":"","ping_status":"","sticky":false,"template":"","format":"standard","meta":{"footnotes":"","_share_on_mastodon":"0"},"categories":[5],"tags":[22,23,26,27,17,21,24,25,2211,28,29,15,16,18,34,154,31,33,32,30,19,20],"class_list":["post-294929","post","type-post","status-publish","format-standard","has-post-thumbnail","category-rubriker","tag-breaking-news","tag-breakingnews","tag-featured-news","tag-featurednews","tag-headlines","tag-huvudnyheter","tag-latest-news","tag-latestnews","tag-location-malmo","tag-main-news","tag-mainnews","tag-news","tag-nyheter","tag-rubriker","tag-se","tag-sections-sverige","tag-svenska","tag-sverige","tag-sweden","tag-swedish","tag-top-stories","tag-topstories"],"share_on_mastodon":{"url":"https:\/\/pubeurope.com\/@se\/116854963920490746","error":""},"_links":{"self":[{"href":"https:\/\/www.europesays.com\/se\/wp-json\/wp\/v2\/posts\/294929","targetHints":{"allow":["GET"]}}],"collection":[{"href":"https:\/\/www.europesays.com\/se\/wp-json\/wp\/v2\/posts"}],"about":[{"href":"https:\/\/www.europesays.com\/se\/wp-json\/wp\/v2\/types\/post"}],"author":[{"embeddable":true,"href":"https:\/\/www.europesays.com\/se\/wp-json\/wp\/v2\/users\/2"}],"replies":[{"embeddable":true,"href":"https:\/\/www.europesays.com\/se\/wp-json\/wp\/v2\/comments?post=294929"}],"version-history":[{"count":0,"href":"https:\/\/www.europesays.com\/se\/wp-json\/wp\/v2\/posts\/294929\/revisions"}],"wp:featuredmedia":[{"embeddable":true,"href":"https:\/\/www.europesays.com\/se\/wp-json\/wp\/v2\/media\/293627"}],"wp:attachment":[{"href":"https:\/\/www.europesays.com\/se\/wp-json\/wp\/v2\/media?parent=294929"}],"wp:term":[{"taxonomy":"category","embeddable":true,"href":"https:\/\/www.europesays.com\/se\/wp-json\/wp\/v2\/categories?post=294929"},{"taxonomy":"post_tag","embeddable":true,"href":"https:\/\/www.europesays.com\/se\/wp-json\/wp\/v2\/tags?post=294929"}],"curies":[{"name":"wp","href":"https:\/\/api.w.org\/{rel}","templated":true}]}}