{"id":29512,"date":"2025-09-14T02:17:58","date_gmt":"2025-09-14T02:17:58","guid":{"rendered":"https:\/\/www.europesays.com\/se\/29512\/"},"modified":"2025-09-14T02:17:58","modified_gmt":"2025-09-14T02:17:58","slug":"forra-sasongens-hackkycklingar-var-avgorande-nar-lakers-tog-forsta-trean","status":"publish","type":"post","link":"https:\/\/www.europesays.com\/se\/29512\/","title":{"rendered":"F\u00f6rra s\u00e4songens hackkycklingar var avg\u00f6rande n\u00e4r Lakers tog f\u00f6rsta trean"},"content":{"rendered":"<p>Lakers vann premi\u00e4ren \u00f6ver Bryn\u00e4s med 7-4. Den interna skytteligakungen stod f\u00f6r tv\u00e5 m\u00e5l, men Lakers hade en annan spelare som \u00e4ven han gjorde tv\u00e5 m\u00e5l. En spelare som fick en hel del kritik f\u00f6rra s\u00e4songen. <\/p>\n<p>V\u00e4xj\u00f6 Lakers kom till spel mot Bryn\u00e4s utan Joel Persson, Eemeli Suomi, Brogan Rafferty och Ludvig Nilsson. Hur skulle detta kunna sluta bra? Jo, genom att andra klev fram och presenterade sig.<\/p>\n<p>Dylan McLaughlin, Reid Gardiner och Elias Ros\u00e9n. Vad har spelarna gemensamt? Alla gjorde tre po\u00e4ng i premi\u00e4ren. L\u00e4gg d\u00e5 ocks\u00e5 till att Felix Robert, Otto Koivula och Sebastian Strandberg gjorde tv\u00e5 po\u00e4ng var. Ros\u00e9n spelade en del som sjundeback under f\u00f6rs\u00e4songen och n\u00e4r Rafferty blev presenterad s\u00e5 k\u00e4ndes det jobbigt f\u00f6r honom. Persson skadar sig och d\u00e5 helt pl\u00f6tsligt tar han chansen. En historia som l\u00e5ter bekant. Kanske fr\u00e5n 2017 n\u00e4r Ben Youds skadade sig och en viss Joel Persson presenterade sig f\u00f6r publiken.<\/p>\n<p>Otto Koivula och Felix Robert v\u00e4rvades in f\u00f6rra s\u00e4songen f\u00f6r att leda laget. S\u00e5 blev det inte och kritiken haglade in. Nu har duon allts\u00e5 inlett s\u00e4songen med tv\u00e5 po\u00e4ng var. Kanske n\u00e4stan kan ses som nyf\u00f6rv\u00e4rv med tanke p\u00e5 skadorna fr\u00e5n f\u00f6rra s\u00e4songen.<\/p>\n<p>Ja, det \u00e4r f\u00f6rs\u00e4song och ja Colin Delia imponerade inte direkt. Samtidigt \u00e4r detta precis vad V\u00e4xj\u00f6 beh\u00f6vde. Tv\u00e5 hackkycklingar producerar fr\u00e5n start, laget bevisar att det g\u00e5r att vinna och g\u00f6ra m\u00e5l utan kapten Joel Persson och den interna skyttekungen, samt en inv\u00e4rvad sniper gjorde b\u00e5da m\u00e5l.<\/p>\n<p>Nu v\u00e4ntar en hemmapremi\u00e4r mot det andra Sm\u00e5landslaget HV71. Kanske f\u00e5r Lakers tillbaka en del spelare och d\u00e5 kommer Hellkvist f\u00e5 det angen\u00e4ma problemet att peta n\u00e5gon eller n\u00e5gra. Fr\u00e5n att vara ett lag som m\u00e5nga har som fr\u00e5getecken till att helt pl\u00f6tsligt b\u00f6rja fundera p\u00e5 hur Persson, Rafferty, Nilsson och Suomi ska f\u00e5 plats. Det kunde ha varit en v\u00e4rre start f\u00f6r Hellkvist.<\/p>\n","protected":false},"excerpt":{"rendered":"Lakers vann premi\u00e4ren \u00f6ver Bryn\u00e4s med 7-4. Den interna skytteligakungen stod f\u00f6r tv\u00e5 m\u00e5l, men Lakers hade en&hellip;\n","protected":false},"author":2,"featured_media":29513,"comment_status":"","ping_status":"","sticky":false,"template":"","format":"standard","meta":{"footnotes":""},"categories":[5],"tags":[159,22,23,158,157,26,27,138,17,156,21,24,25,28,29,165,164,15,16,140,18,34,160,162,111,31,161,33,32,30,163,19,20],"class_list":{"0":"post-29512","1":"post","2":"type-post","3":"status-publish","4":"format-standard","5":"has-post-thumbnail","7":"category-rubriker","8":"tag-allsvenskan","9":"tag-breaking-news","10":"tag-breakingnews","11":"tag-fans","12":"tag-fantv","13":"tag-featured-news","14":"tag-featurednews","15":"tag-fotboll","16":"tag-headlines","17":"tag-hockey","18":"tag-huvudnyheter","19":"tag-latest-news","20":"tag-latestnews","21":"tag-main-news","22":"tag-mainnews","23":"tag-matcher","24":"tag-matchprogram","25":"tag-news","26":"tag-nyheter","27":"tag-premier-league","28":"tag-rubriker","29":"tag-se","30":"tag-serie-a","31":"tag-spelschema","32":"tag-sport","33":"tag-svenska","34":"tag-svenskafans","35":"tag-sverige","36":"tag-sweden","37":"tag-swedish","38":"tag-tabeller","39":"tag-top-stories","40":"tag-topstories"},"share_on_mastodon":{"url":"","error":""},"_links":{"self":[{"href":"https:\/\/www.europesays.com\/se\/wp-json\/wp\/v2\/posts\/29512","targetHints":{"allow":["GET"]}}],"collection":[{"href":"https:\/\/www.europesays.com\/se\/wp-json\/wp\/v2\/posts"}],"about":[{"href":"https:\/\/www.europesays.com\/se\/wp-json\/wp\/v2\/types\/post"}],"author":[{"embeddable":true,"href":"https:\/\/www.europesays.com\/se\/wp-json\/wp\/v2\/users\/2"}],"replies":[{"embeddable":true,"href":"https:\/\/www.europesays.com\/se\/wp-json\/wp\/v2\/comments?post=29512"}],"version-history":[{"count":0,"href":"https:\/\/www.europesays.com\/se\/wp-json\/wp\/v2\/posts\/29512\/revisions"}],"wp:featuredmedia":[{"embeddable":true,"href":"https:\/\/www.europesays.com\/se\/wp-json\/wp\/v2\/media\/29513"}],"wp:attachment":[{"href":"https:\/\/www.europesays.com\/se\/wp-json\/wp\/v2\/media?parent=29512"}],"wp:term":[{"taxonomy":"category","embeddable":true,"href":"https:\/\/www.europesays.com\/se\/wp-json\/wp\/v2\/categories?post=29512"},{"taxonomy":"post_tag","embeddable":true,"href":"https:\/\/www.europesays.com\/se\/wp-json\/wp\/v2\/tags?post=29512"}],"curies":[{"name":"wp","href":"https:\/\/api.w.org\/{rel}","templated":true}]}}