{"id":295273,"date":"2026-07-03T13:21:11","date_gmt":"2026-07-03T13:21:11","guid":{"rendered":"https:\/\/www.europesays.com\/se\/295273\/"},"modified":"2026-07-03T13:21:11","modified_gmt":"2026-07-03T13:21:11","slug":"efter-kritikstormen-margaux-dietz-var-inte-som-det-uppfattades","status":"publish","type":"post","link":"https:\/\/www.europesays.com\/se\/295273\/","title":{"rendered":"Efter kritikstormen \u2013 Margaux Dietz: Var inte som det uppfattades"},"content":{"rendered":"<p>Uppdaterad 3 jul 2026 kl 15.13Publicerad 3 jul 2026 kl 14.53<\/p>\n<p>Margaux Dietz filmade en utslagen man utanf\u00f6r sin l\u00e4genhetsd\u00f6rr och m\u00f6ttes av en kritikstorm.<\/p>\n<p>H\u00e4ndelsen ledde till en polisutredning \u2013 men nu menar Dietz att incidenten inte alls var s\u00e5 som den uppfattades.\u00a0<\/p>\n<p>\u2013\u00a0Jag tror att jag borde ha sagt s\u00e5 h\u00e4r egentligen: \u201dVet ni vad? Det var en kille som jag k\u00e4nner som sov utanf\u00f6r min d\u00f6rr. Och allting \u00e4r lugnt mellan oss\u201d, s\u00e4ger hon i podcasten <a href=\"https:\/\/poddtoppen.se\/podcast\/1746060970\/mer-an-bara-morsa\/112-har-vi-forlatit-margaux\" rel=\"nofollow noopener\" target=\"_blank\">\u201dMer \u00e4n bara morsa\u201d. <\/a>\u00a0<\/p>\n<p><img   alt=\"\"\/><\/p>\n<p>I en Youtubevideo visade Dietz upp en man som l\u00e5g utslagen utanf\u00f6r hennes d\u00f6rr.<\/p>\n<p>Foto: Youtube<\/p>\n<p>\u00d6ppna bild i helsk\u00e4rm<img loading=\"lazy\"   alt=\"\"\/><\/p>\n<p>Margaux Dietz i \u201dEfter fem\u201d i samband med kritiken mot videon.<\/p>\n<p>Foto: Tv4 Efter fem<\/p>\n<p>\u00d6ppna bild i helsk\u00e4rm<\/p>\n<p>Under h\u00f6sten 2022 publicerade influencern <a href=\"https:\/\/www.expressen.se\/tagg\/person\/margaux-dietz\/\" class=\"\" rel=\"nofollow noopener\" target=\"_blank\">Margaux Dietz<\/a>, 35, en video p\u00e5 Youtube d\u00e4r hon visade en man som l\u00e5g blodig och utslagen utanf\u00f6r hennes l\u00e4genhetsd\u00f6rr. I klippet syntes sonen Arnold, d\u00e5 fem \u00e5r gammal, g\u00e5 fram och peta p\u00e5 mannen.\u00a0<\/p>\n<p>Artikeln i korthet:<\/p>\n<p>\u2022 Margaux Dietz m\u00f6ttes av en kritikstorm efter att hon filmat en utslagen man utanf\u00f6r sin l\u00e4genhetsd\u00f6rr.\u00a0<\/p>\n<p>\u2022 I podcasten \u201dMer \u00e4n bara morsa\u201d s\u00e4ger hon nu att h\u00e4ndelsen inte alls var som den uppfattades, och att hon kanske borde sagt som det var fr\u00e5n b\u00f6rjan \u2013\u00a0att hon k\u00e4nde mannen utanf\u00f6r d\u00f6rren.\u00a0<\/p>\n<p>Visa mer<\/p>\n<p>Klippet, som numera \u00e4r borttaget,<a href=\"https:\/\/www.expressen.se\/noje\/kritiken-mot-margaux-dietz-filmade-berusad-man\/\" rel=\"nofollow noopener\" target=\"_blank\"> ledde till en kritikstorm <\/a>och Dietz tog ett steg tillbaka fr\u00e5n offentligheten.\u00a0<\/p>\n<p>\u2013 Jag k\u00e4nde v\u00e4l d\u00e4r efter typ tre m\u00e5nader att \u201dNej, men jag beh\u00f6ver en paus fr\u00e5n allting\u201d. Jag \u00e4r inte s\u00e5 sugen p\u00e5 det h\u00e4r l\u00e4ngre, s\u00e4ger hon n\u00e4r hon g\u00e4star podcasten \u201dMer \u00e4n bara morsa\u201d.\u00a0<\/p>\n<p>Flera av hennes v\u00e4nner tog avst\u00e5nd och f\u00f6retag avslutade sina samarbeten med henne. I samma veva inleddes en polisutredning d\u00e4r hon misst\u00e4nktes f\u00f6r olaga integritetsintr\u00e5ng.\u00a0<\/p>\n<p>Brottsutredningen lades senare ner.\u00a0<\/p>\n<p>Inte f\u00f6rr\u00e4n nu ber\u00e4ttar Margaux Dietz om h\u00e4ndelsen \u2013 och vad som faktiskt h\u00e4nde.\u00a0<\/p>\n<p>Margaux: Jag tror att jag borde sagt som det var<\/p>\n<p>I podden p\u00e5st\u00e5r Dietz att h\u00e4ndelsen inte alls var s\u00e5 som den uppfattades. Ines Kokic, som har podcasten ihop med Kenza Zouiten, leder in henne p\u00e5 \u00e4mnet:\u00a0<\/p>\n<p>\u2013 Gick du n\u00e5gonsin ut och sa att \u201dV\u00e4nta, v\u00e4nta, v\u00e4nta s\u00e5 h\u00e4r var det inte. S\u00e5 h\u00e4r var det!\u201d? Eller satt du bara och bad om urs\u00e4kt?, fr\u00e5gar Kokic.<\/p>\n<p>Margaux Dietz svarar att hon bara bad om urs\u00e4kt och f\u00f6rklarar:<\/p>\n<p>\u2013 Jag orkade inte. F\u00f6r att killen som faktiskt sov utanf\u00f6r min d\u00f6rr, som jag ocks\u00e5 vet precis vem det \u00e4r&#8230; Han vill inte att jag ska s\u00e4ga vem han \u00e4r. Han ville absolut inte att det h\u00e4r skulle bli n\u00e5gon grej i media. Han var ju blurrad och allting var hemligt, men sen blev ju han s\u00e5 h\u00e4r \u201dOkej, men t\u00e4nk om det faktiskt kommer ut att det var jag? D\u00e5 \u00e4r det h\u00e4r ju inte alls kul\u201d, s\u00e4ger Dietz.<\/p>\n<p>Efter h\u00e4ndelsen bad Margaux Dietz om urs\u00e4kt, men i dag reflekterar hon kring ifall hon borde sagt som det faktiskt var fr\u00e5n b\u00f6rjan.\u00a0<\/p>\n<p>\u2013 Jag tror att jag borde ha sagt s\u00e5 h\u00e4r egentligen: \u201dVet ni vad? Det var en kille som jag k\u00e4nner som sov utanf\u00f6r min d\u00f6rr. Och allting \u00e4r lugnt mellan oss\u201d. S\u00e5 h\u00e4r: \u201dHoppsan\u201d. Men det hade redan bl\u00e5st upp till v\u00e4rldens st\u00f6rsta grej d\u00e5, s\u00e4ger hon och forts\u00e4tter:<\/p>\n<p>\u2013 Men jag fick ju panik. Jag blev ju fryst.\u00a0<\/p>\n<p>Expressen s\u00f6ker Margaux Dietz.\u00a0<\/p>\n","protected":false},"excerpt":{"rendered":"Uppdaterad 3 jul 2026 kl 15.13Publicerad 3 jul 2026 kl 14.53 Margaux Dietz filmade en utslagen man utanf\u00f6r&hellip;\n","protected":false},"author":2,"featured_media":295274,"comment_status":"","ping_status":"","sticky":false,"template":"","format":"standard","meta":{"footnotes":"","_share_on_mastodon":"0"},"categories":[67],"tags":[104,440,27340,34,31,33,32,30,17577,105],"class_list":["post-295273","post","type-post","status-publish","format-standard","has-post-thumbnail","category-underhallning","tag-entertainment","tag-function-unga","tag-person-margaux-dietz","tag-se","tag-svenska","tag-sverige","tag-sweden","tag-swedish","tag-topic-svenska-influencers","tag-underhallning"],"share_on_mastodon":{"url":"https:\/\/pubeurope.com\/@se\/116856257727010294","error":""},"_links":{"self":[{"href":"https:\/\/www.europesays.com\/se\/wp-json\/wp\/v2\/posts\/295273","targetHints":{"allow":["GET"]}}],"collection":[{"href":"https:\/\/www.europesays.com\/se\/wp-json\/wp\/v2\/posts"}],"about":[{"href":"https:\/\/www.europesays.com\/se\/wp-json\/wp\/v2\/types\/post"}],"author":[{"embeddable":true,"href":"https:\/\/www.europesays.com\/se\/wp-json\/wp\/v2\/users\/2"}],"replies":[{"embeddable":true,"href":"https:\/\/www.europesays.com\/se\/wp-json\/wp\/v2\/comments?post=295273"}],"version-history":[{"count":0,"href":"https:\/\/www.europesays.com\/se\/wp-json\/wp\/v2\/posts\/295273\/revisions"}],"wp:featuredmedia":[{"embeddable":true,"href":"https:\/\/www.europesays.com\/se\/wp-json\/wp\/v2\/media\/295274"}],"wp:attachment":[{"href":"https:\/\/www.europesays.com\/se\/wp-json\/wp\/v2\/media?parent=295273"}],"wp:term":[{"taxonomy":"category","embeddable":true,"href":"https:\/\/www.europesays.com\/se\/wp-json\/wp\/v2\/categories?post=295273"},{"taxonomy":"post_tag","embeddable":true,"href":"https:\/\/www.europesays.com\/se\/wp-json\/wp\/v2\/tags?post=295273"}],"curies":[{"name":"wp","href":"https:\/\/api.w.org\/{rel}","templated":true}]}}