{"id":295381,"date":"2026-07-03T15:33:19","date_gmt":"2026-07-03T15:33:19","guid":{"rendered":"https:\/\/www.europesays.com\/se\/295381\/"},"modified":"2026-07-03T15:33:19","modified_gmt":"2026-07-03T15:33:19","slug":"adam-woods-och-martha-rasch-har-forlovat-sig","status":"publish","type":"post","link":"https:\/\/www.europesays.com\/se\/295381\/","title":{"rendered":"Adam Woods och M\u00e4rtha Rasch har f\u00f6rlovat sig"},"content":{"rendered":"<p>Uppdaterad 3 jul 2026 kl 17.21Publicerad 3 jul 2026 kl 17.11<\/p>\n<p>Artisten Adam Woods och influencern M\u00e4rtha Rasch har f\u00f6rlovat sig.\u00a0<\/p>\n<p>P\u00e5 Instagram visar k\u00e4ndisparet upp frieriet.<\/p>\n<p><img   alt=\"\"\/><\/p>\n<p>Adam Woods och M\u00e4rtha Rasch har f\u00f6rlovat sig.<\/p>\n<p>Foto: Instagram<\/p>\n<p>\u00d6ppna bild i helsk\u00e4rm<img loading=\"lazy\"   alt=\"\"\/><\/p>\n<p>Artisten Adam Woods.<\/p>\n<p>Foto: OLLE SPORRONG<\/p>\n<p>\u00d6ppna bild i helsk\u00e4rm<\/p>\n<p>Det \u00e4r p\u00e5 Instagram som Melloartisten Adam Woods, 25, och flickv\u00e4nnen M\u00e4rtha Rasch, 24, influencer och aktiv p\u00e5 Tiktok, delar nyheten om f\u00f6rlovningen.\u00a0<\/p>\n<p>I ett bildspel syns Woods g\u00e5 ner p\u00e5 kn\u00e4 framf\u00f6r en sj\u00f6.\u00a0<\/p>\n<p>Frieriet ska ha skett den 2 juli och i kommentarsf\u00e4ltet str\u00f6mmar gratulationerna in.\u00a0<\/p>\n<p>\u201dS\u00e5 fint! Stort grattis\u201d, skriver Melloartisten Meira Omar.\u00a0<\/p>\n<p>\u201dStort grattis\u201d, skriver realityprofilen Nicci Hernestig.\u00a0<\/p>\n<p>I ett meddelande till Expressen skriver Adam Woods att han redan efter n\u00e5gra m\u00e5nader tillsammans med Rasch visste att han ville gifta sig med henne.\u00a0<\/p>\n<p>\u201dJag har f\u00f6rs\u00f6kt skapa den perfekta ringen och hitta det perfekta \u00f6gonblicket och platsen sen dess\u201d, skriver han.\u00a0<\/p>\n<p>Frieriet skedde vid sj\u00f6n Bled i Slovenien.<\/p>\n<p>\u201dDet \u00e4r som rakt ur en saga med bl\u00e5tt vatten och helt otroliga vyer\u201d, skriver han vidare.<\/p>\n<p>H\u00f6ll p\u00e5 att g\u00e5 fel: \u201dFick i panik leta&#8230;\u201d<\/p>\n<p>Vidare ber\u00e4ttar Adam Woods att det hela h\u00f6ll p\u00e5 att g\u00e5 riktigt snett \u2013 eftersom att M\u00e4rtha Rasch br\u00f6t en nagel.\u00a0<\/p>\n<p>\u201dS\u00e5 jag fick i panik leta efter nagellim och fixa den, samtidigt blev hon sjuk, och ville inte komma med p\u00e5 middagen\u2026 Jag b\u00f6rjade tro att allt var k\u00f6rt\u201d, skriver Woods.\u00a0<\/p>\n<p>Trots den skakiga starten fick han med henne till platsen som han hade valt ut.\u00a0<\/p>\n<p>\u201dDet blev s\u00e5 perfekt som det bara kan bli. Att f\u00e5 se hennes reaktion och h\u00f6ra hennes ja \u00e4r det b\u00e4sta \u00f6gonblicket i mitt liv. Hon \u00e4r perfekt och jag har aldrig varit lyckligare\u201d.<\/p>\n<p><a href=\"https:\/\/www.instagram.com\/p\/DaVWN7ygels\/?utm_source=ig_web_copy_link&amp;igsh=NTc4MTIwNjQ2YQ==?hidecaption=true\" data-provider=\"instagram\" class=\"js-social-embed\" rel=\"nofollow noopener\" target=\"_blank\">https:\/\/www.instagram.com\/p\/DaVWN7ygels\/?utm_source=ig_web_copy_link&amp;igsh=NTc4MTIwNjQ2YQ==?hidecaption=true<\/a><script async src=\"\/\/www.instagram.com\/embed.js\"><\/script><\/p>\n","protected":false},"excerpt":{"rendered":"Uppdaterad 3 jul 2026 kl 17.21Publicerad 3 jul 2026 kl 17.11 Artisten Adam Woods och influencern M\u00e4rtha Rasch&hellip;\n","protected":false},"author":2,"featured_media":295382,"comment_status":"","ping_status":"","sticky":false,"template":"","format":"standard","meta":{"footnotes":"","_share_on_mastodon":"0"},"categories":[67],"tags":[104,440,34,31,33,32,30,17632,17577,105],"class_list":["post-295381","post","type-post","status-publish","format-standard","has-post-thumbnail","category-underhallning","tag-entertainment","tag-function-unga","tag-se","tag-svenska","tag-sverige","tag-sweden","tag-swedish","tag-topic-svenska-artister","tag-topic-svenska-influencers","tag-underhallning"],"share_on_mastodon":{"url":"https:\/\/pubeurope.com\/@se\/116856776795113516","error":""},"_links":{"self":[{"href":"https:\/\/www.europesays.com\/se\/wp-json\/wp\/v2\/posts\/295381","targetHints":{"allow":["GET"]}}],"collection":[{"href":"https:\/\/www.europesays.com\/se\/wp-json\/wp\/v2\/posts"}],"about":[{"href":"https:\/\/www.europesays.com\/se\/wp-json\/wp\/v2\/types\/post"}],"author":[{"embeddable":true,"href":"https:\/\/www.europesays.com\/se\/wp-json\/wp\/v2\/users\/2"}],"replies":[{"embeddable":true,"href":"https:\/\/www.europesays.com\/se\/wp-json\/wp\/v2\/comments?post=295381"}],"version-history":[{"count":0,"href":"https:\/\/www.europesays.com\/se\/wp-json\/wp\/v2\/posts\/295381\/revisions"}],"wp:featuredmedia":[{"embeddable":true,"href":"https:\/\/www.europesays.com\/se\/wp-json\/wp\/v2\/media\/295382"}],"wp:attachment":[{"href":"https:\/\/www.europesays.com\/se\/wp-json\/wp\/v2\/media?parent=295381"}],"wp:term":[{"taxonomy":"category","embeddable":true,"href":"https:\/\/www.europesays.com\/se\/wp-json\/wp\/v2\/categories?post=295381"},{"taxonomy":"post_tag","embeddable":true,"href":"https:\/\/www.europesays.com\/se\/wp-json\/wp\/v2\/tags?post=295381"}],"curies":[{"name":"wp","href":"https:\/\/api.w.org\/{rel}","templated":true}]}}