{"id":29582,"date":"2025-09-14T05:54:11","date_gmt":"2025-09-14T05:54:11","guid":{"rendered":"https:\/\/www.europesays.com\/se\/29582\/"},"modified":"2025-09-14T05:54:11","modified_gmt":"2025-09-14T05:54:11","slug":"norska-smallen-i-natt-stjarnan-ute-direkt","status":"publish","type":"post","link":"https:\/\/www.europesays.com\/se\/29582\/","title":{"rendered":"Norska sm\u00e4llen i natt \u2013 stj\u00e4rnan ute direkt"},"content":{"rendered":"<p>Superstj\u00e4rnan Jakob Ingebrigtsen lyckades inte ta sig vidare i friidrotts-VM i Tokyo. Det norska stj\u00e4rnskottet kom i m\u00e5l som \u00e5tta i f\u00f6rs\u00f6ksheatet p\u00e5 1\u202f500 meter, rapporterar flera medier. <\/p>\n<p>Det var en stor besvikelse f\u00f6r Ingebrigtsen, som tagit silver p\u00e5 distansen de tv\u00e5 senaste m\u00e4sterskapen. <\/p>\n<p>\u2013 Jag k\u00e4nde fr\u00e5n start att benen var fast i marken. Jag fick en v\u00e4ldigt fin resa och mycket flax med m\u00e5nga som ramlade. Det var som en g\u00e5va till mig, men jag hade inte en chans p\u00e5 slutet, s\u00e4ger han.<\/p>\n<p>Det \u00e4r bara de sex fr\u00e4msta som g\u00e5r vidare till m\u00e5ndagens semifinal, bland dem finns svenske Samuel Pihlstr\u00f6m. <\/p>\n<p>Omni \u00e4r politiskt obundna och oberoende. Vi str\u00e4var efter att ge fler perspektiv p\u00e5 nyheterna. Har du fr\u00e5gor eller synpunkter kring v\u00e5r rapportering? <a href=\"https:\/\/omni.se\/norska-smallen-i-natt-stjarnan-ute-direkt\/a\/mailto:redaktion@omni.se\" class=\"ArticleActions_contactLink__W2F1M\" rel=\"nofollow noopener\" target=\"_blank\">Kontakta redaktionen<\/a><\/p>\n","protected":false},"excerpt":{"rendered":"Superstj\u00e4rnan Jakob Ingebrigtsen lyckades inte ta sig vidare i friidrotts-VM i Tokyo. Det norska stj\u00e4rnskottet kom i m\u00e5l&hellip;\n","protected":false},"author":2,"featured_media":29583,"comment_status":"","ping_status":"","sticky":false,"template":"","format":"standard","meta":{"footnotes":""},"categories":[5],"tags":[22,23,26,27,1364,3241,17,21,3342,24,25,3343,28,29,15,16,18,3341,34,31,33,32,30,19,20],"class_list":{"0":"post-29582","1":"post","2":"type-post","3":"status-publish","4":"format-standard","5":"has-post-thumbnail","7":"category-rubriker","8":"tag-breaking-news","9":"tag-breakingnews","10":"tag-featured-news","11":"tag-featurednews","12":"tag-friidrott","13":"tag-friidrotts-vm","14":"tag-headlines","15":"tag-huvudnyheter","16":"tag-jakob-ingebrigtsen","17":"tag-latest-news","18":"tag-latestnews","19":"tag-lopning","20":"tag-main-news","21":"tag-mainnews","22":"tag-news","23":"tag-nyheter","24":"tag-rubriker","25":"tag-samuel-pihlstrom","26":"tag-se","27":"tag-svenska","28":"tag-sverige","29":"tag-sweden","30":"tag-swedish","31":"tag-top-stories","32":"tag-topstories"},"share_on_mastodon":{"url":"","error":""},"_links":{"self":[{"href":"https:\/\/www.europesays.com\/se\/wp-json\/wp\/v2\/posts\/29582","targetHints":{"allow":["GET"]}}],"collection":[{"href":"https:\/\/www.europesays.com\/se\/wp-json\/wp\/v2\/posts"}],"about":[{"href":"https:\/\/www.europesays.com\/se\/wp-json\/wp\/v2\/types\/post"}],"author":[{"embeddable":true,"href":"https:\/\/www.europesays.com\/se\/wp-json\/wp\/v2\/users\/2"}],"replies":[{"embeddable":true,"href":"https:\/\/www.europesays.com\/se\/wp-json\/wp\/v2\/comments?post=29582"}],"version-history":[{"count":0,"href":"https:\/\/www.europesays.com\/se\/wp-json\/wp\/v2\/posts\/29582\/revisions"}],"wp:featuredmedia":[{"embeddable":true,"href":"https:\/\/www.europesays.com\/se\/wp-json\/wp\/v2\/media\/29583"}],"wp:attachment":[{"href":"https:\/\/www.europesays.com\/se\/wp-json\/wp\/v2\/media?parent=29582"}],"wp:term":[{"taxonomy":"category","embeddable":true,"href":"https:\/\/www.europesays.com\/se\/wp-json\/wp\/v2\/categories?post=29582"},{"taxonomy":"post_tag","embeddable":true,"href":"https:\/\/www.europesays.com\/se\/wp-json\/wp\/v2\/tags?post=29582"}],"curies":[{"name":"wp","href":"https:\/\/api.w.org\/{rel}","templated":true}]}}