{"id":296047,"date":"2026-07-04T10:53:15","date_gmt":"2026-07-04T10:53:15","guid":{"rendered":"https:\/\/www.europesays.com\/se\/296047\/"},"modified":"2026-07-04T10:53:15","modified_gmt":"2026-07-04T10:53:15","slug":"trumps-han-mot-taylor-swift-mitt-under-brollopet","status":"publish","type":"post","link":"https:\/\/www.europesays.com\/se\/296047\/","title":{"rendered":"Trumps h\u00e5n mot Taylor Swift \u2013 mitt under br\u00f6llopet"},"content":{"rendered":"<p>Uppdaterad 4 jul 2026 kl 12.20Publicerad 4 jul 2026 kl 08.09<\/p>\n<p>Taylor Swift fick sin Travis Kelce och orsakade enorm br\u00f6llopsyra.\u00a0<\/p>\n<p>D\u00e5 kunde Donald Trump \u2013 som sagt att han hatar Taylor Swift \u2013 inte h\u00e5lla igen.\u00a0<\/p>\n<p>Senaste klippen fr\u00e5n Expressen inom n\u00f6je.<img   alt=\"\"\/><\/p>\n<p>En stor skylt utanf\u00f6r Madison Square Garden avsl\u00f6jde att br\u00f6llopet intr\u00e4ffat.<\/p>\n<p>Foto: LAURA BRETT \/ EPA<\/p>\n<p>\u00d6ppna bild i helsk\u00e4rm<img loading=\"lazy\"   alt=\"\"\/><\/p>\n<p>Taylor Swift.<\/p>\n<p>Foto: SCOTT A GARFITT \/ AP TT NYHETSBYR\u00c5N<\/p>\n<p>\u00d6ppna bild i helsk\u00e4rm<img loading=\"lazy\"   alt=\"\"\/><\/p>\n<p>Donald Trump.<\/p>\n<p>Foto: INSTAR \/ STELLA PICTURES \/ STELLA PICTURES<\/p>\n<p>\u00d6ppna bild i helsk\u00e4rm<\/p>\n<p>Medan v\u00e4rldens st\u00f6rsta popstj\u00e4rna och den amerikanska fotbollsspelaren hade br\u00f6llopsfest i Madison Square Garden i New York satt president Donald Trump i Air Force One p\u00e5 v\u00e4g mot ett regnigt South Dakota.<\/p>\n<p>Han skulle till Mount Rushmore som del i USA:s 250-\u00e5rsfirande men kunde, likt resten av USA, inte l\u00e5ta bli att fascineras av br\u00f6llopet med alla dess stj\u00e4rng\u00e4ster.\u00a0<\/p>\n<p>Utanf\u00f6r den klassiska arenan i New York \u2013 d\u00e4r Rangers spelar hockey, Knicks spelar basket och v\u00e4rldens alla stj\u00e4rnor spelar musik \u2013 t\u00e4ndes en skylt under natten mot fredag med texten \u201dJUST&amp;T MARRIED!\u201d (med T&amp;T i f\u00f6r Taylor och Travis, f\u00f6rst\u00e5s).\u00a0<\/p>\n<p>Donald Trumps trollning mot Taylor Swift<\/p>\n<p><a href=\"https:\/\/www.dailymail.com\/news\/article-15952271\/Trump-trolls-Taylor-Swift-Travis-Kelce-wedding.html\" rel=\"nofollow noopener\" target=\"_blank\">Daily Mail<\/a> skriver att det bara dr\u00f6jde minuter efter T&amp;T:s ceremoni innan han startade en ny trollning mot Swift p\u00e5 hennes stora dag.\u00a0<\/p>\n<p>Vita husets konto p\u00e5 X la ut en AI-bild som p\u00e5minner om hur det s\u00e5g ut utanf\u00f6r Madison Square Garden \u2013 men med texten om \u201dnygifta\u201d stod det \u201dTrump \u00e4r din president\u201d.<\/p>\n<p><img loading=\"lazy\"   alt=\"\"\/><\/p>\n<p>Trumps trollning mot Swift &amp; Kelce.<\/p>\n<p>\u00d6ppna bild i helsk\u00e4rm<\/p>\n<p>Donald Trump, 80, har l\u00e4nge hyst agg mot Swift, 36.\u00a0<\/p>\n<p>F\u00f6r \u00e5tta \u00e5r sedan st\u00f6ttade Swift en demokratisk senatkandidat fr\u00e5n Tennessee, vilket fick Trump att s\u00e4ga att han \u201dgillade Swifts musik 25 procent mindre\u201d.<\/p>\n<p>Men det var n\u00e4r Swift gick ut med sitt st\u00f6d till Trumps motst\u00e5ndare i presidentvalet 2024, Kamala Harris, det brast f\u00f6r Trump.<\/p>\n<p>\u201dJAG HATAR TAYLOR SWIFT\u201d, skrev han i sociala medier.<\/p>\n<p>Samtidigt hade han en mer f\u00f6rsonande ton i augusti 2025, n\u00e4r <a href=\"https:\/\/www.expressen.se\/tagg\/person\/taylor-swift\/\" class=\"\" rel=\"nofollow noopener\" target=\"_blank\">Taylor Swift<\/a> och Travis Kelce tillk\u00e4nnagav sin f\u00f6rlovning.<\/p>\n<p>\u201dJag \u00f6nskar dem lycka till\u201d, sa Trump till reportrar under ett kabinettsm\u00f6te. <br \/>\u201dJag tycker att han \u00e4r en fantastisk spelare, jag tycker att han \u00e4r en fantastisk kille. Jag tycker att hon \u00e4r en fantastisk person, s\u00e5 jag \u00f6nskar dem lycka till.\u201d<\/p>\n<p>Trumps egen \u201dEras tour\u201d<\/p>\n<p>Fejkbilden p\u00e5 Madison Square Garden var inte den enda Swiftkopplade posten fr\u00e5n Trumpl\u00e4gret.\u00a0<\/p>\n<p>Det kom ocks\u00e5 ett inl\u00e4gg d\u00e4r Vita huset lagt ut ett kollage med Trumpbilder gjort i samma stil som Taylor Swifts turn\u00e9affisch f\u00f6r hennes \u201dEras tour\u201d. P\u00e5 Trumps variant heter det d\u00e4remot \u201dAmerica&#8217;s eras tour\u201d, och p\u00e5 bilderna syns en blandning av amerikanska klassiker som hockeylagets OS-seger 1980, m\u00e5nlandningen, Abraham Lincoln, George Washington \u2013 och s\u00e5 klart flest bilder p\u00e5 Trump sj\u00e4lv.\u00a0<\/p>\n<p><a href=\"https:\/\/x.com\/WhiteHouse\/status\/2072832824567107821?s=20\" data-provider=\"twitter\" class=\"js-social-embed\" rel=\"nofollow\">https:\/\/x.com\/WhiteHouse\/status\/2072832824567107821?s=20<\/a><\/p>\n","protected":false},"excerpt":{"rendered":"Uppdaterad 4 jul 2026 kl 12.20Publicerad 4 jul 2026 kl 08.09 Taylor Swift fick sin Travis Kelce och&hellip;\n","protected":false},"author":2,"featured_media":296048,"comment_status":"","ping_status":"","sticky":false,"template":"","format":"standard","meta":{"footnotes":"","_share_on_mastodon":"0"},"categories":[5],"tags":[22,23,26,27,17,21,24,25,27451,28,29,15,16,198,776,2316,18,34,31,33,32,30,19,401,20],"class_list":["post-296047","post","type-post","status-publish","format-standard","has-post-thumbnail","category-rubriker","tag-breaking-news","tag-breakingnews","tag-featured-news","tag-featurednews","tag-headlines","tag-huvudnyheter","tag-latest-news","tag-latestnews","tag-location-madison-square-garden","tag-main-news","tag-mainnews","tag-news","tag-nyheter","tag-person-donald-trump","tag-person-taylor-swift","tag-person-travis-kelce","tag-rubriker","tag-se","tag-svenska","tag-sverige","tag-sweden","tag-swedish","tag-top-stories","tag-topic-brollop","tag-topstories"],"share_on_mastodon":{"url":"https:\/\/pubeurope.com\/@se\/116861338155538695","error":""},"_links":{"self":[{"href":"https:\/\/www.europesays.com\/se\/wp-json\/wp\/v2\/posts\/296047","targetHints":{"allow":["GET"]}}],"collection":[{"href":"https:\/\/www.europesays.com\/se\/wp-json\/wp\/v2\/posts"}],"about":[{"href":"https:\/\/www.europesays.com\/se\/wp-json\/wp\/v2\/types\/post"}],"author":[{"embeddable":true,"href":"https:\/\/www.europesays.com\/se\/wp-json\/wp\/v2\/users\/2"}],"replies":[{"embeddable":true,"href":"https:\/\/www.europesays.com\/se\/wp-json\/wp\/v2\/comments?post=296047"}],"version-history":[{"count":0,"href":"https:\/\/www.europesays.com\/se\/wp-json\/wp\/v2\/posts\/296047\/revisions"}],"wp:featuredmedia":[{"embeddable":true,"href":"https:\/\/www.europesays.com\/se\/wp-json\/wp\/v2\/media\/296048"}],"wp:attachment":[{"href":"https:\/\/www.europesays.com\/se\/wp-json\/wp\/v2\/media?parent=296047"}],"wp:term":[{"taxonomy":"category","embeddable":true,"href":"https:\/\/www.europesays.com\/se\/wp-json\/wp\/v2\/categories?post=296047"},{"taxonomy":"post_tag","embeddable":true,"href":"https:\/\/www.europesays.com\/se\/wp-json\/wp\/v2\/tags?post=296047"}],"curies":[{"name":"wp","href":"https:\/\/api.w.org\/{rel}","templated":true}]}}