{"id":296171,"date":"2026-07-04T14:31:07","date_gmt":"2026-07-04T14:31:07","guid":{"rendered":"https:\/\/www.europesays.com\/se\/296171\/"},"modified":"2026-07-04T14:31:07","modified_gmt":"2026-07-04T14:31:07","slug":"ohio-16-barn-hittade-instangda-i-skrackhus","status":"publish","type":"post","link":"https:\/\/www.europesays.com\/se\/296171\/","title":{"rendered":"Ohio: 16 barn hittade inst\u00e4ngda i skr\u00e4ckhus"},"content":{"rendered":"<p>Uppdaterad 4 jul 2026 kl 16.11Publicerad 4 jul 2026 kl 15.11<\/p>\n<p>16 barn har hittats inst\u00e4ngda i ett mardr\u00f6mshus t\u00e4ckt av sopor och avf\u00f6ring.<\/p>\n<p>Enligt myndigheter kan vanv\u00e5rden ha p\u00e5g\u00e5tt i flera \u00e5r.<\/p>\n<p>Nu \u00e4r f\u00f6r\u00e4ldrarna gripna.<\/p>\n<p><img   alt=\"\"\/><\/p>\n<p>Hamden, Ohio.<\/p>\n<p>Foto: CAROLYN KASTER  \/AP\/TT \/ AP TT NYHETSBYR\u00c5N<\/p>\n<p>\u00d6ppna bild i helsk\u00e4rm<img loading=\"lazy\"   alt=\"\"\/><\/p>\n<p>De gripna familjemedlemmarna.<\/p>\n<p>Foto: AP\/TT<\/p>\n<p>\u00d6ppna bild i helsk\u00e4rm<\/p>\n<p>I ett litet samh\u00e4lle i <a href=\"https:\/\/www.expressen.se\/tagg\/location\/ohio\/\" class=\"\" rel=\"nofollow noopener\" target=\"_blank\">Ohio<\/a> hittades nyligen 16 barn i mycket d\u00e5ligt skick, i vad som i flera medier beskrivits som ett f\u00f6rfallet skr\u00e4ckhus.\u00a0<\/p>\n<p>\u2013 Det \u00e4r en av de v\u00e4rsta milj\u00f6er jag sett i min karri\u00e4r, sade delstats\u00e5klagaren Andy Wilson vid en presskonferens, rapporterar <a href=\"https:\/\/www.nytimes.com\/2026\/07\/01\/us\/16-children-ohio-home.html\" rel=\"nofollow noopener\" target=\"_blank\">The New York Times.<\/a>\u00a0<\/p>\n<p>Artikeln i korthet<\/p>\n<p> 16 barn hittades sv\u00e5rt vanv\u00e5rdade i ett hus i Ohio, enligt myndigheter.<\/p>\n<p> Barnen uppges ha levt bland sopor och avf\u00f6ring \u2013 flera f\u00f6rdes till sjukhus med allvarliga skador.<\/p>\n<p> Fyra sl\u00e4ktingar har gripits och misst\u00e4nks f\u00f6r \u00f6vergrepp.<\/p>\n<p>Visa mer<\/p>\n<p>Det lilla huset ska ha varit extremt smutsigt och fyllt av sopor. \u00c4ven sp\u00e5r av avf\u00f6ring ska ha hittats p\u00e5 platsen.\u00a0<\/p>\n<p>\u2013 Vad vi s\u00e5g h\u00e4r i dag var ren ondska, sade Wilson och tillade att han fortfarande inte kunde f\u00e5 bort od\u00f6ren.<\/p>\n<p><img loading=\"lazy\"   alt=\"\"\/><\/p>\n<p>Huset har beskrivits som \u201df\u00f6rfallet\u201d.<\/p>\n<p>Foto: CAROLYN KASTER  \/AP\/TT \/ AP TT NYHETSBYR\u00c5N<\/p>\n<p>\u00d6ppna bild i helsk\u00e4rm<img loading=\"lazy\"   alt=\"\"\/><\/p>\n<p>Barnen har h\u00e5llits inst\u00e4ngda under mardr\u00f6mslika f\u00f6rh\u00e5llanden.<\/p>\n<p>Foto: CAROLYN KASTER  \/AP\/TT \/ AP TT NYHETSBYR\u00c5N<\/p>\n<p>\u00d6ppna bild i helsk\u00e4rm\u201dVilda djur\u201d<\/p>\n<p>Barnen, i \u00e5ldrarna 1 till 18 \u00e5r, ska enligt delstats\u00e5klagaren ha sett ut som \u201dvilda djur\u201d.\u00a0<\/p>\n<p>Alla f\u00f6rdes till sjukhus \u2013 flera med allvarliga skador. De har nu omh\u00e4ndertagits av myndigheter.\u00a0<\/p>\n<p>N\u00e5gra har sl\u00e4ppts fr\u00e5n sjukhuset medan de med allvarligare tillst\u00e5nd \u00e4nnu v\u00e5rdas.\u00a0<\/p>\n<p>Det handlar h\u00f6gst sannolikt om l\u00e5ngvarig vanv\u00e5rd och \u00f6vergrepp, enligt ett uttalande fr\u00e5n myndigheter i Ohio.\u00a0<\/p>\n<p>Sheriff Ryan Cain tror att barnen kan ha h\u00e5llits inst\u00e4ngda i ett rum p\u00e5 drygt 12 kvadratmeter i n\u00e4stan fyra \u00e5r, skriver <a href=\"https:\/\/news.sky.com\/story\/parents-and-grandparents-charged-after-16-children-found-living-in-squalor-in-ohio-13559643\" rel=\"nofollow noopener\" target=\"_blank\">Sky News<\/a>.\u00a0<\/p>\n<p>Myndigheterna ska ha uppgett att n\u00e5gra av barnen inte kan prata alls, och att andra har begr\u00e4nsad talf\u00f6rm\u00e5ga.\u00a0<\/p>\n<p>Sl\u00e4ktingar gripna<\/p>\n<p>Fyra personer, som enligt uppgifter \u00e4r barnens f\u00f6r\u00e4ldrar och farf\u00f6r\u00e4ldrar, har gripits, skriver <a href=\"https:\/\/www.nytimes.com\/2026\/07\/01\/us\/16-children-ohio-home.html\" rel=\"nofollow noopener\" target=\"_blank\">The New York Times.<\/a>\u00a0<\/p>\n<p>Gary Siders, 73, Gary Siders Jr, 36, Christina Siders, 67, och Elizabeth Siders, 33, \u00e4r bland annat misst\u00e4nkta f\u00f6r att ha orsakat barnen \u201dallvarlig fysisk skada\u201d. \u00a0<\/p>\n<p>Alla nekar till brott.<\/p>\n<p>Familjen var inte bofasta i omr\u00e5det utan har flyttat runt i olika delar av Ohio i m\u00e5nga \u00e5r. De ska ha undvikit att skapa journaler hos sjukv\u00e5rden och myndigheter.\u00a0<\/p>\n","protected":false},"excerpt":{"rendered":"Uppdaterad 4 jul 2026 kl 16.11Publicerad 4 jul 2026 kl 15.11 16 barn har hittats inst\u00e4ngda i ett&hellip;\n","protected":false},"author":2,"featured_media":296172,"comment_status":"","ping_status":"","sticky":false,"template":"","format":"standard","meta":{"footnotes":"","_share_on_mastodon":"0"},"categories":[14],"tags":[22,23,26,27,17,21,24,25,12382,28,29,15,16,18,34,55,31,33,32,30,19,3771,1496,996,20,51,52,53,54],"class_list":["post-296171","post","type-post","status-publish","format-standard","has-post-thumbnail","category-varlden","tag-breaking-news","tag-breakingnews","tag-featured-news","tag-featurednews","tag-headlines","tag-huvudnyheter","tag-latest-news","tag-latestnews","tag-location-ohio","tag-main-news","tag-mainnews","tag-news","tag-nyheter","tag-rubriker","tag-se","tag-sections-varlden","tag-svenska","tag-sverige","tag-sweden","tag-swedish","tag-top-stories","tag-topic-barnomsorg","tag-topic-misshandel-overfall","tag-topic-myndigheter","tag-topstories","tag-varlden","tag-world","tag-world-news","tag-worldnews"],"share_on_mastodon":{"url":"https:\/\/pubeurope.com\/@se\/116862195201535462","error":""},"_links":{"self":[{"href":"https:\/\/www.europesays.com\/se\/wp-json\/wp\/v2\/posts\/296171","targetHints":{"allow":["GET"]}}],"collection":[{"href":"https:\/\/www.europesays.com\/se\/wp-json\/wp\/v2\/posts"}],"about":[{"href":"https:\/\/www.europesays.com\/se\/wp-json\/wp\/v2\/types\/post"}],"author":[{"embeddable":true,"href":"https:\/\/www.europesays.com\/se\/wp-json\/wp\/v2\/users\/2"}],"replies":[{"embeddable":true,"href":"https:\/\/www.europesays.com\/se\/wp-json\/wp\/v2\/comments?post=296171"}],"version-history":[{"count":0,"href":"https:\/\/www.europesays.com\/se\/wp-json\/wp\/v2\/posts\/296171\/revisions"}],"wp:featuredmedia":[{"embeddable":true,"href":"https:\/\/www.europesays.com\/se\/wp-json\/wp\/v2\/media\/296172"}],"wp:attachment":[{"href":"https:\/\/www.europesays.com\/se\/wp-json\/wp\/v2\/media?parent=296171"}],"wp:term":[{"taxonomy":"category","embeddable":true,"href":"https:\/\/www.europesays.com\/se\/wp-json\/wp\/v2\/categories?post=296171"},{"taxonomy":"post_tag","embeddable":true,"href":"https:\/\/www.europesays.com\/se\/wp-json\/wp\/v2\/tags?post=296171"}],"curies":[{"name":"wp","href":"https:\/\/api.w.org\/{rel}","templated":true}]}}