{"id":296508,"date":"2026-07-05T03:42:42","date_gmt":"2026-07-05T03:42:42","guid":{"rendered":"https:\/\/www.europesays.com\/se\/296508\/"},"modified":"2026-07-05T03:42:42","modified_gmt":"2026-07-05T03:42:42","slug":"alla-detaljer-om-taylor-swifts-brollop","status":"publish","type":"post","link":"https:\/\/www.europesays.com\/se\/296508\/","title":{"rendered":"Alla detaljer om Taylor Swifts br\u00f6llop"},"content":{"rendered":"<p>Uppdaterad 4 jul 2026 kl 15.30Publicerad 4 jul 2026 kl 13.47<\/p>\n<p>En sagotr\u00e4dg\u00e5rd, specialdesignade Dior-kl\u00e4der och en vigsel utf\u00f6rd av Adam Sandler.\u00a0<\/p>\n<p>H\u00e4r \u00e4r alla detaljer om Taylor Swifts och Travis Kelces omtalade br\u00f6llop \u2013 och g\u00e4stlistan var minst sagt stj\u00e4rnsp\u00e4ckad.<\/p>\n<p> Vigdes av komikern<\/p>\n<p> Gjorde entr\u00e9 till egna l\u00e5ten<\/p>\n<p> Dyra br\u00f6llopskl\u00e4nningen<\/p>\n<p> Stj\u00e4rnsp\u00e4ckade efterfesten<\/p>\n<p><img   alt=\"\"\/><\/p>\n<p>P\u00e5 fredagskv\u00e4llen gifta sig Taylor Swift i Madison Square Garden.<\/p>\n<p>Foto: ADMEDIA\/MEDIAPUNCH\/SHUTTERSTOCK \/ SHUTTERSTOCK EDITORIAL\/IBL<\/p>\n<p>\u00d6ppna bild i helsk\u00e4rm<img loading=\"lazy\"   alt=\"\"\/><\/p>\n<p>Taylor Swift och Travis Kelce.<\/p>\n<p>Foto: JOHN G. MABANGLO \/ EPA<\/p>\n<p>\u00d6ppna bild i helsk\u00e4rm<\/p>\n<p>Ett br\u00f6llop som h\u00e4mtat ur en saga.\u00a0<\/p>\n<p>S\u00e5 beskriver k\u00e4llor till amerikanska medier br\u00f6llopet p\u00e5 Madison Square Garden.\u00a0<\/p>\n<p>Enligt en k\u00e4lla till <a href=\"https:\/\/www.tmz.com\/\" rel=\"nofollow noopener\" target=\"_blank\">TMZ<\/a> ska <a href=\"https:\/\/www.expressen.se\/tagg\/person\/taylor-swift\/\" class=\"\" rel=\"nofollow noopener\" target=\"_blank\">Taylor Swift<\/a> ha gjort entr\u00e9 till en av sina egna l\u00e5tar, som spelades av en str\u00e5korkester. Brudgummen Travis Kelces brorsd\u00f6ttrar ska ha varit blomsterflickor. Deras pappa, Kelces bror Jason, var \u201dbest man\u201d, medan Swifts lillebror Austin var hennes \u201dman of honour\u201d.<\/p>\n<p>Vigseln utr\u00e4ttades av en av v\u00e4rldens k\u00e4ndaste komiker, Adam Sandler, som \u00e4r n\u00e4ra v\u00e4n till br\u00f6llopsparet. Enligt sajtens k\u00e4lla ska ceremonin ha skett p\u00e5 en upph\u00f6jning, och d\u00e4r under spelade orkestern.<\/p>\n<p>P\u00e5kostade kl\u00e4derna: Dior<\/p>\n<p><a href=\"https:\/\/www.tmz.com\/\" rel=\"nofollow noopener\" target=\"_blank\">TMZ<\/a> har ocks\u00e5 rapporterat att b\u00e5de Swift och Kelce bar skr\u00e4ddarsydda skapelser av m\u00e4rket Christian Dior Haute Couture. Brudgummen bar en vit kostym och artisten hade en l\u00e5ng kl\u00e4nning med ett sl\u00e4p.\u00a0<\/p>\n<p>Efter vigseln visade de stora sk\u00e4rmarna utanp\u00e5 Madison Square Garden att paret sagt ja:<\/p>\n<p>\u201dJUST&amp;T MARRIED!\u201d, gick det att l\u00e4sa.\u00a0<\/p>\n<p>Utanf\u00f6r arenan var ett stort s\u00e4kerhetsp\u00e5drag och fans som k\u00f6at f\u00f6r att spana in evenemanget.\u00a0<\/p>\n<p><img loading=\"lazy\"   alt=\"\"\/><\/p>\n<p>\u201dJUST&amp;T MARRIED!\u201d gick det att l\u00e4sa p\u00e5 skyltarna utanf\u00f6r efter vigseln.<\/p>\n<p>Foto: LAURA BRETT \/ EPA<\/p>\n<p>\u00d6ppna bild i helsk\u00e4rm<img loading=\"lazy\"   alt=\"\"\/><\/p>\n<p>Fansen utanf\u00f6r arenan.<\/p>\n<p>Foto: LEV RADIN \/ STELLA PICTURES<\/p>\n<p>\u00d6ppna bild i helsk\u00e4rm\u201dAlice i Underlandet\u201d-tema\u00a0<\/p>\n<p>Efter vigseln vankades det br\u00f6llopsfest med en minst sagt stj\u00e4rnsp\u00e4ckad g\u00e4stlista.\u00a0<\/p>\n<p>Jennifer Lopez. Tim McGraw. Tom Cruise. Gwen Stefani. Reese Witherspoon. Paul McCartney. Bradley Cooper. Dakota Johnson. Benson Boone. Karlie Kloss. Tom Brady. Nelly. Selena Gomez. Hugh Grant. Chris Rock \u2013 listan \u00e4r l\u00e5ng.\u00a0<\/p>\n<p>Inf\u00f6r br\u00f6llopet spekulerades det kring att ett slott skulle byggas upp i arenans enorma lokaler. Vittnen hade sett stora tr\u00e4d och grenar b\u00e4ras in, men nu beskriver en k\u00e4lla hur temat f\u00f6r festen var en blandning av \u201dAlice i Underlandet\u201d och \u201dTrollkarlen fr\u00e5n Oz\u201d.\u00a0<\/p>\n<p>En k\u00e4lla till TMZ beskriver dekorationen som en sagotr\u00e4dg\u00e5rd. Utan slott.\u00a0<\/p>\n<p><img loading=\"lazy\"   alt=\"\"\/><\/p>\n<p>Bradley Cooper p\u00e5 v\u00e4g till br\u00f6llopet.<\/p>\n<p>Foto: AGNY, GAPZ, GRHO, JEFF  \/ BACKGRID US \/ TT \/ TT NYHETSBYR\u00c5N<\/p>\n<p>\u00d6ppna bild i helsk\u00e4rm<img loading=\"lazy\"   alt=\"\"\/><\/p>\n<p>Supermodellen Karlie Kloss.<\/p>\n<p>Foto: TheImageDirect.com \/ TT NYHETSBYR\u00c5N<\/p>\n<p>\u00d6ppna bild i helsk\u00e4rmDetaljerna om efterfesten<\/p>\n<p>TMZ rapporterar att vigself\u00f6rr\u00e4ttaren Adam Sandler sj\u00f6ng en egen skojig l\u00e5t under br\u00f6llopsfesten, till\u00e4gnad br\u00f6llopsparet.<\/p>\n<p>Det har tidigare rapporterats om att Taylor Swift anv\u00e4nt sin favoritrestaurang Zero Bond f\u00f6r att f\u00f6rse g\u00e4sterna med mat under kv\u00e4llen.\u00a0<\/p>\n<p><a href=\"https:\/\/pagesix.com\/\" rel=\"nofollow noopener\" target=\"_blank\">Page Six <\/a>rapporterar att det under kv\u00e4llen f\u00f6rekom framtr\u00e4danden fr\u00e5n Taylor Swift sj\u00e4lv, fr\u00e5n Stevie Nicks, Paul McCartney och Tim McGraw.<\/p>\n<p>Under kv\u00e4llen h\u00f6lls flera br\u00f6llopstal. <a href=\"https:\/\/www.dailymail.com\/tvshowbiz\/article-15951945\/taylor-swift-lena-dunham-wedding-speech-rude-travis-kelce.html\" rel=\"nofollow noopener\" target=\"_blank\">Daily Mail <\/a>rapporterar att en av de som talade var Lena Dunham, skaparen av tv-serien \u201dGirls\u201d. Och det ska ha varit ett v\u00e5gat tal.\u00a0<\/p>\n<p>\u201dAmerikansk fotboll \u00e4r bara heterosnubbar som \u00e5terskapar gayporr\u201d, ska hon bland annat ha sagt, vilket m\u00f6ttes av blandade reaktioner.\u00a0<\/p>\n","protected":false},"excerpt":{"rendered":"Uppdaterad 4 jul 2026 kl 15.30Publicerad 4 jul 2026 kl 13.47 En sagotr\u00e4dg\u00e5rd, specialdesignade Dior-kl\u00e4der och en vigsel&hellip;\n","protected":false},"author":2,"featured_media":296509,"comment_status":"","ping_status":"","sticky":false,"template":"","format":"standard","meta":{"footnotes":"","_share_on_mastodon":"0"},"categories":[5],"tags":[22,23,26,27,440,17,21,24,25,27451,3263,28,29,15,16,6733,776,2316,18,34,31,33,32,30,19,401,17544,20],"class_list":["post-296508","post","type-post","status-publish","format-standard","has-post-thumbnail","category-rubriker","tag-breaking-news","tag-breakingnews","tag-featured-news","tag-featurednews","tag-function-unga","tag-headlines","tag-huvudnyheter","tag-latest-news","tag-latestnews","tag-location-madison-square-garden","tag-location-new-york","tag-main-news","tag-mainnews","tag-news","tag-nyheter","tag-person-adam-sandler","tag-person-taylor-swift","tag-person-travis-kelce","tag-rubriker","tag-se","tag-svenska","tag-sverige","tag-sweden","tag-swedish","tag-top-stories","tag-topic-brollop","tag-topic-internationella-artister","tag-topstories"],"share_on_mastodon":{"url":"https:\/\/pubeurope.com\/@se\/116865305580729937","error":""},"_links":{"self":[{"href":"https:\/\/www.europesays.com\/se\/wp-json\/wp\/v2\/posts\/296508","targetHints":{"allow":["GET"]}}],"collection":[{"href":"https:\/\/www.europesays.com\/se\/wp-json\/wp\/v2\/posts"}],"about":[{"href":"https:\/\/www.europesays.com\/se\/wp-json\/wp\/v2\/types\/post"}],"author":[{"embeddable":true,"href":"https:\/\/www.europesays.com\/se\/wp-json\/wp\/v2\/users\/2"}],"replies":[{"embeddable":true,"href":"https:\/\/www.europesays.com\/se\/wp-json\/wp\/v2\/comments?post=296508"}],"version-history":[{"count":0,"href":"https:\/\/www.europesays.com\/se\/wp-json\/wp\/v2\/posts\/296508\/revisions"}],"wp:featuredmedia":[{"embeddable":true,"href":"https:\/\/www.europesays.com\/se\/wp-json\/wp\/v2\/media\/296509"}],"wp:attachment":[{"href":"https:\/\/www.europesays.com\/se\/wp-json\/wp\/v2\/media?parent=296508"}],"wp:term":[{"taxonomy":"category","embeddable":true,"href":"https:\/\/www.europesays.com\/se\/wp-json\/wp\/v2\/categories?post=296508"},{"taxonomy":"post_tag","embeddable":true,"href":"https:\/\/www.europesays.com\/se\/wp-json\/wp\/v2\/tags?post=296508"}],"curies":[{"name":"wp","href":"https:\/\/api.w.org\/{rel}","templated":true}]}}