{"id":296551,"date":"2026-07-05T05:07:32","date_gmt":"2026-07-05T05:07:32","guid":{"rendered":"https:\/\/www.europesays.com\/se\/296551\/"},"modified":"2026-07-05T05:07:32","modified_gmt":"2026-07-05T05:07:32","slug":"ai-frigor-tid-men-manniskan-avgor-vardet-demoskop","status":"publish","type":"post","link":"https:\/\/www.europesays.com\/se\/296551\/","title":{"rendered":"AI frig\u00f6r tid, men m\u00e4nniskan avg\u00f6r v\u00e4rdet &#8211; Demoskop"},"content":{"rendered":"<ol>\n<li><a href=\"https:\/\/news.google.com\/rss\/articles\/CBMiiAFBVV95cUxPanNUekFDVHJ5VElWdTJIWWpfZ0pLT29aaHI2NldBOHJtN0FYbTFKNkV1TjNnZG5ucmItYlFOY2NudEhEamNvaXl5QzA2TXRqSFJkTlMtaGh4dTdjSFB0ZjQtTGQ5QnZMZlBnbW9lNkpjbFZ5OUVpNmFOZ0xJaTRsNVNiYnI4Nk5C?oc=5\" target=\"_blank\" rel=\"nofollow noopener\">AI frig\u00f6r tid, men m\u00e4nniskan avg\u00f6r v\u00e4rdet<\/a>&nbsp;&nbsp;Demoskop<\/li>\n<li><a href=\"https:\/\/news.google.com\/rss\/articles\/CBMikgFBVV95cUxPN1puck1iX1ZFMlBOMEU1VjhmeGVZczRyRVpqb3prY1I5Y08tLXlXZURKR19LV01qUHEtUU0xTklJUHBSMk8wSC05OGlzeERXUVE1NGVDU293QW5fWUpfZnlYME13WEloWDVRSFk3aEg0eHE3RERMazFWZkFlWV81TlJVNnVxNnpkZG1rb1dHU3NGQQ?oc=5\" target=\"_blank\" rel=\"nofollow noopener\">\u201dAI-strategin fastnar tidigare\u201d<\/a>&nbsp;&nbsp;Svenska Dagbladet<\/li>\n<li><a href=\"https:\/\/news.google.com\/rss\/articles\/CBMimAFBVV95cUxPYW9IaHg4RVZiYm13emE2a1NTTWNtLWVfQlBCdEpDZ2ZXVXRTODU2RzN6UjhtUFlSY3dScy1wYlp3MHhLVXFCNUhXbnBaZE5DWDVpMnN6QVFSNWwtTkZBdHZ3VERWcXpPSjZ5NGcweHdFR1BjNVY1b1VxNnVVZ1hHUjZMOXh3R082TzJoLXZ0RVE1YkN0cEFTcQ?oc=5\" target=\"_blank\" rel=\"nofollow noopener\">Inga politiker tar h\u00f6jd f\u00f6r AI-fr\u00e5gan<\/a>&nbsp;&nbsp;Kvartal<\/li>\n<li><a href=\"https:\/\/news.google.com\/rss\/articles\/CBMinwFBVV95cUxObm9zTW9uVnhzc1NINlZQWVhwQVVONGFGNEhzNjcyZkdIeW40NDY4RDZXeDFNWXpEc1N6Yl9tazFHdzhFSDBtYnp1SUk3SnVZV2NrdThZRVhOMzVaRmZxTktFZGFCQXd5NDJ0bHBUUUdmQjNydFJWQ3ZEMldTc0xYTmJGTnR5eVdsczM2QjNEZFRpSDBoZ2d1SC1SYmRGM00?oc=5\" target=\"_blank\" rel=\"nofollow noopener\">AI-racet avg\u00f6rs inte av algoritmer utan av m\u00e4nniskor<\/a>&nbsp;&nbsp;Chalmers tekniska h\u00f6gskola<\/li>\n<li><a href=\"https:\/\/news.google.com\/rss\/articles\/CBMixwFBVV95cUxNNFc4Yi1LOUxCOWNMS25MOGtqcktuTTVQck1wcWxlZkttOHducE1CTndLNVU5S2RRYzRqWnZHMlZ1Vy1oMmxkc2diWlFtbkk4TXJ6dGdTZUl3cnNPT2piQ1RHMzlwMjEyMXdDckRuOGRxYS13WWpPYjR0SVZIcnpfcldBQ25KbDJZN3JnS0g5Wm9qRWlVcWVYY1huSm0xWV92NTRoazA1MlZGc3U0M2twMVVYT3JsSmZkZmJCZWk4Q2l4T1RwZF8w?oc=5\" target=\"_blank\" rel=\"nofollow noopener\">Matrix42: &#8221;Varf\u00f6r ger miljardinvesteringarna i AI och digitalisering s\u00e5 f\u00e5 resultat??&#8221;<\/a>&nbsp;&nbsp;dagensinfrastruktur &#8211;<\/li>\n<\/ol>\n","protected":false},"excerpt":{"rendered":"AI frig\u00f6r tid, men m\u00e4nniskan avg\u00f6r v\u00e4rdet&nbsp;&nbsp;Demoskop \u201dAI-strategin fastnar tidigare\u201d&nbsp;&nbsp;Svenska Dagbladet Inga politiker tar h\u00f6jd f\u00f6r AI-fr\u00e5gan&nbsp;&nbsp;Kvartal AI-racet&hellip;\n","protected":false},"author":2,"featured_media":296552,"comment_status":"","ping_status":"","sticky":false,"template":"","format":"standard","meta":{"footnotes":"","_share_on_mastodon":"0"},"categories":[65],"tags":[713,4343,25688,72,70,71,505,34,31,33,32,30],"class_list":["post-296551","post","type-post","status-publish","format-standard","has-post-thumbnail","category-ekonomi","tag-ai","tag-aktuellt","tag-almedalen","tag-business","tag-economy","tag-ekonomi","tag-nyhet","tag-se","tag-svenska","tag-sverige","tag-sweden","tag-swedish"],"share_on_mastodon":{"url":"https:\/\/pubeurope.com\/@se\/116865639706571261","error":""},"_links":{"self":[{"href":"https:\/\/www.europesays.com\/se\/wp-json\/wp\/v2\/posts\/296551","targetHints":{"allow":["GET"]}}],"collection":[{"href":"https:\/\/www.europesays.com\/se\/wp-json\/wp\/v2\/posts"}],"about":[{"href":"https:\/\/www.europesays.com\/se\/wp-json\/wp\/v2\/types\/post"}],"author":[{"embeddable":true,"href":"https:\/\/www.europesays.com\/se\/wp-json\/wp\/v2\/users\/2"}],"replies":[{"embeddable":true,"href":"https:\/\/www.europesays.com\/se\/wp-json\/wp\/v2\/comments?post=296551"}],"version-history":[{"count":0,"href":"https:\/\/www.europesays.com\/se\/wp-json\/wp\/v2\/posts\/296551\/revisions"}],"wp:featuredmedia":[{"embeddable":true,"href":"https:\/\/www.europesays.com\/se\/wp-json\/wp\/v2\/media\/296552"}],"wp:attachment":[{"href":"https:\/\/www.europesays.com\/se\/wp-json\/wp\/v2\/media?parent=296551"}],"wp:term":[{"taxonomy":"category","embeddable":true,"href":"https:\/\/www.europesays.com\/se\/wp-json\/wp\/v2\/categories?post=296551"},{"taxonomy":"post_tag","embeddable":true,"href":"https:\/\/www.europesays.com\/se\/wp-json\/wp\/v2\/tags?post=296551"}],"curies":[{"name":"wp","href":"https:\/\/api.w.org\/{rel}","templated":true}]}}