{"id":296945,"date":"2026-07-05T15:26:15","date_gmt":"2026-07-05T15:26:15","guid":{"rendered":"https:\/\/www.europesays.com\/se\/296945\/"},"modified":"2026-07-05T15:26:15","modified_gmt":"2026-07-05T15:26:15","slug":"johanna-nordstrom-fick-gora-akut-kejsarsnitt","status":"publish","type":"post","link":"https:\/\/www.europesays.com\/se\/296945\/","title":{"rendered":"Johanna Nordstr\u00f6m fick g\u00f6ra akut kejsarsnitt"},"content":{"rendered":"<p>Uppdaterad 5 jul 2026 kl 17.22Publicerad 5 jul 2026 kl 17.01<\/p>\n<p>Johanna Nordstr\u00f6m och Adam Smedberg <a href=\"https:\/\/www.expressen.se\/noje\/johanna-nordstrom-har-fatt-barn-\/\" rel=\"nofollow noopener\" target=\"_blank\">blev f\u00f6r\u00e4ldrar<\/a> till sin son Stellan i mitten p\u00e5 juni.<\/p>\n<p>Nu delar Nordstr\u00f6m med sig av en detalj om f\u00f6rlossningen.<\/p>\n<p>\u201dDet blev akut snitt\u201d, skriver hon p\u00e5 Instagram.<\/p>\n<p><img   alt=\"\"\/><\/p>\n<p>I mitten av juni blev Johanna Nordstr\u00f6m mamma f\u00f6r f\u00f6rsta g\u00e5ngen.<\/p>\n<p>Foto: Karin T\u00f6rnblom\/TT \/ IBL<\/p>\n<p>\u00d6ppna bild i helsk\u00e4rm<img loading=\"lazy\"   alt=\"\"\/><\/p>\n<p>P\u00e5 Instagram visade hon upp sonen Stellan.<\/p>\n<p>Foto: Instagram<\/p>\n<p>\u00d6ppna bild i helsk\u00e4rm<img loading=\"lazy\"   alt=\"\"\/><\/p>\n<p>I en h\u00e4ndelse delar komikern nu detaljer om f\u00f6rlossningen.<\/p>\n<p>Foto: Instagram<\/p>\n<p>\u00d6ppna bild i helsk\u00e4rm<img loading=\"lazy\"   alt=\"\"\/><\/p>\n<p>D\u00e4r ber\u00e4ttar hon att det blev akut kejsarsnitt.<\/p>\n<p>Foto: Instagram<\/p>\n<p>\u00d6ppna bild i helsk\u00e4rm<\/p>\n<p>Poddaren och komikern <a href=\"https:\/\/www.expressen.se\/tagg\/person\/johanna-nordstrom\/\" class=\"\" rel=\"nofollow noopener\" target=\"_blank\">Johanna Nordstr\u00f6m<\/a>, 30, och pojkv\u00e4nnen Adam Smedberg, 28, har f\u00e5tt sitt f\u00f6rsta barn.<\/p>\n<p>Nu ber\u00e4ttar Johanna Nordstr\u00f6m kort om hur f\u00f6rlossningen gick till under en fr\u00e5gestund p\u00e5 Instagram.<\/p>\n<p>En person fr\u00e5gar: \u201dBlev det akut snitt f\u00f6r dig? Hur har \u00e5terh\u00e4mtningen g\u00e5tt?\u201d. D\u00e5 svarar Johanna Nordstr\u00f6m: \u201dJa det blev akut snitt! Det har g\u00e5tt ov\u00e4ntat bra, mer om detta i podden i augusti\u201d.<\/p>\n<p>Tillsammans med tv-profilen Edvin T\u00f6rnblom har Nordstr\u00f6m podcasten \u201dUrs\u00e4kta\u201d.\u00a0<\/p>\n<p>Expressen s\u00f6ker Johanna Nordstr\u00f6m.<\/p>\n","protected":false},"excerpt":{"rendered":"Uppdaterad 5 jul 2026 kl 17.22Publicerad 5 jul 2026 kl 17.01 Johanna Nordstr\u00f6m och Adam Smedberg blev f\u00f6r\u00e4ldrar&hellip;\n","protected":false},"author":2,"featured_media":296946,"comment_status":"","ping_status":"","sticky":false,"template":"","format":"standard","meta":{"footnotes":"","_share_on_mastodon":"0"},"categories":[67],"tags":[104,440,14426,34,31,33,32,30,17578,105],"class_list":["post-296945","post","type-post","status-publish","format-standard","has-post-thumbnail","category-underhallning","tag-entertainment","tag-function-unga","tag-person-johanna-nordstrom","tag-se","tag-svenska","tag-sverige","tag-sweden","tag-swedish","tag-topic-kandisnyheter","tag-underhallning"],"share_on_mastodon":{"url":"https:\/\/pubeurope.com\/@se\/116868073852798604","error":""},"_links":{"self":[{"href":"https:\/\/www.europesays.com\/se\/wp-json\/wp\/v2\/posts\/296945","targetHints":{"allow":["GET"]}}],"collection":[{"href":"https:\/\/www.europesays.com\/se\/wp-json\/wp\/v2\/posts"}],"about":[{"href":"https:\/\/www.europesays.com\/se\/wp-json\/wp\/v2\/types\/post"}],"author":[{"embeddable":true,"href":"https:\/\/www.europesays.com\/se\/wp-json\/wp\/v2\/users\/2"}],"replies":[{"embeddable":true,"href":"https:\/\/www.europesays.com\/se\/wp-json\/wp\/v2\/comments?post=296945"}],"version-history":[{"count":0,"href":"https:\/\/www.europesays.com\/se\/wp-json\/wp\/v2\/posts\/296945\/revisions"}],"wp:featuredmedia":[{"embeddable":true,"href":"https:\/\/www.europesays.com\/se\/wp-json\/wp\/v2\/media\/296946"}],"wp:attachment":[{"href":"https:\/\/www.europesays.com\/se\/wp-json\/wp\/v2\/media?parent=296945"}],"wp:term":[{"taxonomy":"category","embeddable":true,"href":"https:\/\/www.europesays.com\/se\/wp-json\/wp\/v2\/categories?post=296945"},{"taxonomy":"post_tag","embeddable":true,"href":"https:\/\/www.europesays.com\/se\/wp-json\/wp\/v2\/tags?post=296945"}],"curies":[{"name":"wp","href":"https:\/\/api.w.org\/{rel}","templated":true}]}}