{"id":29726,"date":"2025-09-14T10:12:42","date_gmt":"2025-09-14T10:12:42","guid":{"rendered":"https:\/\/www.europesays.com\/se\/29726\/"},"modified":"2025-09-14T10:12:42","modified_gmt":"2025-09-14T10:12:42","slug":"sjofartstidningen-hamnkonflikten-ar-over","status":"publish","type":"post","link":"https:\/\/www.europesays.com\/se\/29726\/","title":{"rendered":"Sj\u00f6fartstidningen &#8211; Hamnkonflikten \u00e4r \u00f6ver"},"content":{"rendered":"<p>\n    Konflikten mellan Svenska Hamnarbetarf\u00f6rbundet och Sveriges Hamnar \u00e4r \u00f6ver. Under torsdagen skrev b\u00e5da parterna under ett nytt kollektivavtal som \u00e4r likadant som det som tidigare tecknats med Transportarbetarf\u00f6rbundet.\n  <\/p>\n<p>Sveriges Hamnar, som ing\u00e5r i Transportf\u00f6retagen, skriver i ett pressmeddelande att organisationen tecknat ett andrahandsavtal med Svenska Hamnarbetarf\u00f6rbundet. Avtalet \u00e4r exakt likadant som Hamn- och stuveriavtalet som tecknats med Svenska Transportarbetarf\u00f6rbundet.<\/p>\n<p>\u2013 Nu har vi, f\u00f6r fj\u00e4rde g\u00e5ngen, tecknat ett likalydande andrahandsavtal med Hamnarbetarf\u00f6rbundet. Detta efter en sommar av on\u00f6diga strejker som orsakat tusentals f\u00f6rlorade arbetsdagar i hamnarna. Vi ser nu fram emot arbetsro s\u00e5 att hamnarna kan fokusera p\u00e5 sin viktiga uppgift att trygga Sveriges transporter, s\u00e4ger Johan Grauers, f\u00f6rhandlingschef, Sveriges Hamnar.<\/p>\n<p>H\u00f6ll medlemsomr\u00f6stning<\/p>\n<p>Efter att medling p\u00e5g\u00e5tt vid flera tillf\u00e4llen sedan i v\u00e5ras kom parterna till slut \u00f6verens om ett kollektivavtal efter att majoriteten av Hamnarbetarf\u00f6rbundets medlemmar r\u00f6stat f\u00f6r att acceptera medlarnas senaste bud.<\/p>\n<p>Hamnarbetarf\u00f6rbundet skriver i ett pressmeddelande att man kommer att forts\u00e4tta driva fr\u00e5gorna i avdelningarna under de n\u00e4rmaste sexton m\u00e5naderna.<\/p>\n<p>\u2013 Vi har inte uppn\u00e5tt n\u00e5gra tvingande skrivelser vad g\u00e4ller v\u00e5ra prioriterade fr\u00e5gor om skydd f\u00f6r f\u00f6rtroendevalda och en rimlig fritid f\u00f6r bemanningsanst\u00e4llda, s\u00e4ger f\u00f6rbundsordf\u00f6rande Martin Berg i ett pressmeddelande.<\/p>\n<p>Fr\u00e5gan l\u00e4r \u00e5terkomma<\/p>\n<p>Kollektivavtalen g\u00e4ller till och med den 30 april 2027. Det inneb\u00e4r att n\u00e4sta avtalsr\u00f6relse startar om ett och ett halvt \u00e5r.<\/p>\n<p>Sveriges hamnar skriver att strejkerna under sommaren har inneburit omkring tusentals f\u00f6rlorade arbetsdagar i Sveriges hamnar, och att det varit en mycket omfattande strejk.<\/p>\n<p>\u2013 De senaste veckorna har det inte varit n\u00e5gra strids\u00e5tg\u00e4rder, men under f\u00f6rsommaren var det omfattande strejker d\u00e4r tusentals arbetsdagar gick f\u00f6rlorade i strejkerna, s\u00e4ger Johan Grauers till SVT Nyheter.<\/p>\n<p>Sedan 2019 har Hamnarbetarf\u00f6rbundet tecknat s\u00e5 kallat andrahandsavtal med Sveriges Hamnar, ett likalydande kollektivavtal med exakt samma villkor som i Hamn- och Stuveriavtalet.<\/p>\n<p>Fakta om avtalet<\/p>\n<p>Andrahandsavtalet ger HF fackliga r\u00e4ttigheter enligt lag, s\u00e5som:<\/p>\n<ul>\n<li>r\u00e4tt till f\u00f6rhandling innan t.ex. beslut om viktigare f\u00f6r\u00e4ndringar (MBL-f\u00f6rhandling)<\/li>\n<li>r\u00e4tt att utse fackliga f\u00f6rtroendem\u00e4n<\/li>\n<li>r\u00e4tt till betald facklig tid<\/li>\n<li>r\u00e4tt att utse skyddsombud och delta i arbetsmilj\u00f6arbetet<\/li>\n<li>r\u00e4tt att f\u00f6rhandla f\u00f6r medlemmar i lokala och centrala f\u00f6rhandlingar<\/li>\n<li>andra organisatoriska r\u00e4ttigheter enligt lag.<\/li>\n<\/ul>\n","protected":false},"excerpt":{"rendered":"Konflikten mellan Svenska Hamnarbetarf\u00f6rbundet och Sveriges Hamnar \u00e4r \u00f6ver. Under torsdagen skrev b\u00e5da parterna under ett nytt kollektivavtal&hellip;\n","protected":false},"author":2,"featured_media":29727,"comment_status":"","ping_status":"","sticky":false,"template":"","format":"standard","meta":{"footnotes":""},"categories":[65],"tags":[720,72,70,71,34,31,33,32,30],"class_list":{"0":"post-29726","1":"post","2":"type-post","3":"status-publish","4":"format-standard","5":"has-post-thumbnail","7":"category-ekonomi","8":"tag-arbetsmarknad","9":"tag-business","10":"tag-economy","11":"tag-ekonomi","12":"tag-se","13":"tag-svenska","14":"tag-sverige","15":"tag-sweden","16":"tag-swedish"},"share_on_mastodon":{"url":"","error":""},"_links":{"self":[{"href":"https:\/\/www.europesays.com\/se\/wp-json\/wp\/v2\/posts\/29726","targetHints":{"allow":["GET"]}}],"collection":[{"href":"https:\/\/www.europesays.com\/se\/wp-json\/wp\/v2\/posts"}],"about":[{"href":"https:\/\/www.europesays.com\/se\/wp-json\/wp\/v2\/types\/post"}],"author":[{"embeddable":true,"href":"https:\/\/www.europesays.com\/se\/wp-json\/wp\/v2\/users\/2"}],"replies":[{"embeddable":true,"href":"https:\/\/www.europesays.com\/se\/wp-json\/wp\/v2\/comments?post=29726"}],"version-history":[{"count":0,"href":"https:\/\/www.europesays.com\/se\/wp-json\/wp\/v2\/posts\/29726\/revisions"}],"wp:featuredmedia":[{"embeddable":true,"href":"https:\/\/www.europesays.com\/se\/wp-json\/wp\/v2\/media\/29727"}],"wp:attachment":[{"href":"https:\/\/www.europesays.com\/se\/wp-json\/wp\/v2\/media?parent=29726"}],"wp:term":[{"taxonomy":"category","embeddable":true,"href":"https:\/\/www.europesays.com\/se\/wp-json\/wp\/v2\/categories?post=29726"},{"taxonomy":"post_tag","embeddable":true,"href":"https:\/\/www.europesays.com\/se\/wp-json\/wp\/v2\/tags?post=29726"}],"curies":[{"name":"wp","href":"https:\/\/api.w.org\/{rel}","templated":true}]}}