{"id":29743,"date":"2025-09-14T10:47:07","date_gmt":"2025-09-14T10:47:07","guid":{"rendered":"https:\/\/www.europesays.com\/se\/29743\/"},"modified":"2025-09-14T10:47:07","modified_gmt":"2025-09-14T10:47:07","slug":"polisen-anvander-dronare-infor-derbyt","status":"publish","type":"post","link":"https:\/\/www.europesays.com\/se\/29743\/","title":{"rendered":"Polisen anv\u00e4nder dr\u00f6nare inf\u00f6r derbyt"},"content":{"rendered":"<p><strong>Djurg\u00e5rden tar emot Hammarby i allsvenskan.<br \/>D\u00e5 tar Stockholmspolisen till dr\u00f6nare f\u00f6r kamerabevakning inf\u00f6r det heta derbyt.<br \/>\u201dSyftet \u00e4r att f\u00f6rebygga, f\u00f6rhindra och uppt\u00e4cka brott\u201d, skriver Polisen.<\/strong><\/p>\n<p><img loading=\"lazy\" decoding=\"async\" width=\"1024\" height=\"576\" src=\"https:\/\/www.europesays.com\/se\/wp-content\/uploads\/2025\/09\/polis-1024x576.jpg\" alt=\"240526 Och Polis inf\u00f6r fotbollsmatchen i Superettan mellan Helsingborg och Landskrona den 26 maj 2024 i Helsingborg.\" class=\"wp-image-317032\"  \/>Foto: Bildbyr\u00e5n<\/p>\n<p><strong>\u2714\ufe0f F\u00f6lj derbyt mellan Djurg\u00e5rden och Hammarby <a href=\"https:\/\/fotbolldirekt.se\/allsvenskan\/live-djurgardens-if-hammarby-if\/\" rel=\"nofollow noopener\" target=\"_blank\">LIVE h\u00e4r<\/a>!<\/strong><\/p>\n<p>S\u00f6ndagseftermiddagen bjuder p\u00e5 en riktig sm\u00e4llkaramell i <a href=\"https:\/\/fotbolldirekt.se\/allsvenskan\/\" rel=\"nofollow noopener\" target=\"_blank\">allsvenskans<\/a> 23:e omg\u00e5ng. Tabell\u00e5ttan <a href=\"https:\/\/fotbolldirekt.se\/klubb\/djurgardens-if\/\" rel=\"nofollow noopener\" target=\"_blank\">Djurg\u00e5rden<\/a> tar emot andraplacerade <a href=\"https:\/\/fotbolldirekt.se\/klubb\/hammarby-if\/\" rel=\"nofollow noopener\" target=\"_blank\">Hammarby<\/a> i ett hett rivalm\u00f6te och derby p\u00e5 3Arena i Stockholm. D\u00e5 meddelar polisen att dr\u00f6nare kommer att anv\u00e4ndas f\u00f6r kamerabevakning.<\/p>\n<p>P\u00e5 sin hemsida meddelar Stockholmspolisen att kamerabevakningen g\u00e4ller omr\u00e5den runt 3Arena, S\u00f6dermalm och H\u00f6torget i centrala Stockholm. Tidsperioden \u00e4r mellan klockan 10:00 och 20:00 under s\u00f6ndagen.<\/p>\n<p>\u201dSyftet \u00e4r att f\u00f6rebygga, f\u00f6rhindra och uppt\u00e4cka brott samt underl\u00e4tta och m\u00f6jligg\u00f6ra utredning och bevisning av intr\u00e4ffade brott\u201d, skriver polisen.<\/p>\n<p>Stockholmsderbyt startar klockan 14:00 under s\u00f6ndagen.<\/p>\n","protected":false},"excerpt":{"rendered":"Djurg\u00e5rden tar emot Hammarby i allsvenskan.D\u00e5 tar Stockholmspolisen till dr\u00f6nare f\u00f6r kamerabevakning inf\u00f6r det heta derbyt.\u201dSyftet \u00e4r att&hellip;\n","protected":false},"author":2,"featured_media":29744,"comment_status":"","ping_status":"","sticky":false,"template":"","format":"standard","meta":{"footnotes":""},"categories":[12],"tags":[22,23,26,27,17,21,24,25,28,29,774,15,16,18,34,31,33,32,30,19,20],"class_list":{"0":"post-29743","1":"post","2":"type-post","3":"status-publish","4":"format-standard","5":"has-post-thumbnail","7":"category-sverige","8":"tag-breaking-news","9":"tag-breakingnews","10":"tag-featured-news","11":"tag-featurednews","12":"tag-headlines","13":"tag-huvudnyheter","14":"tag-latest-news","15":"tag-latestnews","16":"tag-main-news","17":"tag-mainnews","18":"tag-mini-top-block-1","19":"tag-news","20":"tag-nyheter","21":"tag-rubriker","22":"tag-se","23":"tag-svenska","24":"tag-sverige","25":"tag-sweden","26":"tag-swedish","27":"tag-top-stories","28":"tag-topstories"},"share_on_mastodon":{"url":"","error":""},"_links":{"self":[{"href":"https:\/\/www.europesays.com\/se\/wp-json\/wp\/v2\/posts\/29743","targetHints":{"allow":["GET"]}}],"collection":[{"href":"https:\/\/www.europesays.com\/se\/wp-json\/wp\/v2\/posts"}],"about":[{"href":"https:\/\/www.europesays.com\/se\/wp-json\/wp\/v2\/types\/post"}],"author":[{"embeddable":true,"href":"https:\/\/www.europesays.com\/se\/wp-json\/wp\/v2\/users\/2"}],"replies":[{"embeddable":true,"href":"https:\/\/www.europesays.com\/se\/wp-json\/wp\/v2\/comments?post=29743"}],"version-history":[{"count":0,"href":"https:\/\/www.europesays.com\/se\/wp-json\/wp\/v2\/posts\/29743\/revisions"}],"wp:featuredmedia":[{"embeddable":true,"href":"https:\/\/www.europesays.com\/se\/wp-json\/wp\/v2\/media\/29744"}],"wp:attachment":[{"href":"https:\/\/www.europesays.com\/se\/wp-json\/wp\/v2\/media?parent=29743"}],"wp:term":[{"taxonomy":"category","embeddable":true,"href":"https:\/\/www.europesays.com\/se\/wp-json\/wp\/v2\/categories?post=29743"},{"taxonomy":"post_tag","embeddable":true,"href":"https:\/\/www.europesays.com\/se\/wp-json\/wp\/v2\/tags?post=29743"}],"curies":[{"name":"wp","href":"https:\/\/api.w.org\/{rel}","templated":true}]}}