{"id":29746,"date":"2025-09-14T10:51:11","date_gmt":"2025-09-14T10:51:11","guid":{"rendered":"https:\/\/www.europesays.com\/se\/29746\/"},"modified":"2025-09-14T10:51:11","modified_gmt":"2025-09-14T10:51:11","slug":"carolin-bjornerhag-visar-upp-nya-pojkvannen-simon-bernsdorff-wallstedt","status":"publish","type":"post","link":"https:\/\/www.europesays.com\/se\/29746\/","title":{"rendered":"Carolin Bj\u00f6rnerhag visar upp nya pojkv\u00e4nnen Simon Bernsdorff Wallstedt"},"content":{"rendered":"<p>Publicerad 14 sep 2025 kl 12.27<\/p>\n<p>TV4:s Carolin Bj\u00f6rnerhag \u00e4r f\u00f6r\u00e4lskad.<\/p>\n<p>Expressen kan ber\u00e4tta att \u201dNyhetsmorgon\u201d-profilen m\u00f6tt k\u00e4rleken i Simon Bernsdorff Wallstedt.<\/p>\n<p>\u2013 Vi tr\u00e4ffades via en app kan jag s\u00e4ga. Appar \u00e4r bra.\u00a0<\/p>\n<p><img   alt=\"\"\/><\/p>\n<p>Simon Bernsdorff Wallstedt och Carolin Bj\u00f6rnerhag g\u00f6r debut som par p\u00e5 r\u00f6da mattan.<\/p>\n<p>Foto: KARIN T\u00d6RNBLOM \/ KARIN T\u00d6RNBLOM<\/p>\n<p>\u00d6ppna bild i helsk\u00e4rm<\/p>\n<p>\u201d<a href=\"https:\/\/www.expressen.se\/tagg\/organization\/nyhetsmorgon\/\" class=\"\" rel=\"nofollow noopener\" target=\"_blank\">Nyhetsmorgon<\/a>\u201d-profilen Carolin Bj\u00f6rnerhag \u00e4r inte l\u00e4ngre singel.<\/p>\n<p>\u2013 Ja, jag har hittat k\u00e4rleken. Och vi har matchat varandra i dag ocks\u00e5 n\u00e4r det g\u00e4ller kl\u00e4derna, s\u00e4ger Carolin Bj\u00f6rnerhag n\u00e4r Expressen tr\u00e4ffar henne och nye pojkv\u00e4nnen Simon p\u00e5 r\u00f6da mattan vid premi\u00e4ren av \u201dTrassel\u201d p\u00e5 Oscarsteatern.\u00a0<\/p>\n<p>Simon \u00e4r f\u00f6rst lite tveksam och \u00f6verraskad \u00f6ver uppst\u00e5ndelsen.\u00a0<\/p>\n<p>\u2013 Jag hade faktiskt ingen aning om att det skulle vara ett s\u00e5nt h\u00e4r p\u00e5drag h\u00e4r i dag. Det hade jag inte ens t\u00e4nkt p\u00e5. Det kom verkligen som en \u00f6verraskning, s\u00e4ger Simon.\u00a0<\/p>\n<p><strong>Hur l\u00e4nge har ni varit tillsammans?<\/strong><\/p>\n<p>\u2013I ett halv\u00e5r ungef\u00e4r. S\u00e5 visst har jag h\u00e5llit det hemligt bra, s\u00e4ger Carolin.\u00a0<\/p>\n<p><strong>Tr\u00e4ffades ni via jobbet?<\/strong><\/p>\n<p>\u2013 Nej, det gjorde vi inte. Han \u00e4r en \u201dvanlis\u201d med ett alldeles vanligt jobb. Tack och lov.\u00a0<\/p>\n<p><strong>Men hur gick det till? N\u00e5gra h\u00e4rliga detaljer tack.<\/strong>\u00a0<\/p>\n<p>\u2013 Tror du verkligen att du kommer f\u00e5 n\u00e5gra smaskiga detaljer h\u00e4r, s\u00e4ger hon skrattar.\u00a0<\/p>\n<p>\u2013 Nej, men vi tr\u00e4ffades via en app kan jag s\u00e4ga. Appar \u00e4r bra.\u00a0<\/p>\n<p>Parets sommar ihop<\/p>\n<p>Carolin som i vanliga fall \u00e4r \u201dflygande reporter\u201d har haft fullt upp d\u00e5 hon hoppat in som programledare under de ordinarie s\u00e4ndningarna av \u201dNyhetsmorgon\u201d under sommaren.\u00a0<\/p>\n<p>Men det har inte bara varit jobb.\u00a0<\/p>\n<p>\u2013 Sommaren har varit toppen. Tyv\u00e4rr hade vi inte s\u00e5 mycket semester ihop, Simon och jag, men vi gjorde det b\u00e4sta av dagarna vi hade tillsammans. Vi badade, k\u00e4kade gott och bara h\u00e4ngde.\u00a0<\/p>\n<p><strong>N\u00e4sta steg d\u00e5? Sambos? Eller bor ni redan ihop?<\/strong><\/p>\n<p>\u2013 Nej, \u00e4n s\u00e5 l\u00e4nge bor vi inte ihop. Men det \u00e4r v\u00e4l den l\u00e5ngsiktiga planen. Att vi ska flytta ihop. Fast det \u00e4r inget som vi k\u00e4nner att vi beh\u00f6ver stressa fram. Allt k\u00e4nns j\u00e4ttebra och vi har v\u00e4ldigt kul ihop, s\u00e4ger Bj\u00f6rnerhag.<\/p>\n","protected":false},"excerpt":{"rendered":"Publicerad 14 sep 2025 kl 12.27 TV4:s Carolin Bj\u00f6rnerhag \u00e4r f\u00f6r\u00e4lskad. Expressen kan ber\u00e4tta att \u201dNyhetsmorgon\u201d-profilen m\u00f6tt k\u00e4rleken&hellip;\n","protected":false},"author":2,"featured_media":29747,"comment_status":"","ping_status":"","sticky":false,"template":"","format":"standard","meta":{"footnotes":""},"categories":[67],"tags":[104,1245,384,34,31,33,32,30,547,105],"class_list":{"0":"post-29746","1":"post","2":"type-post","3":"status-publish","4":"format-standard","5":"has-post-thumbnail","7":"category-underhallning","8":"tag-entertainment","9":"tag-organization-nyhetsmorgon","10":"tag-organization-tv4","11":"tag-se","12":"tag-svenska","13":"tag-sverige","14":"tag-sweden","15":"tag-swedish","16":"tag-topic-karlek-relationer","17":"tag-underhallning"},"share_on_mastodon":{"url":"","error":""},"_links":{"self":[{"href":"https:\/\/www.europesays.com\/se\/wp-json\/wp\/v2\/posts\/29746","targetHints":{"allow":["GET"]}}],"collection":[{"href":"https:\/\/www.europesays.com\/se\/wp-json\/wp\/v2\/posts"}],"about":[{"href":"https:\/\/www.europesays.com\/se\/wp-json\/wp\/v2\/types\/post"}],"author":[{"embeddable":true,"href":"https:\/\/www.europesays.com\/se\/wp-json\/wp\/v2\/users\/2"}],"replies":[{"embeddable":true,"href":"https:\/\/www.europesays.com\/se\/wp-json\/wp\/v2\/comments?post=29746"}],"version-history":[{"count":0,"href":"https:\/\/www.europesays.com\/se\/wp-json\/wp\/v2\/posts\/29746\/revisions"}],"wp:featuredmedia":[{"embeddable":true,"href":"https:\/\/www.europesays.com\/se\/wp-json\/wp\/v2\/media\/29747"}],"wp:attachment":[{"href":"https:\/\/www.europesays.com\/se\/wp-json\/wp\/v2\/media?parent=29746"}],"wp:term":[{"taxonomy":"category","embeddable":true,"href":"https:\/\/www.europesays.com\/se\/wp-json\/wp\/v2\/categories?post=29746"},{"taxonomy":"post_tag","embeddable":true,"href":"https:\/\/www.europesays.com\/se\/wp-json\/wp\/v2\/tags?post=29746"}],"curies":[{"name":"wp","href":"https:\/\/api.w.org\/{rel}","templated":true}]}}