{"id":298275,"date":"2026-07-06T23:41:26","date_gmt":"2026-07-06T23:41:26","guid":{"rendered":"https:\/\/www.europesays.com\/se\/298275\/"},"modified":"2026-07-06T23:41:26","modified_gmt":"2026-07-06T23:41:26","slug":"hamas-upploser-gazas-styre-varlden","status":"publish","type":"post","link":"https:\/\/www.europesays.com\/se\/298275\/","title":{"rendered":"Hamas: Uppl\u00f6ser Gazas styre | V\u00e4rlden"},"content":{"rendered":"<p>Uppdaterad 6 jul 2026 kl 13.41Publicerad 6 jul 2026 kl 11.58<\/p>\n<p>Hamas uppl\u00f6ser det organ som styrt Gazaremsan i n\u00e4stan tv\u00e5 decennier, bekr\u00e4ftar r\u00f6relsen.<\/p>\n<p><img   alt=\"\"\/><\/p>\n<p>Hamas f\u00f6rbereder sig p\u00e5 att uppl\u00f6sa det organ som styrt Gazaremsan.<\/p>\n<p>Foto: YOUNIS\/MEI\/SIPA\/SHUTTERSTOCK \/ SHUTTERSTOCK EDITORIAL\/IBL<\/p>\n<p>\u00d6ppna bild i helsk\u00e4rm<\/p>\n<p>Fr\u00e5gan \u00e4r om det \u00e4r b\u00f6rjan p\u00e5 slutet f\u00f6r <a href=\"https:\/\/www.expressen.se\/tagg\/organization\/hamas\/\" class=\"\" rel=\"nofollow noopener\" target=\"_blank\">Hamas<\/a> \u2013 eller en \u201dslug man\u00f6ver\u201d f\u00f6r att bibeh\u00e5lla makten, s\u00e4ger Mellan\u00f6sternexperten Anders Persson.<\/p>\n<p>M\u00e5ndagens beslut meddelas p\u00e5 en presstr\u00e4ff i Dayr al-Balah i centrala Gaza.<\/p>\n<p>Chefen f\u00f6r regeringens kriskommitt\u00e9, Mohammed al-Farra, har formellt l\u00e4mnat in sin avskedsans\u00f6kan, s\u00e4ger chefen f\u00f6r Hamas statliga mediebyr\u00e5 till AFP.Han har ocks\u00e5 beslutat att uppl\u00f6sa organet f\u00f6r att underl\u00e4tta den administrativa och statliga \u00f6verg\u00e5ngen till den nationella kommitt\u00e9n f\u00f6r f\u00f6rvaltning av Gaza, forts\u00e4tter han.<\/p>\n<p>\u00c5tg\u00e4rden banar v\u00e4g f\u00f6r att l\u00e5ta en teknokratisk kommitt\u00e9 inf\u00f6ra civilt styre i den krigsh\u00e4rjade landremsan, enligt avtalet om vapenvila mellan Israel och Hamas fr\u00e5n september f\u00f6rra \u00e5ret. Kort efter Hamas besked bekr\u00e4ftar kommitt\u00e9n att den \u00e4r redo att ta \u00f6ver makten, rapporterar AFP.<\/p>\n<p>B\u00f6rjan p\u00e5 slutet?<\/p>\n<p>Den stora fr\u00e5gan \u00e4r om det h\u00e4r \u00e4r b\u00f6rjan p\u00e5 slutet f\u00f6r Hamas i Gaza, eller om det \u00e4r en slug man\u00f6ver f\u00f6r att klamra sig fast vid makten, s\u00e4ger Anders Persson, docent i statsvetenskap vid Linn\u00e9universitetet.Det kan inneb\u00e4ra att den teknokratiska kommitt\u00e9n tar \u00f6ver ansvar f\u00f6r skolor, sjukv\u00e5rd och soph\u00e4mtning, men att Hamas sitter p\u00e5 den verkliga makten, med sina vapen, under jord, forts\u00e4tter han.<\/p>\n<p>Sedan vapenvilan tr\u00e4dde i kraft i fjol har Hamas flera g\u00e5nger sagt sig vara redo att uppl\u00f6sa styret, men den infekterade fr\u00e5gan om r\u00f6relsens avv\u00e4pning har hittills kommit emellan.<\/p>\n<p>\u201dHizbollahmodell\u201d<\/p>\n<p>Vad jag kan se finns det ingenting som handlar om att Hamas ska ge upp sina vapen nu, s\u00e4ger Anders Persson, som menar att det \u00e4r m\u00f6jligt att Hamas anammar en \u201dHizbollahmodell\u201d d\u00e4r r\u00f6relsen ger ifr\u00e5n sig den politiska kontrollen av Gazaremsan.<\/p>\n<p>Den teknokratiska regeringen best\u00e5r av 15 palestinska representanter. Konstellationen \u00e4r underst\u00e4lld Donald Trumps s\u00e5 kallade fredsr\u00e5d, d\u00e4r den amerikanske presidenten sj\u00e4lv \u00e4r ordf\u00f6rande.<\/p>\n<p>Under vapenvilan har Israel ut\u00f6kat sin milit\u00e4ra n\u00e4rvaro till att nu kontrollera n\u00e4stan 70 procent av Gazaremsan. De d\u00f6dliga israeliska attackerna har samtidigt fortsatt.<\/p>\n","protected":false},"excerpt":{"rendered":"Uppdaterad 6 jul 2026 kl 13.41Publicerad 6 jul 2026 kl 11.58 Hamas uppl\u00f6ser det organ som styrt Gazaremsan&hellip;\n","protected":false},"author":2,"featured_media":298276,"comment_status":"","ping_status":"","sticky":false,"template":"","format":"standard","meta":{"footnotes":"","_share_on_mastodon":"0"},"categories":[5],"tags":[22,23,26,27,17,21,24,25,56,28,29,15,16,1806,18,34,55,31,33,32,30,19,20],"class_list":["post-298275","post","type-post","status-publish","format-standard","has-post-thumbnail","category-rubriker","tag-breaking-news","tag-breakingnews","tag-featured-news","tag-featurednews","tag-headlines","tag-huvudnyheter","tag-latest-news","tag-latestnews","tag-location-gaza","tag-main-news","tag-mainnews","tag-news","tag-nyheter","tag-organization-hamas","tag-rubriker","tag-se","tag-sections-varlden","tag-svenska","tag-sverige","tag-sweden","tag-swedish","tag-top-stories","tag-topstories"],"share_on_mastodon":{"url":"https:\/\/pubeurope.com\/@se\/116875682225527526","error":""},"_links":{"self":[{"href":"https:\/\/www.europesays.com\/se\/wp-json\/wp\/v2\/posts\/298275","targetHints":{"allow":["GET"]}}],"collection":[{"href":"https:\/\/www.europesays.com\/se\/wp-json\/wp\/v2\/posts"}],"about":[{"href":"https:\/\/www.europesays.com\/se\/wp-json\/wp\/v2\/types\/post"}],"author":[{"embeddable":true,"href":"https:\/\/www.europesays.com\/se\/wp-json\/wp\/v2\/users\/2"}],"replies":[{"embeddable":true,"href":"https:\/\/www.europesays.com\/se\/wp-json\/wp\/v2\/comments?post=298275"}],"version-history":[{"count":0,"href":"https:\/\/www.europesays.com\/se\/wp-json\/wp\/v2\/posts\/298275\/revisions"}],"wp:featuredmedia":[{"embeddable":true,"href":"https:\/\/www.europesays.com\/se\/wp-json\/wp\/v2\/media\/298276"}],"wp:attachment":[{"href":"https:\/\/www.europesays.com\/se\/wp-json\/wp\/v2\/media?parent=298275"}],"wp:term":[{"taxonomy":"category","embeddable":true,"href":"https:\/\/www.europesays.com\/se\/wp-json\/wp\/v2\/categories?post=298275"},{"taxonomy":"post_tag","embeddable":true,"href":"https:\/\/www.europesays.com\/se\/wp-json\/wp\/v2\/tags?post=298275"}],"curies":[{"name":"wp","href":"https:\/\/api.w.org\/{rel}","templated":true}]}}