{"id":29851,"date":"2025-09-14T13:38:10","date_gmt":"2025-09-14T13:38:10","guid":{"rendered":"https:\/\/www.europesays.com\/se\/29851\/"},"modified":"2025-09-14T13:38:10","modified_gmt":"2025-09-14T13:38:10","slug":"du-far-boter-om-dittbarn-gor-detta-i-turistparlan","status":"publish","type":"post","link":"https:\/\/www.europesays.com\/se\/29851\/","title":{"rendered":"Du f\u00e5r b\u00f6ter om ditt\nbarn g\u00f6r detta i turistp\u00e4rlan"},"content":{"rendered":"<p>Publicerad 14 sep 2025 kl 00.48Uppdaterad kl 05.36<\/p>\n<p>Spanska myndigheter har godk\u00e4nt ett utkast till en str\u00e4ngare tobakslag.<\/p>\n<p>Det inneb\u00e4r att du som f\u00f6r\u00e4lder kan f\u00e5 dryga b\u00f6ter om ditt minder\u00e5riga barn blir p\u00e5kommet med att r\u00f6ka, skriver norska <a href=\"https:\/\/dinside.dagbladet.no\/reise\/na-kan-du-glemme-dette\/83582981\" rel=\"nofollow noopener\" target=\"_blank\">Dagbladet<\/a>.<\/p>\n<p>Detta v\u00e4cker het debatt \u201dinte minst bland skandinaver\u201d, enligt <a href=\"https:\/\/www.canariajournalen.no\/nyheter\/2024\/09\/fyrer-seg-opp-over-spanias-kommende-roykelov\" rel=\"nofollow noopener\" target=\"_blank\">Canariajournalen<\/a>.<\/p>\n<p>Senaste nyhetsklippen fr\u00e5n Expressen.<img   alt=\"\"\/><\/p>\n<p>Strand i spanska Alicante.<\/p>\n<p>Foto: Photos BrianScantlebury \/ Shutterstock<\/p>\n<p>\u00d6ppna bild i helsk\u00e4rm<\/p>\n<p>Enligt EU-statistik r\u00f6ker ungef\u00e4r var fj\u00e4rde person \u00f6ver 15 \u00e5r i <a href=\"https:\/\/www.expressen.se\/tagg\/location\/spanien\/\" class=\"\" rel=\"nofollow noopener\" target=\"_blank\">Spanien<\/a> i dag. N\u00e4r Spanien sk\u00e4rper sina tobaksregler \u00e4r syftet att f\u00f6rhindra att unga b\u00f6rjar r\u00f6ka och anv\u00e4nda snus s\u00e5 att folkh\u00e4lsan st\u00e4rks, skriver Euronews.\u00a0<\/p>\n<p>Men detta inneb\u00e4r att turister ocks\u00e5 kommer att p\u00e5verkas. Enligt lagf\u00f6rslaget kan n\u00e4mligen f\u00f6r\u00e4ldrar eller v\u00e5rdnadshavare h\u00e5llas ekonomiskt ansvariga om barn under 18 \u00e5r ertappas med att r\u00f6ka eller anv\u00e4nda nikotinprodukter.\u00a0<\/p>\n<p>B\u00f6ter f\u00f6r s\u00e5dana \u00f6vertr\u00e4delser kommer att ligga p\u00e5 mellan 1 200 och 7 000 kronor. Exempel p\u00e5 platser d\u00e4r r\u00f6kning och anv\u00e4ndning av nikotinprodukter \u00e4r f\u00f6rbjudna \u00e4r restaurang- och barterrasser, universitetsomr\u00e5den, knutpunkter f\u00f6r kollektivtrafik, kommersiella fordon och simbass\u00e4nger.<\/p>\n<p>\u201dDet uttrycks starka \u00e5sikter\u201d<\/p>\n<p>Canariajournalen skrev nyligen att \u201ddet uttrycks starka \u00e5sikter\u201d om detta p\u00e5 sociala medier, \u201dinte minst bland skandinaver\u201d. M\u00e5nga \u00e4r positivt inst\u00e4llda till avsikten att skydda barn fr\u00e5n tobak medan andra anser att det \u00e4r or\u00e4ttvist att b\u00f6tf\u00e4lla f\u00f6r\u00e4ldrar f\u00f6r sina barns r\u00f6kning.\u00a0<\/p>\n<p>Spanska myndigheter kommer ocks\u00e5 att f\u00f6rbjuda all reklam och sponsring f\u00f6r tobaks- och nikotinprodukter. Den som bryter mot detta kan bestraffas med b\u00f6ter p\u00e5 upp till sju miljoner kronor.<\/p>\n<p>Myndigheternas f\u00f6rhoppning \u00e4r att lag\u00e4ndringen ska bidra till att minska tillg\u00e5ngen till tobak bland unga och g\u00f6ra f\u00f6r\u00e4ldrar mer medvetna om sina barns nikotinanv\u00e4ndning.<\/p>\n","protected":false},"excerpt":{"rendered":"Publicerad 14 sep 2025 kl 00.48Uppdaterad kl 05.36 Spanska myndigheter har godk\u00e4nt ett utkast till en str\u00e4ngare tobakslag.&hellip;\n","protected":false},"author":2,"featured_media":29852,"comment_status":"","ping_status":"","sticky":false,"template":"","format":"standard","meta":{"footnotes":""},"categories":[14],"tags":[22,23,26,27,17,21,24,25,498,28,29,15,16,18,34,55,31,33,32,30,19,856,20,51,52,53,54],"class_list":{"0":"post-29851","1":"post","2":"type-post","3":"status-publish","4":"format-standard","5":"has-post-thumbnail","7":"category-varlden","8":"tag-breaking-news","9":"tag-breakingnews","10":"tag-featured-news","11":"tag-featurednews","12":"tag-headlines","13":"tag-huvudnyheter","14":"tag-latest-news","15":"tag-latestnews","16":"tag-location-spanien","17":"tag-main-news","18":"tag-mainnews","19":"tag-news","20":"tag-nyheter","21":"tag-rubriker","22":"tag-se","23":"tag-sections-varlden","24":"tag-svenska","25":"tag-sverige","26":"tag-sweden","27":"tag-swedish","28":"tag-top-stories","29":"tag-topic-resa-turism","30":"tag-topstories","31":"tag-varlden","32":"tag-world","33":"tag-world-news","34":"tag-worldnews"},"share_on_mastodon":{"url":"","error":""},"_links":{"self":[{"href":"https:\/\/www.europesays.com\/se\/wp-json\/wp\/v2\/posts\/29851","targetHints":{"allow":["GET"]}}],"collection":[{"href":"https:\/\/www.europesays.com\/se\/wp-json\/wp\/v2\/posts"}],"about":[{"href":"https:\/\/www.europesays.com\/se\/wp-json\/wp\/v2\/types\/post"}],"author":[{"embeddable":true,"href":"https:\/\/www.europesays.com\/se\/wp-json\/wp\/v2\/users\/2"}],"replies":[{"embeddable":true,"href":"https:\/\/www.europesays.com\/se\/wp-json\/wp\/v2\/comments?post=29851"}],"version-history":[{"count":0,"href":"https:\/\/www.europesays.com\/se\/wp-json\/wp\/v2\/posts\/29851\/revisions"}],"wp:featuredmedia":[{"embeddable":true,"href":"https:\/\/www.europesays.com\/se\/wp-json\/wp\/v2\/media\/29852"}],"wp:attachment":[{"href":"https:\/\/www.europesays.com\/se\/wp-json\/wp\/v2\/media?parent=29851"}],"wp:term":[{"taxonomy":"category","embeddable":true,"href":"https:\/\/www.europesays.com\/se\/wp-json\/wp\/v2\/categories?post=29851"},{"taxonomy":"post_tag","embeddable":true,"href":"https:\/\/www.europesays.com\/se\/wp-json\/wp\/v2\/tags?post=29851"}],"curies":[{"name":"wp","href":"https:\/\/api.w.org\/{rel}","templated":true}]}}