{"id":29891,"date":"2025-09-14T14:35:08","date_gmt":"2025-09-14T14:35:08","guid":{"rendered":"https:\/\/www.europesays.com\/se\/29891\/"},"modified":"2025-09-14T14:35:08","modified_gmt":"2025-09-14T14:35:08","slug":"dif-raddade-derbypoang-med-matchens-sista-spark","status":"publish","type":"post","link":"https:\/\/www.europesays.com\/se\/29891\/","title":{"rendered":"DIF r\u00e4ddade derbypo\u00e4ng \u2013 med matchens sista spark"},"content":{"rendered":"<p>Det blev delad pott i s\u00f6ndagens herrallsvenska Stockholmsderby mellan Djurg\u00e5rden och Hammarby. Detta efter att Bl\u00e5r\u00e4ndernas Adam St\u00e5hl kvitterat till 3\u20133 p\u00e5 en h\u00f6rna \u2013 det absolut sista som h\u00e4nde i matchen. <\/p>\n<p>Inhopparen Montader Madjed hade innan dess satt Hammarby i f\u00f6rars\u00e4tet med sitt 3\u20132-m\u00e5l, men det r\u00e4ckte inte till mer \u00e4n en po\u00e4ng i och med Djurg\u00e5rdens m\u00e5l i den sj\u00e4tte \u00f6vertidsminuten. Bajenl\u00e4gret var rej\u00e4lt uppr\u00f6rt, eftersom de ans\u00e5g att m\u00e5lvakten Warner Hahn blockerades.<\/p>\n<p>\u2013 Det h\u00e4r derbyt har i stort sett allt, s\u00e4ger HBO Max-experten Anders Andersson. <\/p>\n<p>Hammarbys po\u00e4ngtapp g\u00f6r att Mj\u00e4llby leder serien med tio po\u00e4ng. <\/p>\n<p>Omni \u00e4r politiskt obundna och oberoende. Vi str\u00e4var efter att ge fler perspektiv p\u00e5 nyheterna. Har du fr\u00e5gor eller synpunkter kring v\u00e5r rapportering? <a href=\"https:\/\/omni.se\/dif-raddade-derbypoang-med-matchens-sista-spark\/a\/mailto:redaktion@omni.se\" class=\"ArticleActions_contactLink__W2F1M\" rel=\"nofollow noopener\" target=\"_blank\">Kontakta redaktionen<\/a><\/p>\n","protected":false},"excerpt":{"rendered":"Det blev delad pott i s\u00f6ndagens herrallsvenska Stockholmsderby mellan Djurg\u00e5rden och Hammarby. Detta efter att Bl\u00e5r\u00e4ndernas Adam St\u00e5hl&hellip;\n","protected":false},"author":2,"featured_media":29892,"comment_status":"","ping_status":"","sticky":false,"template":"","format":"standard","meta":{"footnotes":""},"categories":[68],"tags":[459,138,859,3372,34,111,110,31,33,32,30],"class_list":{"0":"post-29891","1":"post","2":"type-post","3":"status-publish","4":"format-standard","5":"has-post-thumbnail","7":"category-sport","8":"tag-djurgardens-if-fotboll","9":"tag-fotboll","10":"tag-hammarby-if-fotboll","11":"tag-nahir-besara","12":"tag-se","13":"tag-sport","14":"tag-sports","15":"tag-svenska","16":"tag-sverige","17":"tag-sweden","18":"tag-swedish"},"share_on_mastodon":{"url":"","error":""},"_links":{"self":[{"href":"https:\/\/www.europesays.com\/se\/wp-json\/wp\/v2\/posts\/29891","targetHints":{"allow":["GET"]}}],"collection":[{"href":"https:\/\/www.europesays.com\/se\/wp-json\/wp\/v2\/posts"}],"about":[{"href":"https:\/\/www.europesays.com\/se\/wp-json\/wp\/v2\/types\/post"}],"author":[{"embeddable":true,"href":"https:\/\/www.europesays.com\/se\/wp-json\/wp\/v2\/users\/2"}],"replies":[{"embeddable":true,"href":"https:\/\/www.europesays.com\/se\/wp-json\/wp\/v2\/comments?post=29891"}],"version-history":[{"count":0,"href":"https:\/\/www.europesays.com\/se\/wp-json\/wp\/v2\/posts\/29891\/revisions"}],"wp:featuredmedia":[{"embeddable":true,"href":"https:\/\/www.europesays.com\/se\/wp-json\/wp\/v2\/media\/29892"}],"wp:attachment":[{"href":"https:\/\/www.europesays.com\/se\/wp-json\/wp\/v2\/media?parent=29891"}],"wp:term":[{"taxonomy":"category","embeddable":true,"href":"https:\/\/www.europesays.com\/se\/wp-json\/wp\/v2\/categories?post=29891"},{"taxonomy":"post_tag","embeddable":true,"href":"https:\/\/www.europesays.com\/se\/wp-json\/wp\/v2\/tags?post=29891"}],"curies":[{"name":"wp","href":"https:\/\/api.w.org\/{rel}","templated":true}]}}