{"id":29899,"date":"2025-09-14T14:42:08","date_gmt":"2025-09-14T14:42:08","guid":{"rendered":"https:\/\/www.europesays.com\/se\/29899\/"},"modified":"2025-09-14T14:42:08","modified_gmt":"2025-09-14T14:42:08","slug":"nagra-koppar-kaffe-om-dagen-kan-forlanga-livet-men-de-ska-drickas-pa-morgonen-inrikes","status":"publish","type":"post","link":"https:\/\/www.europesays.com\/se\/29899\/","title":{"rendered":"N\u00e5gra koppar kaffe om dagen kan f\u00f6rl\u00e4nga livet \u2013 men de ska drickas p\u00e5 morgonen | Inrikes"},"content":{"rendered":"<p class=\"aw-1gybjub aw-5vja16 cmIuaG zKETg yle__article__paragraph\">Morgonkaffet hj\u00e4lper oss att vakna och kan ocks\u00e5 vara bra f\u00f6r hj\u00e4rnan p\u00e5 sikt. Men sj\u00e4lva klockslaget kan dessutom ha en inverkan p\u00e5 v\u00e5r h\u00e4lsa, visar forskning.<\/p>\n<p><img decoding=\"async\" alt=\"Kaffeb\u00f6nor i glasburkar i en kaffeaff\u00e4r.\" src=\"https:\/\/www.europesays.com\/se\/wp-content\/uploads\/2025\/09\/39-1394842675c35693e7f9.jpeg\" class=\"aw-1l9m598 hKVVvP\"\/><\/p>\n<p>\u00d6ppna bildvisare<\/p>\n<p>Studier visar att kaffe kan minska d\u00f6dsrisken med upp till 30 procent. Bild: Henrietta Hassinen \/ YleLyssna (du h\u00f6r en artificiell r\u00f6st) 5:46Kortversion<\/p>\n<ul class=\"aw-1jjocuh iJTSwP yle__article__list yle__article__list--ul\">\n<li class=\"aw-1j7gwms kUeLji\">En brittisk l\u00e4kare rekommenderar 3\u20134 koppar kaffe dagligen f\u00f6r h\u00e4lsans skull.<\/li>\n<li class=\"aw-1j7gwms kUeLji\">Morgonkaffe s\u00e4nker risken f\u00f6r hj\u00e4rt- och k\u00e4rlsjukdomar, visar ny forskning fr\u00e5n USA.<\/li>\n<li class=\"aw-1j7gwms kUeLji\">Studier visar att kaffe kan minska d\u00f6dsrisken med upp till 30 procent.<\/li>\n<li class=\"aw-1j7gwms kUeLji\">Kaffe med lite mj\u00f6lk \u00f6kar den antiinflammatoriska effekten tack vare protein och polyfenoler.<\/li>\n<li class=\"aw-1j7gwms kUeLji\">Forskning tyder ocks\u00e5 p\u00e5 att kaffe kan minska risk f\u00f6r typ 2-diabetes och demens.<\/li>\n<\/ul>\n<p class=\"aw-1gybjub aw-1p7kakr cmIuaG fmSRng yle__article__paragraph\">Sammanfattningen \u00e4r gjord med st\u00f6d av AI och har granskats av en journalist.<\/p>\n<p class=\"aw-1gybjub aw-1p7kakr cmIuaG fmSRng yle__article__paragraph\">En ansedd brittisk epidemiolog konstaterade nyligen i tidningen <a class=\"aw-iao6s4 iHOxEa yle__article__link\" href=\"https:\/\/www.telegraph.co.uk\/health-fitness\/diet\/gut-health\/tim-spector-coffee-health\/\" role=\"link\" rel=\"nofollow noopener\" target=\"_blank\">The Telegraph<\/a> att han dricker 3\u20134 koppar kaffe per dag f\u00f6r att det \u00e4r bra f\u00f6r h\u00e4lsan.<\/p>\n<p class=\"aw-1gybjub aw-1p7kakr cmIuaG fmSRng yle__article__paragraph\">Enligt <strong class=\"aw-ak79eh KyCXm yle__article__strong\">Tim Spector<\/strong> \u00e4r kaffe \u201dantagligen den mest h\u00e4lsosamma drycken\u201d som finns att tillg\u00e5 just nu. (P\u00e5 plats tv\u00e5 och tre rankar han f\u00f6r \u00f6vrigt <a class=\"aw-iao6s4 iHOxEa yle__article__link\" href=\"https:\/\/yle.fi\/t\/18-142809\/sv\" role=\"link\" rel=\"nofollow noopener\" target=\"_blank\">gr\u00f6nt te<\/a> i tv\u00e5 former: tepulvret matcha platsar f\u00f6re vanligt gr\u00f6nt te.)<\/p>\n<p>Kaffe \u00e4r b\u00e4st p\u00e5 morgonen<\/p>\n<p class=\"aw-1gybjub aw-1p7kakr cmIuaG fmSRng yle__article__paragraph\">Att morgonkaffet <a class=\"aw-iao6s4 iHOxEa yle__article__link\" href=\"https:\/\/yle.fi\/a\/7-10082832\" role=\"link\" rel=\"nofollow noopener\" target=\"_blank\">g\u00f6r oss gladare<\/a> \u00e4r positivt i ett land d\u00e4r vi i genomsnitt konsumerar kring <a class=\"aw-iao6s4 iHOxEa yle__article__link\" href=\"https:\/\/www.kahvi.fi\/kahvifaktat\/kahvin-kulutus-suomessa-2.html\" role=\"link\" rel=\"nofollow noopener\" target=\"_blank\">nio kilo<\/a> kaffe per \u00e5r, men <a class=\"aw-iao6s4 iHOxEa yle__article__link\" href=\"https:\/\/academic.oup.com\/eurheartj\/article\/46\/8\/749\/7928425\" role=\"link\" rel=\"nofollow noopener\" target=\"_blank\">forskning visar ocks\u00e5<\/a> att det \u00e4r sundare att dricka kaffe p\u00e5 morgonen snarare \u00e4n senare p\u00e5 dagen.<\/p>\n<p class=\"aw-1gybjub aw-1p7kakr cmIuaG fmSRng yle__article__paragraph\"><strong class=\"aw-ak79eh KyCXm yle__article__strong\">Lu Qi<\/strong>, forskare vid Tulane University i New Orleans i USA, <a class=\"aw-iao6s4 iHOxEa yle__article__link\" href=\"https:\/\/www.escardio.org\/The-ESC\/Press-Office\/Press-releases\/morning-coffee-may-protect-the-heart-better-than-all-day-coffee-drinking\" role=\"link\" rel=\"nofollow noopener\" target=\"_blank\">konstaterar<\/a> att den studie han ledde \u2013 den f\u00f6rsta som tittat p\u00e5 hur vilken tid p\u00e5 dygnet man dricker kaffe korrelerar med h\u00e4lsoeffekterna bland \u00f6ver 40\u00a0000 amerikaner \u2013 tyder p\u00e5 att just morgonkaffe minskar risken f\u00f6r hj\u00e4rt- och k\u00e4rlsjukdomar. D\u00e4remot ger kaffeintag under hela dagen inte samma skydd.<\/p>\n<p class=\"aw-1gybjub aw-1p7kakr cmIuaG fmSRng yle__article__paragraph\">Studien klarl\u00e4gger inte varf\u00f6r kaffe minskar risken om man dricker det p\u00e5 morgonen. Enligt Qi kan det bero p\u00e5 att kaffe som dricks p\u00e5 eftermiddagen kan st\u00f6ra kroppsklockan och till exempel melatoninniv\u00e5n i kroppen. Det p\u00e5verkar i sin tur hj\u00e4rt- och k\u00e4rlsjukdomsrisken genom inflammation och blodtryck, spekulerar han.<\/p>\n<p class=\"aw-1gybjub aw-1p7kakr cmIuaG fmSRng yle__article__paragraph\">J\u00e4mf\u00f6rt med personer som inte dricker kaffe visade det sig att morgonkaffedrickarna i studien hade 16 procent l\u00e4gre risk att d\u00f6 \u2013 oberoende av d\u00f6dsorsak \u2013 och att risken f\u00f6r d\u00f6dsfall med koppling till hj\u00e4rt- och k\u00e4rlsjukdomar var hela 31 procent mindre.<\/p>\n<p class=\"aw-1gybjub aw-1p7kakr cmIuaG fmSRng yle__article__paragraph\">D\u00e4remot s\u00e5g man ingen skillnad i d\u00f6dsrisk n\u00e4r man j\u00e4mf\u00f6rde personer som dricker kaffe hela dagen l\u00e5ng och de som tackar nej till kaffe.<\/p>\n<p>Lite socker sabbar inget<\/p>\n<p class=\"aw-1gybjub aw-1p7kakr cmIuaG fmSRng yle__article__paragraph\">Att kaffe faktiskt kan f\u00f6rl\u00e4nga livet bekr\u00e4ftas av en <a class=\"aw-iao6s4 iHOxEa yle__article__link\" href=\"https:\/\/www.acpjournals.org\/doi\/abs\/10.7326\/M21-2977?journalCode=aim\" role=\"link\" rel=\"nofollow noopener\" target=\"_blank\">annan studie<\/a> av drygt 170\u00a0000 personer i den brittiska h\u00e4lso- och livsstilsdatabanken UK Biobank som visade att vuxna som varje dag dricker mellan 1,5 och 3,5 koppar kaffe med upp till en tesked socker i l\u00f6pte 30 procent mindre risk att d\u00f6 under studiens uppf\u00f6ljningsperiod p\u00e5 sju \u00e5r.<\/p>\n<p><img decoding=\"async\" alt=\"Filterkaffe i n\u00e4rbild upph\u00e4llt i en vit kopp.\" src=\"https:\/\/www.europesays.com\/se\/wp-content\/uploads\/2025\/09\/39-145117867fd0b314e4e9.jpeg\" loading=\"lazy\" class=\"aw-1l9m598 hKVVvP\"\/><\/p>\n<p>\u00d6ppna bildvisare<\/p>\n<p>En rej\u00e4l kopp filterkaffe inneh\u00e5ller cirka 1,5 gram fiber i en form som mikroberna i v\u00e5r tarmkanal drar nytta av. Bild: Mimmi Nietula \/ Yle<\/p>\n<p class=\"aw-1gybjub aw-1p7kakr cmIuaG fmSRng yle__article__paragraph\">\u2013 Det \u00e4r stort. Det finns v\u00e4ldigt f\u00e5 saker som minskar d\u00f6dligheten med 30 procent, s\u00e4ger <strong class=\"aw-ak79eh KyCXm yle__article__strong\">Christina Wee,<\/strong> docent vid amerikanska Harvard Medical School, enligt <a class=\"aw-iao6s4 iHOxEa yle__article__link\" href=\"https:\/\/www.nytimes.com\/2022\/06\/01\/well\/eat\/coffee-study-lower-dying-risk.html\" role=\"link\" rel=\"nofollow noopener\" target=\"_blank\">New York Times<\/a>.<\/p>\n<p class=\"aw-1gybjub aw-1p7kakr cmIuaG fmSRng yle__article__paragraph\">Wee \u00e4r ocks\u00e5 bitr\u00e4dande redakt\u00f6r vid den ansedda vetenskapliga tidskriften Annals of Internal Medicine d\u00e4r studien publicerades 2022.<\/p>\n<p class=\"aw-1gybjub aw-1p7kakr cmIuaG fmSRng yle__article__paragraph\">Bland dem som drack sitt kaffe utan socker eller andra s\u00f6tningsmedel minskade mortaliteten enligt studien med mellan 16 och 21 procent, medan koffeinhalten i den h\u00e4r studien inte verkade g\u00f6ra n\u00e5gon skillnad.<\/p>\n<p class=\"aw-1gybjub aw-1p7kakr cmIuaG fmSRng yle__article__paragraph\">Observationsstudier av det h\u00e4r slaget har f\u00f6rst\u00e5s en begr\u00e4nsning i att de inte kan utesluta andra f\u00f6rklaringar. Det kan h\u00e4nda att kaffedrickarna \u2013 i synnerhet de som dricker flera koppar genast p\u00e5 morgonen \u2013 i \u00f6vrigt lever ett sundare liv \u00e4n de personer som sprider ut sin kaffekonsumtion eller l\u00e5ter bli att dricka kaffe.<\/p>\n<p>B\u00e4ttre med mj\u00f6lk i<\/p>\n<p class=\"aw-1gybjub aw-1p7kakr cmIuaG fmSRng yle__article__paragraph\">Optimalt ur h\u00e4lsosynpunkt verkar det \u00e4nd\u00e5 vara att dricka kring tre koppar kaffe om dagen.<\/p>\n<p class=\"aw-1gybjub aw-1p7kakr cmIuaG fmSRng yle__article__paragraph\">Exakt vad det \u00e4r som g\u00f6r kaffe h\u00e4lsosamt har l\u00e4karna inte helt klarlagt, men en delf\u00f6rklaring finns i antioxidanter och bland dem polyfenoler, som det finns speciellt mycket av i kaffe. Polyfenoler ger skydd mot inflammationer och det som kallas oxidativ stress, den biokemiska process som antioxidanter f\u00f6rebygger i celler och organ.<\/p>\n<p class=\"aw-1gybjub aw-1p7kakr cmIuaG fmSRng yle__article__paragraph\">Vill man optimera den antiinflammatoriska effekten kan man g\u00e4rna dricka sitt kaffe med lite mj\u00f6lk i. Det \u00e4r n\u00e4mligen kombinationen av polyfenoler och protein som g\u00f6r susen, <a class=\"aw-iao6s4 iHOxEa yle__article__link\" href=\"https:\/\/science.ku.dk\/english\/press\/news\/2023\/coffee-with-milk-may-have-an-anti-inflammatory-effect\/\" role=\"link\" rel=\"nofollow noopener\" target=\"_blank\">visar en studie<\/a> som har gjorts vid K\u00f6penhamns universitet.<\/p>\n<p><img decoding=\"async\" alt=\"Specialkaffen p\u00e5 kaf\u00e9: en rad flaskor med smaksirap och kryddburkar st\u00e5r intill tre koppar kaffe av olika slag st\u00e5r p\u00e5 en arbetsb\u00e4nk i ett kaf\u00e9k\u00f6k.\" src=\"https:\/\/www.europesays.com\/se\/wp-content\/uploads\/2025\/09\/39-10981876436a2eb881ad.jpeg\" loading=\"lazy\" class=\"aw-1l9m598 hKVVvP\"\/><\/p>\n<p>\u00d6ppna bildvisare<\/p>\n<p>\u00c4r en caffe latte mer h\u00e4lsosam \u00e4n en stor svart? Bild: Juha Kokkala \/ Yle<\/p>\n<p class=\"aw-1gybjub aw-1p7kakr cmIuaG fmSRng yle__article__paragraph\">Det inneb\u00e4r att komj\u00f6lk, med en proteinhalt p\u00e5 cirka 3\u20133,5 procent, har st\u00f6rre h\u00e4lsoeffekt i kaffet \u00e4n till exempel havremj\u00f6lk, som inneh\u00e5ller ungef\u00e4r 1,2 gram protein per 100 gram.<\/p>\n<p>Skyddar mot diabetes<\/p>\n<p class=\"aw-1gybjub aw-1p7kakr cmIuaG fmSRng yle__article__paragraph\">Stora m\u00e4ngder socker i kaffe \u2013 eller andra livsmedel \u2013 \u00e4r inte h\u00e4lsosamt, men att dricka kaffe som inte \u00e4r sliskigt s\u00f6tt kan vara speciellt bra \u00e4ven f\u00f6r den som har en fallenhet f\u00f6r s\u00f6tsaker.<\/p>\n<p class=\"aw-1gybjub aw-1p7kakr cmIuaG fmSRng yle__article__paragraph\"><strong class=\"aw-ak79eh KyCXm yle__article__strong\">Susanna Larsson<\/strong>, forskare vid Karolinska institutet i Sverige, \u00e4r medf\u00f6rfattare till <a class=\"aw-iao6s4 iHOxEa yle__article__link\" href=\"https:\/\/academic.oup.com\/nutritionreviews\/article-abstract\/76\/6\/395\/4954186?redirectedFrom=fulltext&amp;login=true\" role=\"link\" rel=\"nofollow noopener\" target=\"_blank\">en metaanalys<\/a> av hur kaffe p\u00e5verkar risken f\u00f6r diabetes typ 2, det som f\u00f6rr kallades vuxendiabetes eller \u00e5ldersdiabetes.<\/p>\n<p class=\"aw-1gybjub aw-1p7kakr cmIuaG fmSRng yle__article__paragraph\">Analysen av sammanlagt 30 studier som sammanst\u00e4ller h\u00e4lsouppgifter om l\u00e5ngt \u00f6ver en miljon deltagare visar att kaffe har en tydlig skyddande effekt mot typ 2-diabetes: risken att insjukna minskar n\u00e4r kaffeintaget \u00f6kar till 5 koppar per dag.<\/p>\n<p class=\"aw-1gybjub aw-1p7kakr cmIuaG fmSRng yle__article__paragraph\">Inte heller i det h\u00e4r fallet var det skillnad mellan koffeinfritt eller vanligt kaffe, men det finns ocks\u00e5 h\u00e4lsoaspekter d\u00e4r just koffein g\u00f6r susen.<\/p>\n<p>Motverkar Alzheimers<\/p>\n<p class=\"aw-1gybjub aw-1p7kakr cmIuaG fmSRng yle__article__paragraph\">En <a class=\"aw-iao6s4 iHOxEa yle__article__link\" href=\"https:\/\/www.laakarilehti.fi\/ajassa\/ajankohtaista\/ehkaise-dementiaa-horpi-kahvia\/\" role=\"link\" rel=\"nofollow noopener\" target=\"_blank\">studie fr\u00e5n 2009<\/a> vid Kuopio universitet och Karolinska institutet tydde p\u00e5 att kaffe kan minska risken f\u00f6r demens och Alzheimers sjukdom. Eftersom kognitiva sjukdomar \u00e4r en viktig fr\u00e5ga f\u00f6r folkh\u00e4lsan \u00e4r det h\u00e4r ett omr\u00e5de det forskas mycket i.<\/p>\n<p class=\"aw-1gybjub aw-1p7kakr cmIuaG fmSRng yle__article__paragraph\">En <a class=\"aw-iao6s4 iHOxEa yle__article__link\" href=\"https:\/\/www.nature.com\/articles\/s41598-024-71426-y\" role=\"link\" rel=\"nofollow noopener\" target=\"_blank\">f\u00e4rskare studie<\/a> tyder p\u00e5 att patienter med h\u00f6gt blodtryck som dricker 0,5\u20131 koppar kaffe per dag (eller 4\u20135 koppar te) minimerar sin risk f\u00f6r demenssjukdomar.<\/p>\n<p class=\"aw-1gybjub aw-1p7kakr cmIuaG fmSRng yle__article__paragraph\"><a class=\"aw-iao6s4 iHOxEa yle__article__link\" href=\"https:\/\/journals.plos.org\/plosmedicine\/article?id=10.1371\/journal.pmed.1003830\" role=\"link\" rel=\"nofollow noopener\" target=\"_blank\">En studie<\/a> som gjorts i Kina med data fr\u00e5n Biobank UK visar i sin tur att koffeinhaltigt kaffe minskar risken mer \u00e4n koffeinfritt kaffe, men ocks\u00e5 att kaffe minskar risken f\u00f6r stroke, inte bara Alzheimers.<\/p>\n","protected":false},"excerpt":{"rendered":"Morgonkaffet hj\u00e4lper oss att vakna och kan ocks\u00e5 vara bra f\u00f6r hj\u00e4rnan p\u00e5 sikt. Men sj\u00e4lva klockslaget kan&hellip;\n","protected":false},"author":2,"featured_media":29900,"comment_status":"","ping_status":"","sticky":false,"template":"","format":"standard","meta":{"footnotes":""},"categories":[69],"tags":[684,113,112,3375,683,3373,3374,3376,34,31,33,32,30],"class_list":{"0":"post-29899","1":"post","2":"type-post","3":"status-publish","4":"format-standard","5":"has-post-thumbnail","7":"category-halsa","8":"tag-finland","9":"tag-halsa","10":"tag-health","11":"tag-hjarnans-sjukdomar","12":"tag-inrikes","13":"tag-kaffe","14":"tag-kaffeindustri","15":"tag-problem-och-sjukdom-i-tarmsystem","16":"tag-se","17":"tag-svenska","18":"tag-sverige","19":"tag-sweden","20":"tag-swedish"},"share_on_mastodon":{"url":"","error":""},"_links":{"self":[{"href":"https:\/\/www.europesays.com\/se\/wp-json\/wp\/v2\/posts\/29899","targetHints":{"allow":["GET"]}}],"collection":[{"href":"https:\/\/www.europesays.com\/se\/wp-json\/wp\/v2\/posts"}],"about":[{"href":"https:\/\/www.europesays.com\/se\/wp-json\/wp\/v2\/types\/post"}],"author":[{"embeddable":true,"href":"https:\/\/www.europesays.com\/se\/wp-json\/wp\/v2\/users\/2"}],"replies":[{"embeddable":true,"href":"https:\/\/www.europesays.com\/se\/wp-json\/wp\/v2\/comments?post=29899"}],"version-history":[{"count":0,"href":"https:\/\/www.europesays.com\/se\/wp-json\/wp\/v2\/posts\/29899\/revisions"}],"wp:featuredmedia":[{"embeddable":true,"href":"https:\/\/www.europesays.com\/se\/wp-json\/wp\/v2\/media\/29900"}],"wp:attachment":[{"href":"https:\/\/www.europesays.com\/se\/wp-json\/wp\/v2\/media?parent=29899"}],"wp:term":[{"taxonomy":"category","embeddable":true,"href":"https:\/\/www.europesays.com\/se\/wp-json\/wp\/v2\/categories?post=29899"},{"taxonomy":"post_tag","embeddable":true,"href":"https:\/\/www.europesays.com\/se\/wp-json\/wp\/v2\/tags?post=29899"}],"curies":[{"name":"wp","href":"https:\/\/api.w.org\/{rel}","templated":true}]}}