{"id":30032,"date":"2025-09-14T17:54:25","date_gmt":"2025-09-14T17:54:25","guid":{"rendered":"https:\/\/www.europesays.com\/se\/30032\/"},"modified":"2025-09-14T17:54:25","modified_gmt":"2025-09-14T17:54:25","slug":"socialtjanstministern-om-assistansfusket-oacceptabelt","status":"publish","type":"post","link":"https:\/\/www.europesays.com\/se\/30032\/","title":{"rendered":"Socialtj\u00e4nstministern om assistansfusket: \u201dOacceptabelt\u201d"},"content":{"rendered":"<p>Publicerad 13 sep 2025 kl 17.58Uppdaterad kl 21.32<\/p>\n<p>Efter nyheten om att tre personliga assistenter i Malm\u00f6 polisanm\u00e4lts f\u00f6r att ha fejkat en resa till Ghana reagerar nu socialtj\u00e4nstministern.\u00a0<\/p>\n<p>\u2013 Det h\u00e4r \u00e4r fullst\u00e4ndigt oacceptabelt, s\u00e4ger Camilla Waltersson Gr\u00f6nvall.\u00a0<\/p>\n<p>Nyheter, reportage och analyser i Sverige och i \u00f6vriga v\u00e4rlden.<img   alt=\"\"\/> <\/p>\n<p>Foto: Anders Wiklund\/TT \/ TT NYHETSBYR\u00c5N<\/p>\n<p>\u00d6ppna bild i helsk\u00e4rm<\/p>\n<p>Tre personliga assistenter i <a href=\"https:\/\/www.expressen.se\/tagg\/location\/malmo\/\" class=\"\" rel=\"nofollow noopener\" target=\"_blank\">Malm\u00f6<\/a> har polisanm\u00e4lts f\u00f6r att ha fejkat att de f\u00f6ljt med p\u00e5 en fem m\u00e5nader l\u00e5ng resa till Ghana med en brukare.\u00a0<\/p>\n<p>De fick l\u00f6n under tiden <a href=\"https:\/\/www.expressen.se\/nyheter\/krim\/kommunanstallda-fejkade-afrikaresa-var-i-malmo\/\" rel=\"nofollow noopener\" target=\"_blank\">men var egentligen kvar i Malm\u00f6<\/a>.<\/p>\n<p>Socialtj\u00e4nstministern Camilla Waltersson Gr\u00f6nvall (M) \u00e4r starkt kritisk till att det kunde h\u00e4nda.<\/p>\n<p>\u2013 Det h\u00e4r \u00e4r ju djupt problematiskt att vi har situationen d\u00e4r kommunanst\u00e4llda kan fuska och p\u00e5 det h\u00e4r viset anv\u00e4nda sig av skattebetalarnas pengar som ska g\u00e5 till sk\u00f6ra personer i form av brukare, s\u00e4ger hon.\u00a0<\/p>\n<p>Kommunanst\u00e4llda fejkade resa<\/p>\n<p>\u25a0 Tre personliga assistenter i Malm\u00f6 misst\u00e4nks ha lurat kommunen genom att p\u00e5st\u00e5 att de f\u00f6ljde med en brukare p\u00e5 en resa till Ghana. Under tiden fick de l\u00f6n p\u00e5 totalt cirka 450 000 kronor, trots att de hela tiden befann sig i Malm\u00f6.<\/p>\n<p>\u25a0 Misstankarna v\u00e4cktes n\u00e4r de var sv\u00e5ra att n\u00e5, och i ett sms skrev en av dem: \u201dVi \u00e4r p\u00e5 marknad, brukaren m\u00e5r bra.\u201d\u00a0<\/p>\n<p>\u25a0 Brukaren avsl\u00f6jade bluffen. Tv\u00e5 av assistenterna har sagt upp sig, en avskedas.<\/p>\n<p>\u25a0 Kommunen kr\u00e4ver ocks\u00e5 att de \u00e5terbetalar de pengar de f\u00e5tt utbetalda under den fejkade resan. Alla tre har polisanm\u00e4lts f\u00f6r bedr\u00e4gligt beteende.<\/p>\n<p><a href=\"https:\/\/www.expressen.se\/nyheter\/krim\/kommunanstallda-fejkade-afrikaresa-var-i-malmo\/\" rel=\"nofollow noopener\" target=\"_blank\">L\u00c4S MER H\u00c4R<\/a><\/p>\n<p>Visa merBehov av b\u00e4ttre rutiner<\/p>\n<p>Fallet \u00e4r ett tydligt exempel p\u00e5 hur v\u00e4lf\u00e4rdskriminalitet blivit ett systematiskt problem, menar ministern. Hon understryker att det inte handlar om en enstaka h\u00e4ndelse.<\/p>\n<p>Camilla Waltersson Gr\u00f6nvall anser att kommunerna har ett stort ansvar f\u00f6r att uppt\u00e4cka och stoppa den h\u00e4r typen av brott.<\/p>\n<p>\u2013 Det \u00e4r ju j\u00e4ttebra att den h\u00e4r f\u00f6rvaltningen har uppt\u00e4ckt fusket, men man kan ju stilla undra hur mycket uppt\u00e4cks inte? Hur kan man ha kunnat g\u00f6ra s\u00e5 h\u00e4r i flera m\u00e5nader utan att det uppt\u00e4cks? Hur \u00e4r det m\u00f6jligt att inte ens visa att man har bokat en resa, till exempel? Det h\u00e4r visar verkligen att det finns ett stort behov av rutiner i kommunerna f\u00f6r att uppt\u00e4cka n\u00e4r v\u00e4lf\u00e4rdskriminalitet sker.<\/p>\n<p>Regeringen tillsatte i april en utredning om kriminalitet inom personlig assistans. Enligt ministern beh\u00f6vs ett nytt system f\u00f6r uppf\u00f6ljning.<\/p>\n<p>\u2013 H\u00e4ndelser som dessa urholkar tilltron till v\u00e4lf\u00e4rdssystemen och det visar tyv\u00e4rr att det \u00e4r alldeles f\u00f6r l\u00e4tt att missbruka v\u00e5ra system, s\u00e4ger Camilla Waltersson Gr\u00f6nvall.<\/p>\n<p>Kommunen i Malm\u00f6 har polisanm\u00e4lt de tre assistenterna och kr\u00e4ver \u00e5terbetalning av utbetalda l\u00f6ner.\u00a0<\/p>\n<p>Polisen utreder h\u00e4ndelsen.<\/p>\n","protected":false},"excerpt":{"rendered":"Publicerad 13 sep 2025 kl 17.58Uppdaterad kl 21.32 Efter nyheten om att tre personliga assistenter i Malm\u00f6 polisanm\u00e4lts&hellip;\n","protected":false},"author":2,"featured_media":30033,"comment_status":"","ping_status":"","sticky":false,"template":"","format":"standard","meta":{"footnotes":""},"categories":[12],"tags":[22,23,26,27,17,21,24,25,2211,28,29,15,16,18,34,583,31,33,32,30,19,996,20],"class_list":{"0":"post-30032","1":"post","2":"type-post","3":"status-publish","4":"format-standard","5":"has-post-thumbnail","7":"category-sverige","8":"tag-breaking-news","9":"tag-breakingnews","10":"tag-featured-news","11":"tag-featurednews","12":"tag-headlines","13":"tag-huvudnyheter","14":"tag-latest-news","15":"tag-latestnews","16":"tag-location-malmo","17":"tag-main-news","18":"tag-mainnews","19":"tag-news","20":"tag-nyheter","21":"tag-rubriker","22":"tag-se","23":"tag-sections-politik","24":"tag-svenska","25":"tag-sverige","26":"tag-sweden","27":"tag-swedish","28":"tag-top-stories","29":"tag-topic-myndigheter","30":"tag-topstories"},"share_on_mastodon":{"url":"","error":""},"_links":{"self":[{"href":"https:\/\/www.europesays.com\/se\/wp-json\/wp\/v2\/posts\/30032","targetHints":{"allow":["GET"]}}],"collection":[{"href":"https:\/\/www.europesays.com\/se\/wp-json\/wp\/v2\/posts"}],"about":[{"href":"https:\/\/www.europesays.com\/se\/wp-json\/wp\/v2\/types\/post"}],"author":[{"embeddable":true,"href":"https:\/\/www.europesays.com\/se\/wp-json\/wp\/v2\/users\/2"}],"replies":[{"embeddable":true,"href":"https:\/\/www.europesays.com\/se\/wp-json\/wp\/v2\/comments?post=30032"}],"version-history":[{"count":0,"href":"https:\/\/www.europesays.com\/se\/wp-json\/wp\/v2\/posts\/30032\/revisions"}],"wp:featuredmedia":[{"embeddable":true,"href":"https:\/\/www.europesays.com\/se\/wp-json\/wp\/v2\/media\/30033"}],"wp:attachment":[{"href":"https:\/\/www.europesays.com\/se\/wp-json\/wp\/v2\/media?parent=30032"}],"wp:term":[{"taxonomy":"category","embeddable":true,"href":"https:\/\/www.europesays.com\/se\/wp-json\/wp\/v2\/categories?post=30032"},{"taxonomy":"post_tag","embeddable":true,"href":"https:\/\/www.europesays.com\/se\/wp-json\/wp\/v2\/tags?post=30032"}],"curies":[{"name":"wp","href":"https:\/\/api.w.org\/{rel}","templated":true}]}}