{"id":30061,"date":"2025-09-14T18:45:23","date_gmt":"2025-09-14T18:45:23","guid":{"rendered":"https:\/\/www.europesays.com\/se\/30061\/"},"modified":"2025-09-14T18:45:23","modified_gmt":"2025-09-14T18:45:23","slug":"cykelloppet-kunde-inte-avslutas-i-madrid","status":"publish","type":"post","link":"https:\/\/www.europesays.com\/se\/30061\/","title":{"rendered":"Cykelloppet kunde inte avslutas i Madrid"},"content":{"rendered":"<p class=\"rubrik4 ingress article-body\">SPANIEN RIKS Tusentals demonstranter lyckades den 14 september sabotera m\u00e5lg\u00e5ngen f\u00f6r La Vuelta a Espa\u00f1a, som i \u00e5r skakats av stor kontrovers p\u00e5 grund av n\u00e4rvaron av ett israeliskt lag. Blockeringen p\u00e5 flera platser av banan i Madrid tvingade arrang\u00f6rerna att avbryta den sista etappen och st\u00e4lla in m\u00e5lg\u00e5ngen.<\/p>\n<p class=\"text\">Vid 18.30-tiden p\u00e5 s\u00f6ndagen bekr\u00e4ftade arrang\u00f6rerna att den sista etappen av La Vuelta avbrutits. Trots ett j\u00e4ttelikt polisp\u00e5drag lyckades demonstranterna, m\u00e5nga med palestinaflaggor, blockera str\u00e4ckor d\u00e4r cyklisterna skulle ta sig fram. Demonstrationer har f\u00f6rekommit p\u00e5 flera platser i Spanien, framf\u00f6r allt i Baskien och Galicien, mot att ett israeliskt lag till\u00e5tits delta.&#13;<\/p>\n<p>Dansken Jonas Vingegaard s\u00e4krade den 13 september segern i La Vuelta, \u00e4ven om han inte kunnat fira triumfen genom att passera den sista m\u00e5lf\u00e5llan p\u00e5 avenyn La Castellana. Demonstrationerna under La Vuelta har varit omfattande och v\u00e4ckt blandade k\u00e4nslor. Medan m\u00e5nga f\u00f6rsvarat protesterna p\u00e5 grund av Israels offensiv i Gaza har andra kritiserat bruket av p\u00e5tryckningar inom idrotten. Madrids borgm\u00e4stare Jos\u00e9 Luis Mart\u00ednez-Almeida och regionpresidenten Isabel D\u00edaz Ayuso tillh\u00f6r de mest kritiska till demonstrationerna som de kallat v\u00e5ldsamma och hade lovat g\u00f6ra allt f\u00f6r att f\u00f6rhindra st\u00f6rningar av den avslutande etappen genom huvudstaden.<\/p>\n","protected":false},"excerpt":{"rendered":"SPANIEN RIKS Tusentals demonstranter lyckades den 14 september sabotera m\u00e5lg\u00e5ngen f\u00f6r La Vuelta a Espa\u00f1a, som i \u00e5r&hellip;\n","protected":false},"author":2,"featured_media":30062,"comment_status":"","ping_status":"","sticky":false,"template":"","format":"standard","meta":{"footnotes":""},"categories":[5],"tags":[3386,22,23,1051,3383,26,27,17,21,3387,3385,3384,24,25,3388,28,29,15,16,18,34,691,31,33,32,30,1050,1059,19,20],"class_list":{"0":"post-30061","1":"post","2":"type-post","3":"status-publish","4":"format-standard","5":"has-post-thumbnail","7":"category-rubriker","8":"tag-avslutas","9":"tag-breaking-news","10":"tag-breakingnews","11":"tag-costa-del-sol","12":"tag-cykelloppet","13":"tag-featured-news","14":"tag-featurednews","15":"tag-headlines","16":"tag-huvudnyheter","17":"tag-i","18":"tag-inte","19":"tag-kunde","20":"tag-latest-news","21":"tag-latestnews","22":"tag-madrid","23":"tag-main-news","24":"tag-mainnews","25":"tag-news","26":"tag-nyheter","27":"tag-rubriker","28":"tag-se","29":"tag-spanien","30":"tag-svenska","31":"tag-sverige","32":"tag-sweden","33":"tag-swedish","34":"tag-sydkusten","35":"tag-sydkusten-es","36":"tag-top-stories","37":"tag-topstories"},"share_on_mastodon":{"url":"","error":""},"_links":{"self":[{"href":"https:\/\/www.europesays.com\/se\/wp-json\/wp\/v2\/posts\/30061","targetHints":{"allow":["GET"]}}],"collection":[{"href":"https:\/\/www.europesays.com\/se\/wp-json\/wp\/v2\/posts"}],"about":[{"href":"https:\/\/www.europesays.com\/se\/wp-json\/wp\/v2\/types\/post"}],"author":[{"embeddable":true,"href":"https:\/\/www.europesays.com\/se\/wp-json\/wp\/v2\/users\/2"}],"replies":[{"embeddable":true,"href":"https:\/\/www.europesays.com\/se\/wp-json\/wp\/v2\/comments?post=30061"}],"version-history":[{"count":0,"href":"https:\/\/www.europesays.com\/se\/wp-json\/wp\/v2\/posts\/30061\/revisions"}],"wp:featuredmedia":[{"embeddable":true,"href":"https:\/\/www.europesays.com\/se\/wp-json\/wp\/v2\/media\/30062"}],"wp:attachment":[{"href":"https:\/\/www.europesays.com\/se\/wp-json\/wp\/v2\/media?parent=30061"}],"wp:term":[{"taxonomy":"category","embeddable":true,"href":"https:\/\/www.europesays.com\/se\/wp-json\/wp\/v2\/categories?post=30061"},{"taxonomy":"post_tag","embeddable":true,"href":"https:\/\/www.europesays.com\/se\/wp-json\/wp\/v2\/tags?post=30061"}],"curies":[{"name":"wp","href":"https:\/\/api.w.org\/{rel}","templated":true}]}}