{"id":301101,"date":"2026-07-09T22:25:07","date_gmt":"2026-07-09T22:25:07","guid":{"rendered":"https:\/\/www.europesays.com\/se\/301101\/"},"modified":"2026-07-09T22:25:07","modified_gmt":"2026-07-09T22:25:07","slug":"dokumentar-stjarnan-cristina-sanz-dod-blev-36","status":"publish","type":"post","link":"https:\/\/www.europesays.com\/se\/301101\/","title":{"rendered":"Dokument\u00e4r-stj\u00e4rnan Cristina Sanz d\u00f6d \u2013 blev 36"},"content":{"rendered":"<p>Publicerad 9 jul 2026 kl 23.55<\/p>\n<p>Reality-stj\u00e4rnan Cristina Sanz, 36, har d\u00f6tt.\u00a0<\/p>\n<p>Hon slog igenom med serien \u201dBorn this way\u201d<\/p>\n<p>\u201dTrots l\u00e4karna b\u00e4sta f\u00f6rs\u00f6k att stabilisera hennes hj\u00e4rta \u00f6verlevde hon inte\u201d, skriver hennes mamma p\u00e5 Instagram.\u00a0<\/p>\n<p><img   alt=\"\"\/><\/p>\n<p>Cristina Sanz, 36, har d\u00f6tt.<\/p>\n<p>Foto: Privat \/ Instagram<\/p>\n<p>\u00d6ppna bild i helsk\u00e4rm<img loading=\"lazy\"   alt=\"\"\/><\/p>\n<p>Cristina Sanz, 36, har d\u00f6tt.<\/p>\n<p>Foto: Privat \/ Instagram<\/p>\n<p>\u00d6ppna bild i helsk\u00e4rm<\/p>\n<p>I m\u00e5ndags fick Christina Sanz akut f\u00f6ras till sjukhus efter att hennes hj\u00e4rta pl\u00f6tsligt stannat. I ett uttalande skriver familjen att l\u00e4karna gjorde sitt b\u00e4sta men inte kunde r\u00e4dda hennes liv.<\/p>\n<p>\u201dHennes d\u00f6d \u00e4r en total chock och helt ov\u00e4ntad. Vi kommer f\u00f6r alltid vara tacksamma f\u00f6r g\u00e5van som var hennes liv\u201d, skriver familjen p\u00e5 Instagram.<\/p>\n<p>Var en tittarfavorit<\/p>\n<p>Christina Sanz fick stor uppm\u00e4rksamhet f\u00f6r sitt deltagande i dokument\u00e4rserien \u201dBorn this way\u201d som s\u00e4ndes i flera s\u00e4songen fr\u00e5n 2015 till 2019.\u00a0<\/p>\n<p>I serien f\u00f6ljdes flera personer med downs syndrom i deras jakt p\u00e5 v\u00e4nskap, karri\u00e4r och k\u00e4rlek. Christina Sanz blev snabbt en av tittarnas favoriter och 2016 tilldelades serien tre Emmy-statyetter, skriver Deadline.\u00a0<\/p>\n<p>Produktionsbolaget bakom serien A&amp;E, riktar kondoleanser till Sanzs familj.\u00a0<\/p>\n<p>\u201dVi \u00e4r sorgsna \u00f6ver beskedet att Christina Sanz g\u00e5tt bort. Hon ber\u00f6rde m\u00e5ngas hj\u00e4rtan under sin tid p\u00e5 &#8217;Born this way&#8217;\u201d, skriver de.\u00a0<\/p>\n<p>Familjen: Kommer b\u00e4ra henne med oss<\/p>\n<p>2018 gifte sig Cristina Sanz med sin den andra seriedeltagaren Angel Callahan. De separerade dock 2021.<\/p>\n<p>\u201dVi kommer alla att b\u00e4ra med oss de underbara &#8217;Christina-\u00f6gonblicken&#8217; som hon gav oss\u201d, skriver familjen.\u00a0<\/p>\n","protected":false},"excerpt":{"rendered":"Publicerad 9 jul 2026 kl 23.55 Reality-stj\u00e4rnan Cristina Sanz, 36, har d\u00f6tt.\u00a0 Hon slog igenom med serien \u201dBorn&hellip;\n","protected":false},"author":2,"featured_media":301102,"comment_status":"","ping_status":"","sticky":false,"template":"","format":"standard","meta":{"footnotes":"","_share_on_mastodon":"0"},"categories":[67],"tags":[104,34,31,33,32,30,427,105],"class_list":["post-301101","post","type-post","status-publish","format-standard","has-post-thumbnail","category-underhallning","tag-entertainment","tag-se","tag-svenska","tag-sverige","tag-sweden","tag-swedish","tag-topic-dodsfall","tag-underhallning"],"share_on_mastodon":{"url":"https:\/\/pubeurope.com\/@se\/116892370662187731","error":""},"_links":{"self":[{"href":"https:\/\/www.europesays.com\/se\/wp-json\/wp\/v2\/posts\/301101","targetHints":{"allow":["GET"]}}],"collection":[{"href":"https:\/\/www.europesays.com\/se\/wp-json\/wp\/v2\/posts"}],"about":[{"href":"https:\/\/www.europesays.com\/se\/wp-json\/wp\/v2\/types\/post"}],"author":[{"embeddable":true,"href":"https:\/\/www.europesays.com\/se\/wp-json\/wp\/v2\/users\/2"}],"replies":[{"embeddable":true,"href":"https:\/\/www.europesays.com\/se\/wp-json\/wp\/v2\/comments?post=301101"}],"version-history":[{"count":0,"href":"https:\/\/www.europesays.com\/se\/wp-json\/wp\/v2\/posts\/301101\/revisions"}],"wp:featuredmedia":[{"embeddable":true,"href":"https:\/\/www.europesays.com\/se\/wp-json\/wp\/v2\/media\/301102"}],"wp:attachment":[{"href":"https:\/\/www.europesays.com\/se\/wp-json\/wp\/v2\/media?parent=301101"}],"wp:term":[{"taxonomy":"category","embeddable":true,"href":"https:\/\/www.europesays.com\/se\/wp-json\/wp\/v2\/categories?post=301101"},{"taxonomy":"post_tag","embeddable":true,"href":"https:\/\/www.europesays.com\/se\/wp-json\/wp\/v2\/tags?post=301101"}],"curies":[{"name":"wp","href":"https:\/\/api.w.org\/{rel}","templated":true}]}}