{"id":301113,"date":"2026-07-09T22:41:11","date_gmt":"2026-07-09T22:41:11","guid":{"rendered":"https:\/\/www.europesays.com\/se\/301113\/"},"modified":"2026-07-09T22:41:11","modified_gmt":"2026-07-09T22:41:11","slug":"martyn-38-dod-efter-haringreppet-i-turkiet","status":"publish","type":"post","link":"https:\/\/www.europesays.com\/se\/301113\/","title":{"rendered":"Martyn, 38, d\u00f6d efter h\u00e5ringreppet i Turkiet"},"content":{"rendered":"<p>Uppdaterad 9 jul 2026 kl 23.53Publicerad 9 jul 2026 kl 23.45<\/p>\n<p>Tv\u00e5barnspappan Martyn Latchman, 38, reste till Turkiet f\u00f6r en h\u00e5rtransplantation.<\/p>\n<p>N\u00e5gra timmar efter att ingreppet inletts avled han.\u00a0<\/p>\n<p>Nu har d\u00f6dsorsaken fastst\u00e4llts, rapporterar <a href=\"https:\/\/www.bbc.com\/news\/articles\/cx235r481dwo\" rel=\"nofollow noopener\" target=\"_blank\">BBC. <\/a>\u00a0<\/p>\n<p><img   alt=\"\"\/><\/p>\n<p>Martyn Latchman blev sjuk under en behandling p\u00e5 Dr Cinik-kliniken i Istanbul<\/p>\n<p>Foto: Privat<\/p>\n<p>\u00d6ppna bild i helsk\u00e4rm<\/p>\n<p>Martyn Latchman, 38, bodde med sin fru och tv\u00e5 barn i Wybridge utanf\u00f6r Bedford i Storbritannien.\u00a0<\/p>\n<p>I b\u00f6rjan av f\u00f6rra \u00e5ret reste han till Istanbul f\u00f6r att genomg\u00e5 den andra delen av en h\u00e5rtransplantation, f\u00f6r n\u00e4rmare 20 000 kronor.\u00a0<\/p>\n<p>Under behandlingen drabbades han av kramper och f\u00f6rdes till ett n\u00e4rliggande sjukhus d\u00e4r han senare fick hj\u00e4rtstillest\u00e5nd. Trots v\u00e5rdinsatser avled han samma dag.<\/p>\n<p>\u201dDjupt bedr\u00f6vad\u201d<\/p>\n<p>I ett uttalande uppgav kliniken att man \u00e4r \u201ddjupt bedr\u00f6vad\u201d \u00f6ver d\u00f6dsfallet. Enligt kliniken hade Latchman genomg\u00e5tt en lyckad h\u00e5rtransplantation sommaren innan och hade \u00e5terv\u00e4nt f\u00f6r en andra behandling.<\/p>\n<p>En r\u00e4ttsl\u00e4kare s\u00e4ger till BBC att underlaget om hans d\u00f6d \u00e4r mycket begr\u00e4nsat eftersom att han dog utomlands. Efter att kroppen \u00e5terf\u00f6rts till Storbritannien och unders\u00f6kts av specialistl\u00e4kare bed\u00f6ms d\u00f6dsorsaken vara en s\u00e4llsyns komplikation efter lokalbed\u00f6vning i samband med ingreppet.\u00a0<\/p>\n<p>Stora fotbollspelare p\u00e5 kliniken<\/p>\n<p>Kliniken, Dr Ciniks, h\u00e4vdar att de utf\u00f6rt \u00f6ver 50 000 lyckade transplantationer. De har \u00e4ven haft flera k\u00e4nda klienter, d\u00e4ribland den tidigare England- och Manchester United-fotbollsspelaren Rio Ferdinand, skriver <a href=\"https:\/\/www.theguardian.com\/world\/2025\/aug\/03\/british-man-dies-after-hair-transplant-operation-in-turkey?utm_source=chatgpt.com\" rel=\"nofollow noopener\" target=\"_blank\">The Guardian. <\/a>\u00a0<\/p>\n","protected":false},"excerpt":{"rendered":"Uppdaterad 9 jul 2026 kl 23.53Publicerad 9 jul 2026 kl 23.45 Tv\u00e5barnspappan Martyn Latchman, 38, reste till Turkiet&hellip;\n","protected":false},"author":2,"featured_media":301114,"comment_status":"","ping_status":"","sticky":false,"template":"","format":"standard","meta":{"footnotes":"","_share_on_mastodon":"0"},"categories":[67],"tags":[104,500,34,55,31,33,32,30,427,105],"class_list":["post-301113","post","type-post","status-publish","format-standard","has-post-thumbnail","category-underhallning","tag-entertainment","tag-location-turkiet","tag-se","tag-sections-varlden","tag-svenska","tag-sverige","tag-sweden","tag-swedish","tag-topic-dodsfall","tag-underhallning"],"share_on_mastodon":{"url":"https:\/\/pubeurope.com\/@se\/116892433507949360","error":""},"_links":{"self":[{"href":"https:\/\/www.europesays.com\/se\/wp-json\/wp\/v2\/posts\/301113","targetHints":{"allow":["GET"]}}],"collection":[{"href":"https:\/\/www.europesays.com\/se\/wp-json\/wp\/v2\/posts"}],"about":[{"href":"https:\/\/www.europesays.com\/se\/wp-json\/wp\/v2\/types\/post"}],"author":[{"embeddable":true,"href":"https:\/\/www.europesays.com\/se\/wp-json\/wp\/v2\/users\/2"}],"replies":[{"embeddable":true,"href":"https:\/\/www.europesays.com\/se\/wp-json\/wp\/v2\/comments?post=301113"}],"version-history":[{"count":0,"href":"https:\/\/www.europesays.com\/se\/wp-json\/wp\/v2\/posts\/301113\/revisions"}],"wp:featuredmedia":[{"embeddable":true,"href":"https:\/\/www.europesays.com\/se\/wp-json\/wp\/v2\/media\/301114"}],"wp:attachment":[{"href":"https:\/\/www.europesays.com\/se\/wp-json\/wp\/v2\/media?parent=301113"}],"wp:term":[{"taxonomy":"category","embeddable":true,"href":"https:\/\/www.europesays.com\/se\/wp-json\/wp\/v2\/categories?post=301113"},{"taxonomy":"post_tag","embeddable":true,"href":"https:\/\/www.europesays.com\/se\/wp-json\/wp\/v2\/tags?post=301113"}],"curies":[{"name":"wp","href":"https:\/\/api.w.org\/{rel}","templated":true}]}}