{"id":30151,"date":"2025-09-14T21:28:17","date_gmt":"2025-09-14T21:28:17","guid":{"rendered":"https:\/\/www.europesays.com\/se\/30151\/"},"modified":"2025-09-14T21:28:17","modified_gmt":"2025-09-14T21:28:17","slug":"s-brutala-fall-bara-fortsatter","status":"publish","type":"post","link":"https:\/\/www.europesays.com\/se\/30151\/","title":{"rendered":"s brutala fall bara forts\u00e4tter"},"content":{"rendered":"<p>Tyska Socialdemokraterna (SPD) och milj\u00f6partiet De Gr\u00f6na \u00e4r de stora f\u00f6rlorarna i lokalvalen i Nordrhein-Westfalen, landets rikaste f\u00f6rbundsland. Den analysen g\u00f6r tidningen Bild efter att de f\u00f6rsta prognoserna kommit in. <\/p>\n<p>Mellan 1994 och 2020 n\u00e4stan halverades SPD:s st\u00f6d fr\u00e5n 42 till 24 procent, och nu ser st\u00f6det ut att landa omkring tv\u00e5 procentenheter l\u00e4gre. <\/p>\n<p>\u201dPartiets v\u00e4ljarst\u00f6d faller \u00e4nnu mer i sitt tidigare k\u00e4rnomr\u00e5de.\u201d<\/p>\n<p>Der Spiegels Christian Teevs skriver att valet \u00e4r det f\u00f6rsta testet f\u00f6r regeringen, som leds av kristdemokraterna CDU. Medan CDU bef\u00e4ster positionen som starkast i f\u00f6rbundslandet forts\u00e4tter SPD:s ned\u00e5tg\u00e5ende trend, skriver han. <\/p>\n<p>Han skriver att en del socialdemokrater hade v\u00e4ntat sig ett \u00e4nnu v\u00e4rre resultat \u00e4n det som \u00e4nd\u00e5 \u00e4r ett historiskt nederlag. Men f\u00f6r Teevs \u00e4r det \u00e4nnu ett bakslag, f\u00f6r partiet som sitter i regeringen trots det katastrofala nationella valet i vintras. <\/p>\n<p>\u201d\u00c4ven om partiet lyckades r\u00e4dda sig genom att bilda en regeringskoalition med CDU\/CSU var fallet fr\u00e5n maktens h\u00f6jder brutalt f\u00f6r det forna f\u00f6rbundskanslerpartiet.\u201d<\/p>\n<p>Omni \u00e4r politiskt obundna och oberoende. Vi str\u00e4var efter att ge fler perspektiv p\u00e5 nyheterna. Har du fr\u00e5gor eller synpunkter kring v\u00e5r rapportering? <a href=\"https:\/\/omni.se\/analys-spd-s-brutala-fall-bara-fortsatter\/a\/mailto:redaktion@omni.se\" class=\"ArticleActions_contactLink__W2F1M\" rel=\"nofollow noopener\" target=\"_blank\">Kontakta redaktionen<\/a><\/p>\n","protected":false},"excerpt":{"rendered":"Tyska Socialdemokraterna (SPD) och milj\u00f6partiet De Gr\u00f6na \u00e4r de stora f\u00f6rlorarna i lokalvalen i Nordrhein-Westfalen, landets rikaste f\u00f6rbundsland.&hellip;\n","protected":false},"author":2,"featured_media":30152,"comment_status":"","ping_status":"","sticky":false,"template":"","format":"standard","meta":{"footnotes":""},"categories":[5],"tags":[1047,22,23,267,26,27,17,21,24,25,28,29,15,16,18,34,31,33,32,30,19,20,408],"class_list":{"0":"post-30151","1":"post","2":"type-post","3":"status-publish","4":"format-standard","5":"has-post-thumbnail","7":"category-rubriker","8":"tag-analys","9":"tag-breaking-news","10":"tag-breakingnews","11":"tag-europa","12":"tag-featured-news","13":"tag-featurednews","14":"tag-headlines","15":"tag-huvudnyheter","16":"tag-latest-news","17":"tag-latestnews","18":"tag-main-news","19":"tag-mainnews","20":"tag-news","21":"tag-nyheter","22":"tag-rubriker","23":"tag-se","24":"tag-svenska","25":"tag-sverige","26":"tag-sweden","27":"tag-swedish","28":"tag-top-stories","29":"tag-topstories","30":"tag-tyskland"},"share_on_mastodon":{"url":"","error":""},"_links":{"self":[{"href":"https:\/\/www.europesays.com\/se\/wp-json\/wp\/v2\/posts\/30151","targetHints":{"allow":["GET"]}}],"collection":[{"href":"https:\/\/www.europesays.com\/se\/wp-json\/wp\/v2\/posts"}],"about":[{"href":"https:\/\/www.europesays.com\/se\/wp-json\/wp\/v2\/types\/post"}],"author":[{"embeddable":true,"href":"https:\/\/www.europesays.com\/se\/wp-json\/wp\/v2\/users\/2"}],"replies":[{"embeddable":true,"href":"https:\/\/www.europesays.com\/se\/wp-json\/wp\/v2\/comments?post=30151"}],"version-history":[{"count":0,"href":"https:\/\/www.europesays.com\/se\/wp-json\/wp\/v2\/posts\/30151\/revisions"}],"wp:featuredmedia":[{"embeddable":true,"href":"https:\/\/www.europesays.com\/se\/wp-json\/wp\/v2\/media\/30152"}],"wp:attachment":[{"href":"https:\/\/www.europesays.com\/se\/wp-json\/wp\/v2\/media?parent=30151"}],"wp:term":[{"taxonomy":"category","embeddable":true,"href":"https:\/\/www.europesays.com\/se\/wp-json\/wp\/v2\/categories?post=30151"},{"taxonomy":"post_tag","embeddable":true,"href":"https:\/\/www.europesays.com\/se\/wp-json\/wp\/v2\/tags?post=30151"}],"curies":[{"name":"wp","href":"https:\/\/api.w.org\/{rel}","templated":true}]}}