{"id":301978,"date":"2026-07-10T17:50:17","date_gmt":"2026-07-10T17:50:17","guid":{"rendered":"https:\/\/www.europesays.com\/se\/301978\/"},"modified":"2026-07-10T17:50:17","modified_gmt":"2026-07-10T17:50:17","slug":"charterfeber-annikas-man-far-inte-vardboende","status":"publish","type":"post","link":"https:\/\/www.europesays.com\/se\/301978\/","title":{"rendered":"\u201dCharterfeber\u201d-Annikas man f\u00e5r inte v\u00e5rdboende"},"content":{"rendered":"<p>Publicerad 10 jul 2026 kl 17.42<\/p>\n<p>Hur gammal och sjuk ska man vara f\u00f6r att f\u00e5 v\u00e5rdboende?<\/p>\n<p>Det undrar tv-profilen Annika Ahlgren L\u00f6fstedt.<\/p>\n<p>Hennes make \u00e4r 82 och tvingas bo hemma, ber\u00e4ttar hon.<\/p>\n<p>\u2013 Det \u00e4r inget v\u00e4rdigt liv.\u00a0<\/p>\n<p>Senaste nyhetsklippen fr\u00e5n Expressen.<img   alt=\"\"\/><\/p>\n<p>Annika Ahlgren L\u00f6fstedts make \u00e4r 82 och tvingas bo hemma, ber\u00e4ttar hon. \u201dDet \u00e4r inget v\u00e4rdigt liv.\u201d<\/p>\n<p>Foto: Privat<\/p>\n<p>\u00d6ppna bild i helsk\u00e4rm<img loading=\"lazy\"   alt=\"\"\/><\/p>\n<p>Annika Ahlgren L\u00f6fstedt, 69, gjorde intryck i \u201d\u00c4lskar, \u00e4lskar inte\u201d som Tony Bj\u00f6rks styvmamma.<br \/>\nF\u00f6rra \u00e5ret var hon och b\u00e4sta v\u00e4nnen Eva Alm Troberg med i Viaplays nya program \u201dCharterfeber\u201d<\/p>\n<p>Foto: Viaplay<\/p>\n<p>\u00d6ppna bild i helsk\u00e4rm<\/p>\n<p>Annika Ahlgren L\u00f6fstedt, 69, fr\u00e5n <a href=\"https:\/\/www.expressen.se\/tagg\/location\/malmo\/\" class=\"\" rel=\"nofollow noopener\" target=\"_blank\">Malm\u00f6<\/a> gjorde intryck i \u201d\u00c4lskar, \u00e4lskar inte\u201d som Tony Bj\u00f6rks styvmamma.<\/p>\n<p><a href=\"https:\/\/www.expressen.se\/noje\/tv-och-streaming\/alskar-alskar-inte-annikas-make-nara-att-do-svara-tiden\/\" rel=\"nofollow noopener\" target=\"_blank\">F\u00f6rra \u00e5ret var hon<\/a> och b\u00e4sta v\u00e4nnen Eva Alm Troberg med i Viaplays nya program \u201dCharterfeber\u201d, d\u00e4r de reste tillsammans.\u00a0<\/p>\n<p>N\u00e4r Annika Ahlgren L\u00f6fstedt kom hem fr\u00e5n tv-inspelningen v\u00e4nde livet snabbt. Hennes make Olle Ahlgren blev allvarligt sjuk och lades in p\u00e5 sjukhus. Kallbrand som spred sig snabbt ledde till amputation av en t\u00e5.<\/p>\n<p>Nu \u00e4r maken sjuk igen \u2013 och Annika Ahlgren L\u00f6fstedt \u00e4r besviken p\u00e5 v\u00e5rd och omsorg som han f\u00e5r.<\/p>\n<p>Under v\u00e5ren amputerades hans andra ben, och han lider dessutom av hj\u00e4rtsvikt.\u00a0<\/p>\n<p>\u2013 Han \u00e5kte ut och in p\u00e5 sjukhus, och till slut amputerades benet. Efter ingreppet l\u00e5g han p\u00e5 sjukhus i tre veckor. Sedan best\u00e4mde de att han skulle till korttidsboende, och det tyckte jag var helt okej, s\u00e4ger Annika Ahlgren L\u00f6fstedt.<\/p>\n<p><img loading=\"lazy\"   alt=\"\"\/><\/p>\n<p>Olle Ahlgren och Annika Ahlgren L\u00f6fstedt tillbringade tid i kolonistugan i Malm\u00f6, s\u00e5 l\u00e4nge Olle var frisk.<\/p>\n<p>Foto: Privat<\/p>\n<p>\u00d6ppna bild i helsk\u00e4rm<\/p>\n<p>Men l\u00e4ttnaden blev kort, f\u00f6r n\u00e4r sommaren kom skickades maken hem.\u00a0<\/p>\n<p>Annika Ahlgren L\u00f6fstedt ber\u00e4ttar att han har hemtj\u00e4nst sex g\u00e5nger per dygn och f\u00e5r hj\u00e4lp med att stiga upp, l\u00e4gga sig och personlig hygien.<\/p>\n<p>\u2013 Maten ordnar jag, det skulle jag ju g\u00f6ra \u00e4nd\u00e5, s\u00e4ger hon.<\/p>\n<p>\u201dH\u00e4r \u00e4r du inte v\u00e4lkommen\u201d<\/p>\n<p>Men problemet \u00e4r att l\u00e4genhetens badrum \u00e4r f\u00f6r sm\u00e5. Rullstolen kommer visserligen genom d\u00f6rren, men v\u00e4l d\u00e4r inne finns inte plats f\u00f6r b\u00e5de Olle och personalen som ska hj\u00e4lpa honom.<\/p>\n<p>L\u00f6sningen blir att all omv\u00e5rdnad sker i sovrummet.<\/p>\n<p>\u2013 Han sitter och bajsar i sin s\u00e4ngkammare. Eftersom han inte kan duscha blir han tv\u00e4ttad i s\u00e4ngen, s\u00e4ger frun Annika.<\/p>\n<p>De som sett henne p\u00e5 tv vet att hon kan tala f\u00f6r sig. Hon ber\u00e4ttar om en anst\u00e4lld fr\u00e5n hemtj\u00e4nsten som v\u00e4grade torka Olle Ahlgren.<\/p>\n<p>\u2013 \u201dD\u00f6rren \u00e4r d\u00e4r, h\u00e4r \u00e4r du inte v\u00e4lkommen\u201d, sa jag till henne, ber\u00e4ttar Annika Ahlgren L\u00f6fstedt.<\/p>\n<p>\u2013 Tyv\u00e4rr \u00e4r det den erfarenheten jag har av hemtj\u00e4nst.<\/p>\n<p>Maken Olle Ahlgrens egen \u00f6nskan \u00e4r att f\u00e5 plats p\u00e5 ett v\u00e5rdboende.<\/p>\n<p>\u2013 \u201dJag vill bara dit Annika, s\u00e5 jag f\u00e5r lugn och ro. Tillg\u00e5ng till l\u00e4kare, att jag f\u00e5r mat och s\u00e5 kan du komma och h\u00e4lsa p\u00e5 mig ibland\u201d har han sagt till mig, ber\u00e4ttar Annika Ahlgren L\u00f6fstedt.<\/p>\n<p>Ans\u00f6kan om v\u00e5rdboende avslogs.\u00a0<\/p>\n<p>\u2013 Det \u00e4r till och med en fr\u00e5n hemtj\u00e4nst som har reagerat och blandat sig i. Hon blev riktigt f\u00f6rbannad: Det h\u00e4r \u00e4r inte v\u00e4rdigt, s\u00e4ger Annika Ahlgren L\u00f6fstedt.<\/p>\n<p>Annons<\/p>\n<p>Kommunens svar till Annika och Olle<\/p>\n<p>Alexandra Oyarzo, enhetschef inom h\u00e4lsa, v\u00e5rd och omsorg i Malm\u00f6 stad, kommenterar inte Olles fall specifikt, men f\u00f6rklarar hur besluten fattas.<\/p>\n<p>\u2013 Det grundas alltid p\u00e5 en individuell bed\u00f6mning. Man tittar p\u00e5 hur personen klarar sin personliga omv\u00e5rdnad och hur stort behovet \u00e4r \u00f6ver dygnet. Man tittar ocks\u00e5 p\u00e5 sj\u00e4lva bostaden.<\/p>\n<p>\u2013 Jag har stor f\u00f6rst\u00e5else att man kan \u00f6nska ett boende och sedan blir besviken n\u00e4r man inte f\u00e5r det. Men m\u00e5nga g\u00e5nger kan man tillgodose behovet p\u00e5 ett tryggt s\u00e4tt, hemma.\u00a0<\/p>\n<p>Hon uppmanar alla som inte \u00e4r n\u00f6jda att \u00f6verklaga.\u00a0<\/p>\n<p>\u2013 Det \u00e4r viktigt att k\u00e4nna till att man kan det, s\u00e5 att man g\u00f6r det, om det inte k\u00e4nns r\u00e4tt.<\/p>\n<p><strong>L\u00c4S MER: <\/strong><a href=\"https:\/\/www.expressen.se\/kvallsposten\/alskar-alskar-inte-annika-om-livet-efter-programmet\/\" class=\"premium-link\" rel=\"nofollow noopener\" target=\"_blank\">Premium \u201d\u00c4lskar, \u00e4lskar inte\u201d-Annika om livet efter programmet<\/a><\/p>\n","protected":false},"excerpt":{"rendered":"Publicerad 10 jul 2026 kl 17.42 Hur gammal och sjuk ska man vara f\u00f6r att f\u00e5 v\u00e5rdboende? Det&hellip;\n","protected":false},"author":2,"featured_media":301979,"comment_status":"","ping_status":"","sticky":false,"template":"","format":"standard","meta":{"footnotes":"","_share_on_mastodon":"0"},"categories":[65],"tags":[72,70,71,2211,34,154,31,33,32,30,892],"class_list":["post-301978","post","type-post","status-publish","format-standard","has-post-thumbnail","category-ekonomi","tag-business","tag-economy","tag-ekonomi","tag-location-malmo","tag-se","tag-sections-sverige","tag-svenska","tag-sverige","tag-sweden","tag-swedish","tag-topic-aldreomsorg"],"share_on_mastodon":{"url":"https:\/\/pubeurope.com\/@se\/116896951598171227","error":""},"_links":{"self":[{"href":"https:\/\/www.europesays.com\/se\/wp-json\/wp\/v2\/posts\/301978","targetHints":{"allow":["GET"]}}],"collection":[{"href":"https:\/\/www.europesays.com\/se\/wp-json\/wp\/v2\/posts"}],"about":[{"href":"https:\/\/www.europesays.com\/se\/wp-json\/wp\/v2\/types\/post"}],"author":[{"embeddable":true,"href":"https:\/\/www.europesays.com\/se\/wp-json\/wp\/v2\/users\/2"}],"replies":[{"embeddable":true,"href":"https:\/\/www.europesays.com\/se\/wp-json\/wp\/v2\/comments?post=301978"}],"version-history":[{"count":0,"href":"https:\/\/www.europesays.com\/se\/wp-json\/wp\/v2\/posts\/301978\/revisions"}],"wp:featuredmedia":[{"embeddable":true,"href":"https:\/\/www.europesays.com\/se\/wp-json\/wp\/v2\/media\/301979"}],"wp:attachment":[{"href":"https:\/\/www.europesays.com\/se\/wp-json\/wp\/v2\/media?parent=301978"}],"wp:term":[{"taxonomy":"category","embeddable":true,"href":"https:\/\/www.europesays.com\/se\/wp-json\/wp\/v2\/categories?post=301978"},{"taxonomy":"post_tag","embeddable":true,"href":"https:\/\/www.europesays.com\/se\/wp-json\/wp\/v2\/tags?post=301978"}],"curies":[{"name":"wp","href":"https:\/\/api.w.org\/{rel}","templated":true}]}}