{"id":30204,"date":"2025-09-15T00:22:08","date_gmt":"2025-09-15T00:22:08","guid":{"rendered":"https:\/\/www.europesays.com\/se\/30204\/"},"modified":"2025-09-15T00:22:08","modified_gmt":"2025-09-15T00:22:08","slug":"kim-jong-uns-syster-rasar-mot-amerikanska-militarovningar","status":"publish","type":"post","link":"https:\/\/www.europesays.com\/se\/30204\/","title":{"rendered":"Kim Jong-Uns syster rasar mot amerikanska milit\u00e4r\u00f6vningar"},"content":{"rendered":"<p>Publicerad 14 sep 2025 kl 23.45<\/p>\n<p>USA, Japan och Sydkorea ska ha gemensamma milit\u00e4r\u00f6vningar i n\u00e4rheten av Nordkorea n\u00e4sta vecka. \u00a0\u00a0<\/p>\n<p>Nu kallar diktatorns syster Kim Yo-jong \u00f6vningarna f\u00f6r en \u201dfarlig id\u00e9\u201d och varnar f\u00f6r \u201dnegativa konsekvenser\u201d, skriver <a href=\"https:\/\/nypost.com\/2025\/09\/14\/world-news\/north-korean-leaders-sister-warns-against-us-joint-drills\/\" rel=\"nofollow noopener\" target=\"_blank\">New York Post<\/a>.<\/p>\n<p>Senaste nyhetsklippen fr\u00e5n Expressen.<img   alt=\"\"\/><\/p>\n<p>Kim Yo-jong, lillasyster till den nordkoreanska diktatorn, tillh\u00f6r landets ledarskikt.<\/p>\n<p>Foto: JORGE SILVA \/ AP TT NYHETSBYR\u00c5N<\/p>\n<p>\u00d6ppna bild i helsk\u00e4rm<\/p>\n<p>N\u00e4sta vecka ska USA, Japan och Sydkorea genomf\u00f6ra milit\u00e4r\u00f6vningar utanf\u00f6r den sydkoreanska \u00f6n Jeju. Den h\u00e4r typen av \u00f6vningar \u2013 som ska st\u00e4rka l\u00e4ndernas luft-, sj\u00f6- och cyberoperativa f\u00f6rm\u00e5gor \u2013 genomf\u00f6rs \u00e5rligen. Syftet \u00e4r att l\u00e4nderna ska bli b\u00e4ttre f\u00f6rberedda p\u00e5 hot fr\u00e5n <a href=\"https:\/\/www.expressen.se\/tagg\/location\/nordkorea\/\" class=\"\" rel=\"nofollow noopener\" target=\"_blank\">Nordkorea<\/a>.\u00a0<\/p>\n<p>Nordkorea brukar protestera \u2013 och har gjort det nu ocks\u00e5, skriver New York Post. \u00a0\u00a0<\/p>\n<p>Diktatorn Kim Jong-Uns syster, Kim Yo-jong, varnar l\u00e4nderna och kallar \u00f6vningarna f\u00f6r \u201den farlig id\u00e9.\u201d I ett uttalande till den nordkoreanska propagandabyr\u00e5n KCNA s\u00e4ger hon:\u00a0<\/p>\n<p>\u2013 Jag vill p\u00e5minna USA, Japan och Sydkorea om att de h\u00e4nsynsl\u00f6sa maktdemonstrationer som de planerar att genomf\u00f6ra i n\u00e4rheten av Nordkorea oundvikligen kommer att leda till negativa konsekvenser f\u00f6r dem sj\u00e4lva.\u00a0<\/p>\n<p><img loading=\"lazy\"   alt=\"\"\/><\/p>\n<p>Under diktatorn Kim Jong-uns tid vid makten har Nordkorea gjort stora anstr\u00e4ngningar f\u00f6r att utveckla k\u00e4rnvapen.<\/p>\n<p>Foto: AP \/ AP TT NYHETSBYR\u00c5N<\/p>\n<p>\u00d6ppna bild i helsk\u00e4rmKallas f\u00f6r \u201ddj\u00e4vulskvinnan\u201d<\/p>\n<p>Kim Yo-jong st\u00e5r n\u00e4ra sin storebror och \u00e4r den enda kvinnan i diktaturens ledarskikt.\u00a0<\/p>\n<p>F\u00f6r ett par \u00e5r sedan pekades hon ut som ansvarig f\u00f6r en rad <a href=\"https:\/\/www.expressen.se\/nyheter\/skracken-for-kim-jong-uns-syster-kallas-djavulskvinnan\/\" rel=\"nofollow noopener\" target=\"_blank\">avr\u00e4ttningar av m\u00e4ktiga tj\u00e4nstem\u00e4n<\/a> i Nordkorea som, av oklara anledningar, g\u00e5tt henne p\u00e5 nerverna. Hon beskrevs som \u201drena skr\u00e4cken\u201d f\u00f6r tj\u00e4nstem\u00e4nnen i Pyonyang och fick smeknamnet \u201ddj\u00e4vulskvinnan\u201d.\u00a0<\/p>\n<p>I somras skickade hon <a href=\"https:\/\/www.expressen.se\/nyheter\/varlden\/diktatorns-okanda-systers--varning-till-trump-vore-han\/\" rel=\"nofollow noopener\" target=\"_blank\">en h\u00e4lsning till USA:s president<\/a>, som sagt att han g\u00e4rna tr\u00e4ffar Kim Jong-Un igen. Hon sa att det inte skulle bli tal om n\u00e5got m\u00f6te om USA \u201dmisslyckas med att acceptera den f\u00f6r\u00e4ndrade verkligheten\u201d d\u00e4r Nordkorea ska betraktas som en k\u00e4rnvapenmakt och att eventuella p\u00e5tryckningar om k\u00e4rnvapennedrustning skulle tolkas \u201dsom ett h\u00e5n.\u201d\u00a0<\/p>\n<p>\u2013 Varje f\u00f6rs\u00f6k att f\u00f6rneka Nordkoreas status som k\u00e4rnvapenstat kommer att avvisas fullst\u00e4ndigt.\u00a0<\/p>\n<p><strong>L\u00c4S MER: <\/strong><a href=\"https:\/\/www.expressen.se\/nyheter\/varlden\/nordkoreas-harda--ord-forblir-fienden\/\" class=\"\" rel=\"nofollow noopener\" target=\"_blank\">Nordkoreas h\u00e5rda  ord: F\u00f6rblir fienden<\/a><strong>L\u00c4S MER: <\/strong><a href=\"https:\/\/www.expressen.se\/nyheter\/varlden\/diktatorns-okanda-systers--varning-till-trump-vore-han\/\" class=\"\" rel=\"nofollow noopener\" target=\"_blank\">Diktatorns \u00f6k\u00e4nda systers  varning till Trump: \u201dVore h\u00e5n\u201d<\/a><strong>L\u00c4S MER: <\/strong><a href=\"https:\/\/www.expressen.se\/nyheter\/varlden\/nordkoreas-hemliga-bas-det-ar-verkligen-inte-bra\/\" class=\"\" rel=\"nofollow noopener\" target=\"_blank\">Nordkoreas hemliga bas: \u201dDet \u00e4r verkligen inte bra\u201d<\/a>Lukasjenkos kamp under milit\u00e4rparaden.<\/p>\n","protected":false},"excerpt":{"rendered":"Publicerad 14 sep 2025 kl 23.45 USA, Japan och Sydkorea ska ha gemensamma milit\u00e4r\u00f6vningar i n\u00e4rheten av Nordkorea&hellip;\n","protected":false},"author":2,"featured_media":30205,"comment_status":"","ping_status":"","sticky":false,"template":"","format":"standard","meta":{"footnotes":""},"categories":[14],"tags":[22,23,26,27,17,21,24,25,1132,28,29,15,16,198,1133,3396,18,34,55,31,33,32,30,19,60,485,20,51,52,53,54],"class_list":{"0":"post-30204","1":"post","2":"type-post","3":"status-publish","4":"format-standard","5":"has-post-thumbnail","7":"category-varlden","8":"tag-breaking-news","9":"tag-breakingnews","10":"tag-featured-news","11":"tag-featurednews","12":"tag-headlines","13":"tag-huvudnyheter","14":"tag-latest-news","15":"tag-latestnews","16":"tag-location-nordkorea","17":"tag-main-news","18":"tag-mainnews","19":"tag-news","20":"tag-nyheter","21":"tag-person-donald-trump","22":"tag-person-kim-jong-un","23":"tag-person-kim-yo-jong","24":"tag-rubriker","25":"tag-se","26":"tag-sections-varlden","27":"tag-svenska","28":"tag-sverige","29":"tag-sweden","30":"tag-swedish","31":"tag-top-stories","32":"tag-topic-krig-konflikt","33":"tag-topic-politik","34":"tag-topstories","35":"tag-varlden","36":"tag-world","37":"tag-world-news","38":"tag-worldnews"},"share_on_mastodon":{"url":"","error":""},"_links":{"self":[{"href":"https:\/\/www.europesays.com\/se\/wp-json\/wp\/v2\/posts\/30204","targetHints":{"allow":["GET"]}}],"collection":[{"href":"https:\/\/www.europesays.com\/se\/wp-json\/wp\/v2\/posts"}],"about":[{"href":"https:\/\/www.europesays.com\/se\/wp-json\/wp\/v2\/types\/post"}],"author":[{"embeddable":true,"href":"https:\/\/www.europesays.com\/se\/wp-json\/wp\/v2\/users\/2"}],"replies":[{"embeddable":true,"href":"https:\/\/www.europesays.com\/se\/wp-json\/wp\/v2\/comments?post=30204"}],"version-history":[{"count":0,"href":"https:\/\/www.europesays.com\/se\/wp-json\/wp\/v2\/posts\/30204\/revisions"}],"wp:featuredmedia":[{"embeddable":true,"href":"https:\/\/www.europesays.com\/se\/wp-json\/wp\/v2\/media\/30205"}],"wp:attachment":[{"href":"https:\/\/www.europesays.com\/se\/wp-json\/wp\/v2\/media?parent=30204"}],"wp:term":[{"taxonomy":"category","embeddable":true,"href":"https:\/\/www.europesays.com\/se\/wp-json\/wp\/v2\/categories?post=30204"},{"taxonomy":"post_tag","embeddable":true,"href":"https:\/\/www.europesays.com\/se\/wp-json\/wp\/v2\/tags?post=30204"}],"curies":[{"name":"wp","href":"https:\/\/api.w.org\/{rel}","templated":true}]}}