{"id":30237,"date":"2025-09-15T01:38:13","date_gmt":"2025-09-15T01:38:13","guid":{"rendered":"https:\/\/www.europesays.com\/se\/30237\/"},"modified":"2025-09-15T01:38:13","modified_gmt":"2025-09-15T01:38:13","slug":"man-rymde-fran-anstalt-i-boras-gangtopp-i-goteborg-jagas-av-polis","status":"publish","type":"post","link":"https:\/\/www.europesays.com\/se\/30237\/","title":{"rendered":"M\u00e4n rymde fr\u00e5n anstalt i Bor\u00e5s \u2013 g\u00e4ngtopp i G\u00f6teborg jagas av polis"},"content":{"rendered":"<p>Av Sofia Hedberg<br \/>Publicerad 14 september, 21:14. Uppdaterad 14 september, 22:13<\/p>\n<p>Polisen efterlyser de tv\u00e5 m\u00e4n som rymde fr\u00e5n ett h\u00e4kte vid Kriminalv\u00e5rdens anstalt i Bor\u00e5s under s\u00f6ndagsmorgonen.<\/p>\n<p>I samband med efterlysningen g\u00e5r polisen ut med en bild p\u00e5 den ena mannen som \u00e4r i 25-\u00e5rs\u00e5ldern. Enligt GP och Expressen \u00e4r det David Berntsen Lundin som \u00e4r en ledarfigur inom T-falangen i G\u00f6teborg.<\/p>\n<p>Enligt GP har Bernsten Lundin tidigare i \u00e5r d\u00f6mts f\u00f6r bland annat anstiftan till f\u00f6rs\u00f6k till mord till 17 \u00e5r och tio m\u00e5naders f\u00e4ngelse. Han ska bland annat ligga bakom att en 14-\u00e5rig pojke sk\u00f6t en man p\u00e5 Kungsm\u00e4ssan i Kungsbacka.  <\/p>\n<p>Allm\u00e4nheten ska inte ingripa sj\u00e4lv om man skulle se m\u00e4nnen utan kontakta polisen.<\/p>\n<p>B\u00e5da m\u00e4nnen var ikl\u00e4dda gr\u00f6na kl\u00e4der fr\u00e5n Kriminalv\u00e5rden men det \u00e4r sannolikt att de bytt kl\u00e4der, skriver polisen p\u00e5 sin hemsida. <\/p>\n<p>Mannen i 30-\u00e5rs\u00e5ldern \u00e4r d\u00f6md till ett \u201dfler\u00e5rigt f\u00e4ngelsestraff\u201d f\u00f6r mordbrand.<\/p>\n<p>\u201dVi har inga konkreta uppgifter om att de skulle vara farliga f\u00f6r allm\u00e4nheten\u201d, skriver polisen. <\/p>\n<p>Omni \u00e4r politiskt obundna och oberoende. Vi str\u00e4var efter att ge fler perspektiv p\u00e5 nyheterna. Har du fr\u00e5gor eller synpunkter kring v\u00e5r rapportering? <a href=\"https:\/\/omni.se\/mannen-efterlysta-av-polisen-vill-fa-in-tips\/a\/mailto:redaktion@omni.se\" class=\"ArticleActions_contactLink__W2F1M\" rel=\"nofollow noopener\" target=\"_blank\">Kontakta redaktionen<\/a><\/p>\n","protected":false},"excerpt":{"rendered":"Av Sofia HedbergPublicerad 14 september, 21:14. Uppdaterad 14 september, 22:13 Polisen efterlyser de tv\u00e5 m\u00e4n som rymde fr\u00e5n&hellip;\n","protected":false},"author":2,"featured_media":30238,"comment_status":"","ping_status":"","sticky":false,"template":"","format":"standard","meta":{"footnotes":"","_share_on_mastodon":"0"},"categories":[5],"tags":[3002,22,23,128,26,27,17,21,1560,24,25,28,29,15,16,18,34,31,33,32,30,19,20,1084],"class_list":["post-30237","post","type-post","status-publish","format-standard","has-post-thumbnail","category-rubriker","tag-boras","tag-breaking-news","tag-breakingnews","tag-brott","tag-featured-news","tag-featurednews","tag-headlines","tag-huvudnyheter","tag-kriminalvarden","tag-latest-news","tag-latestnews","tag-main-news","tag-mainnews","tag-news","tag-nyheter","tag-rubriker","tag-se","tag-svenska","tag-sverige","tag-sweden","tag-swedish","tag-top-stories","tag-topstories","tag-vastra-gotalands-lan"],"share_on_mastodon":{"url":"","error":""},"_links":{"self":[{"href":"https:\/\/www.europesays.com\/se\/wp-json\/wp\/v2\/posts\/30237","targetHints":{"allow":["GET"]}}],"collection":[{"href":"https:\/\/www.europesays.com\/se\/wp-json\/wp\/v2\/posts"}],"about":[{"href":"https:\/\/www.europesays.com\/se\/wp-json\/wp\/v2\/types\/post"}],"author":[{"embeddable":true,"href":"https:\/\/www.europesays.com\/se\/wp-json\/wp\/v2\/users\/2"}],"replies":[{"embeddable":true,"href":"https:\/\/www.europesays.com\/se\/wp-json\/wp\/v2\/comments?post=30237"}],"version-history":[{"count":0,"href":"https:\/\/www.europesays.com\/se\/wp-json\/wp\/v2\/posts\/30237\/revisions"}],"wp:featuredmedia":[{"embeddable":true,"href":"https:\/\/www.europesays.com\/se\/wp-json\/wp\/v2\/media\/30238"}],"wp:attachment":[{"href":"https:\/\/www.europesays.com\/se\/wp-json\/wp\/v2\/media?parent=30237"}],"wp:term":[{"taxonomy":"category","embeddable":true,"href":"https:\/\/www.europesays.com\/se\/wp-json\/wp\/v2\/categories?post=30237"},{"taxonomy":"post_tag","embeddable":true,"href":"https:\/\/www.europesays.com\/se\/wp-json\/wp\/v2\/tags?post=30237"}],"curies":[{"name":"wp","href":"https:\/\/api.w.org\/{rel}","templated":true}]}}