{"id":302768,"date":"2026-07-11T21:15:12","date_gmt":"2026-07-11T21:15:12","guid":{"rendered":"https:\/\/www.europesays.com\/se\/302768\/"},"modified":"2026-07-11T21:15:12","modified_gmt":"2026-07-11T21:15:12","slug":"okanda-handelsen-som-utloste-braket-mellan-perla-och-rosanna","status":"publish","type":"post","link":"https:\/\/www.europesays.com\/se\/302768\/","title":{"rendered":"Ok\u00e4nda h\u00e4ndelsen som utl\u00f6ste br\u00e5ket mellan Perla och Rosanna"},"content":{"rendered":"<p>Publicerad 11 jul 2026 kl 21.43<\/p>\n<p>Perla Rainey Malmberg och Rosanna Charles hamnade i storbr\u00e5k f\u00f6r n\u00e4stan tv\u00e5 \u00e5r sedan.<\/p>\n<p>Nu tr\u00e4ffas de b\u00e5da och avsl\u00f6jar den ok\u00e4nda h\u00e4ndelsen som startade allt.<\/p>\n<p>\u2013 Jag ber om urs\u00e4kt att jag bem\u00f6tte dig s\u00e5 faktiskt, s\u00e4ger Rosanna i podden <a href=\"https:\/\/open.spotify.com\/episode\/52TbnVTw31mxzICMxEazSv\" rel=\"nofollow noopener\" target=\"_blank\">\u201dH\u00f6gt i tak\u201d<\/a>.<\/p>\n<p><img   alt=\"\"\/><\/p>\n<p>Rosanna Berg.<\/p>\n<p>Foto: Karin T\u00f6rnblom \/ IBL<\/p>\n<p>\u00d6ppna bild i helsk\u00e4rm<img loading=\"lazy\"   alt=\"\"\/><\/p>\n<p>Perla Rainey Malmberg.<\/p>\n<p>Foto: Alexander Mahmoud\/DN\/TT \/ TT NYHETSBYR\u00c5N<\/p>\n<p>\u00d6ppna bild i helsk\u00e4rm<\/p>\n<p>Det var efter Rockbj\u00f6rnen i augusti 2024 som ett storbr\u00e5k utbr\u00f6t mellan Rosanna Charles, 37, Perla Rainey Malmberg, 22.<\/p>\n<p>Det hela startade n\u00e4r den sistn\u00e4mnda la ut en Tiktokvideo d\u00e4r hon pratade om \u201dden otrevliga influencern\u201d som hon tr\u00e4ffat p\u00e5 eventet. Perla avsl\u00f6jade att hon var 35 \u00e5r men hon n\u00e4mnde aldrig hennes namn.<\/p>\n<p>Rosanna svarade med en video d\u00e4r hon pratade om \u201dde h\u00e4r galna Tiktokarna\u201d men inte heller hon n\u00e4mnde n\u00e5got namn.<\/p>\n<p>Nu, n\u00e4stan tv\u00e5 \u00e5r senare, tr\u00e4ffas profilerna i Rosanna Charles podd \u201dH\u00f6gt i tak\u201d som hon har med Sanna Guidetti.<\/p>\n<p>Perla Rainey Malmberg avsl\u00f6jar d\u00e5 en ok\u00e4nd h\u00e4ndelse som skedde innan Rockbj\u00f6rnen som utl\u00f6ste allting.\u00a0<\/p>\n<p>F\u00f6rsta m\u00f6tet som utl\u00f6ste allt<\/p>\n<p>Profilernas f\u00f6rsta m\u00f6te skedde p\u00e5 en \u201dParadise hotel\u201d-fest som Rosanna Charles inte minns. Perla, som var p\u00e5 sitt f\u00f6rsta event n\u00e5gonsin, ber\u00e4ttar att hon gick runt och h\u00e4lsade p\u00e5 alla.<\/p>\n<p>Men n\u00e4r hon h\u00e4lsade p\u00e5 Rosanna, som stod och pratade med en annan person, fick hon ett kallt bem\u00f6tande.<\/p>\n<p>\u2013 Jag st\u00e4llde mig typ tv\u00e5 meter bort. och bara \u201dhej h\u00f6rni jag skulle bara h\u00e4lsa, Perla heter jag\u201d. Och du bara \u201dah okej\u201d och s\u00e5 fortsatte du prata med henne, ber\u00e4ttar Perla i podden.<\/p>\n<p>\u2013 Ah okej men du avbr\u00f6t, men det \u00e4r j\u00e4tteotrevligt av mig, svarar Rosanna d\u00e5.<\/p>\n<p>Ber om urs\u00e4kt<\/p>\n<p>Efter att Perla f\u00e5tt kalla handen v\u00e4nde hon sig mot sin v\u00e4n Mirabell Lundgren som hon var d\u00e4r med och ber\u00e4ttar att \u201dingen av dem f\u00f6rstod n\u00e5gonting\u201d. Sedan gick de d\u00e4rifr\u00e5n.<\/p>\n<p>\u2013 Det var ju v\u00e4ldigt fint. Jag ber om urs\u00e4kt f\u00f6r att jag bem\u00f6tte dig s\u00e5 faktiskt, s\u00e4ger Rosanna i podden.<\/p>\n<p>\u2013 Du \u00e4r f\u00f6rl\u00e5ten f\u00f6r det, svarar Perla d\u00e5.<\/p>\n<p>\u2013 Ja det hoppas jag verkligen. Men det har jag inget minne av, s\u00e4ger Rosanna avslutningsvis.<\/p>\n","protected":false},"excerpt":{"rendered":"Publicerad 11 jul 2026 kl 21.43 Perla Rainey Malmberg och Rosanna Charles hamnade i storbr\u00e5k f\u00f6r n\u00e4stan tv\u00e5&hellip;\n","protected":false},"author":2,"featured_media":302769,"comment_status":"","ping_status":"","sticky":false,"template":"","format":"standard","meta":{"footnotes":"","_share_on_mastodon":"0"},"categories":[67],"tags":[104,440,426,13092,34,31,33,32,30,105],"class_list":["post-302768","post","type-post","status-publish","format-standard","has-post-thumbnail","category-underhallning","tag-entertainment","tag-function-unga","tag-person-influencers","tag-person-perla-malmberg","tag-se","tag-svenska","tag-sverige","tag-sweden","tag-swedish","tag-underhallning"],"share_on_mastodon":{"url":"https:\/\/pubeurope.com\/@se\/116903420003607969","error":""},"_links":{"self":[{"href":"https:\/\/www.europesays.com\/se\/wp-json\/wp\/v2\/posts\/302768","targetHints":{"allow":["GET"]}}],"collection":[{"href":"https:\/\/www.europesays.com\/se\/wp-json\/wp\/v2\/posts"}],"about":[{"href":"https:\/\/www.europesays.com\/se\/wp-json\/wp\/v2\/types\/post"}],"author":[{"embeddable":true,"href":"https:\/\/www.europesays.com\/se\/wp-json\/wp\/v2\/users\/2"}],"replies":[{"embeddable":true,"href":"https:\/\/www.europesays.com\/se\/wp-json\/wp\/v2\/comments?post=302768"}],"version-history":[{"count":0,"href":"https:\/\/www.europesays.com\/se\/wp-json\/wp\/v2\/posts\/302768\/revisions"}],"wp:featuredmedia":[{"embeddable":true,"href":"https:\/\/www.europesays.com\/se\/wp-json\/wp\/v2\/media\/302769"}],"wp:attachment":[{"href":"https:\/\/www.europesays.com\/se\/wp-json\/wp\/v2\/media?parent=302768"}],"wp:term":[{"taxonomy":"category","embeddable":true,"href":"https:\/\/www.europesays.com\/se\/wp-json\/wp\/v2\/categories?post=302768"},{"taxonomy":"post_tag","embeddable":true,"href":"https:\/\/www.europesays.com\/se\/wp-json\/wp\/v2\/tags?post=302768"}],"curies":[{"name":"wp","href":"https:\/\/api.w.org\/{rel}","templated":true}]}}