{"id":303169,"date":"2026-07-12T12:20:12","date_gmt":"2026-07-12T12:20:12","guid":{"rendered":"https:\/\/www.europesays.com\/se\/303169\/"},"modified":"2026-07-12T12:20:12","modified_gmt":"2026-07-12T12:20:12","slug":"alice-stenlof-bekraftar-uppbrottet-med-amani-smith","status":"publish","type":"post","link":"https:\/\/www.europesays.com\/se\/303169\/","title":{"rendered":"Alice Stenl\u00f6f bekr\u00e4ftar uppbrottet med Amani Smith"},"content":{"rendered":"<p>Uppdaterad 12 jul 2026 kl 14.03Publicerad 12 jul 2026 kl 13.47<\/p>\n<p>Alice Stenl\u00f6f \u00e4r singel.\u00a0<\/p>\n<p>Det bekr\u00e4ftar hon nu i en video p\u00e5 <a href=\"https:\/\/www.youtube.com\/watch?v=mW5FXWBI3zs\" rel=\"nofollow noopener\" target=\"_blank\">Youtube<\/a>.<\/p>\n<p>\u2013 Jag och Amani \u00e4r inte ett par och det har varit j\u00e4ttetufft, s\u00e4ger influencern.\u00a0<\/p>\n<p><img   alt=\"\"\/><\/p>\n<p>Alice Stenl\u00f6f \u00e4r singel.<\/p>\n<p>Foto: Youtube<\/p>\n<p>\u00d6ppna bild i helsk\u00e4rm<img loading=\"lazy\"   alt=\"\"\/><\/p>\n<p>Det bekr\u00e4ftar hon nu i en video p\u00e5 Youtube.<\/p>\n<p>Foto: Claudio Bresciani\/TT NYHETSBYR\u00c5N<\/p>\n<p>\u00d6ppna bild i helsk\u00e4rm<img loading=\"lazy\"   alt=\"\"\/><\/p>\n<p>Alice Stenl\u00f6f och Amani Smith.<\/p>\n<p>Foto: Karin T\u00f6rnblom \/ IBL<\/p>\n<p>\u00d6ppna bild i helsk\u00e4rm<\/p>\n<p>Det \u00e4r i en ny Youtubevideo som influencern <a href=\"https:\/\/www.expressen.se\/tagg\/person\/alice-stenlof\/\" class=\"\" rel=\"nofollow noopener\" target=\"_blank\">Alice Stenl\u00f6f<\/a>, 30, bekr\u00e4ftar att hon och flickv\u00e4nnen Amani Smith, 25, har gjort slut.\u00a0<\/p>\n<p>\u2013 Jag t\u00e4nker att jag inte ska g\u00e5 in p\u00e5 det h\u00e4r s\u00e5 djupt, men jag vet att ni \u00e4r m\u00e5nga som har fr\u00e5gat och spekulerat och det har varit ganska oundvikligt att prata om, men jag har velat g\u00f6ra det i min takt, s\u00e4ger hon i videon.\u00a0<\/p>\n<p>Influencern forts\u00e4tter:<\/p>\n<p>\u2013 Jag och Amani \u00e4r inte ett par och det har varit j\u00e4ttetufft. Precis som all hj\u00e4rtesorg. Och hon \u00e4r den finaste m\u00e4nniskan jag vet och jag har verkligen beh\u00f6vt landa i nya tillvaron innan jag delar det med er. Jag har ingenting negativt att s\u00e4ga om v\u00e5r k\u00e4rlek eller v\u00e5r relation, utan det \u00e4r n\u00e5got av det finaste jag varit med om.\u00a0<\/p>\n<p>Alice Stenl\u00f6f konstaterar att det inte \u201dh\u00e4nt n\u00e5gonting\u201d, utan att det bara inte fungerade.\u00a0<\/p>\n<p>Det var under 2023 som Alice Stenl\u00f6f meddelade att hon b\u00f6rjat tr\u00e4ffa n\u00e5gon. Senare bekr\u00e4ftade hon att det var DJ:n och artisten Amani Smith som f\u00e5ngat hennes hj\u00e4rta.<\/p>\n<p>Influencern har varit \u00f6ppen med att det varit en stormig relation, bland annat n\u00e4r hon medverkat i realityserien \u201dGirls of Stockholm\u201d.\u00a0<\/p>\n","protected":false},"excerpt":{"rendered":"Uppdaterad 12 jul 2026 kl 14.03Publicerad 12 jul 2026 kl 13.47 Alice Stenl\u00f6f \u00e4r singel.\u00a0 Det bekr\u00e4ftar hon&hellip;\n","protected":false},"author":2,"featured_media":303170,"comment_status":"","ping_status":"","sticky":false,"template":"","format":"standard","meta":{"footnotes":"","_share_on_mastodon":"0"},"categories":[67],"tags":[104,440,3205,34,31,33,32,30,17577,105],"class_list":["post-303169","post","type-post","status-publish","format-standard","has-post-thumbnail","category-underhallning","tag-entertainment","tag-function-unga","tag-person-alice-stenlof","tag-se","tag-svenska","tag-sverige","tag-sweden","tag-swedish","tag-topic-svenska-influencers","tag-underhallning"],"share_on_mastodon":{"url":"https:\/\/pubeurope.com\/@se\/116906978639382673","error":""},"_links":{"self":[{"href":"https:\/\/www.europesays.com\/se\/wp-json\/wp\/v2\/posts\/303169","targetHints":{"allow":["GET"]}}],"collection":[{"href":"https:\/\/www.europesays.com\/se\/wp-json\/wp\/v2\/posts"}],"about":[{"href":"https:\/\/www.europesays.com\/se\/wp-json\/wp\/v2\/types\/post"}],"author":[{"embeddable":true,"href":"https:\/\/www.europesays.com\/se\/wp-json\/wp\/v2\/users\/2"}],"replies":[{"embeddable":true,"href":"https:\/\/www.europesays.com\/se\/wp-json\/wp\/v2\/comments?post=303169"}],"version-history":[{"count":0,"href":"https:\/\/www.europesays.com\/se\/wp-json\/wp\/v2\/posts\/303169\/revisions"}],"wp:featuredmedia":[{"embeddable":true,"href":"https:\/\/www.europesays.com\/se\/wp-json\/wp\/v2\/media\/303170"}],"wp:attachment":[{"href":"https:\/\/www.europesays.com\/se\/wp-json\/wp\/v2\/media?parent=303169"}],"wp:term":[{"taxonomy":"category","embeddable":true,"href":"https:\/\/www.europesays.com\/se\/wp-json\/wp\/v2\/categories?post=303169"},{"taxonomy":"post_tag","embeddable":true,"href":"https:\/\/www.europesays.com\/se\/wp-json\/wp\/v2\/tags?post=303169"}],"curies":[{"name":"wp","href":"https:\/\/api.w.org\/{rel}","templated":true}]}}