{"id":303323,"date":"2026-07-12T15:41:20","date_gmt":"2026-07-12T15:41:20","guid":{"rendered":"https:\/\/www.europesays.com\/se\/303323\/"},"modified":"2026-07-12T15:41:20","modified_gmt":"2026-07-12T15:41:20","slug":"har-njuter-bad-bunny-av-sin-lediga-dag-i-stockholm","status":"publish","type":"post","link":"https:\/\/www.europesays.com\/se\/303323\/","title":{"rendered":"H\u00e4r njuter Bad Bunny av sin lediga dag i Stockholm"},"content":{"rendered":"<p>Uppdaterad 12 jul 2026 kl 17.39Publicerad 12 jul 2026 kl 17.29<\/p>\n<p>Bad Bunny gjorde tv\u00e5 sluts\u00e5lda spelningar p\u00e5 Strawberry arena i Stockholm i helgen.\u00a0<\/p>\n<p>Och p\u00e5 s\u00f6ndagen passade han p\u00e5 att njuta av huvudstaden.\u00a0<\/p>\n<p>S\u00e5 spenderade han sin dag \u2013\u00a0se bilderna!<\/p>\n<p><img   alt=\"\"\/><\/p>\n<p>H\u00e4r njuter Bad Bunny av sin lediga dag i Stockholm.<\/p>\n<p>Foto: LARS H\u00d6GLUND \/ EYEWITNESS PICTURES<\/p>\n<p>\u00d6ppna bild i helsk\u00e4rm<\/p>\n<p>P\u00e5 fredagen inledde Bad Bunny sin konserthelg i <a href=\"https:\/\/www.expressen.se\/tagg\/location\/stockholm\/\" class=\"\" rel=\"nofollow noopener\" target=\"_blank\">Stockholm<\/a>, p\u00e5 ett sluts\u00e5lt Strawberry arena dit fans fr\u00e5n hela v\u00e4rlden tagit sig.\u00a0<\/p>\n<p>Runtom i huvudstaden har olika Bad Bunny-relaterade evenemang tagit plats. Bland annat i Kungstr\u00e4dg\u00e5rden d\u00e4r ett \u201dLa casita\u201d byggts upp \u2013 allts\u00e5 en replika av artistens rosa puertoricanska hus som \u00e4r en del av scenografin \u2013 och vid Nytorget d\u00e4r det varit kvartersfest.\u00a0<\/p>\n<p>P\u00e5 s\u00f6ndagen, efter tv\u00e5 konsertkv\u00e4llar, har Bad Bunny sj\u00e4lv f\u00e5tt njuta av Stockholm.\u00a0<\/p>\n<p>P\u00e5 bilder syns han promenera vid Stureplan tillsammans med flera personer, d\u00e4ribland den f\u00f6rmodade flickv\u00e4nnen Gabriela Berlingeri och grundaren av parfymm\u00e4rket Byredo, Ben Gorham.\u00a0<\/p>\n<p><img loading=\"lazy\"   alt=\"\"\/><\/p>\n<p>Bad Bunny tillsammans med Gabriela Berlingeri.<\/p>\n<p>Foto: LARS H\u00d6GLUND \/ EYEWITNESS PICTURES<\/p>\n<p>\u00d6ppna bild i helsk\u00e4rm<img loading=\"lazy\"   alt=\"\"\/><\/p>\n<p>Bad Bunny f\u00f6rmodas dejta exflickv\u00e4nnen Berlingeri.<\/p>\n<p>Foto: LARS H\u00d6GLUND \/ EYEWITNESS PICTURES<\/p>\n<p>\u00d6ppna bild i helsk\u00e4rmK\u00f6pte mat p\u00e5 Funky Chicken<\/p>\n<p>S\u00e4llskapet handlade p\u00e5 Prada p\u00e5 Birger Jarlsgatan innan de fortsatte till Timmermansgatan p\u00e5 S\u00f6dermalm d\u00e4r de bes\u00f6kte vintagebutiken Broadway &amp; sons.<\/p>\n<p>D\u00e4r st\u00e4ngdes butiken under tiden som s\u00e4llskapet handlade kl\u00e4der och efter\u00e5t smet de ut genom en sidod\u00f6rr eftersom folk hunnit samlas utanf\u00f6r f\u00f6r att f\u00e5 se stj\u00e4rnan.\u00a0<\/p>\n<p>Efter shoppingrundan var det dags f\u00f6r mat, vilket intogs vid den k\u00e4nda foodtrucken Funky Chicken i Nacka Strand.\u00a0<\/p>\n<p>D\u00e4refter \u00e5terv\u00e4nde s\u00e4llskapet till Grand H\u00f4tel d\u00e4r de huserat i helgen.\u00a0<\/p>\n<p><img loading=\"lazy\"   alt=\"\"\/><\/p>\n<p>Bad Bunny och Ben Gorham n\u00e4r de l\u00e4mnar Prada.<\/p>\n<p>Foto: LARS H\u00d6GLUND \/ EYEWITNESS PICTURES<\/p>\n<p>\u00d6ppna bild i helsk\u00e4rm<img loading=\"lazy\"   alt=\"\"\/><\/p>\n<p>S\u00e4llskapet utanf\u00f6r en vintagebutik p\u00e5 S\u00f6dermalm.<\/p>\n<p>Foto: LARS H\u00d6GLUND \/ EYEWITNESS PICTURES<\/p>\n<p>\u00d6ppna bild i helsk\u00e4rm<img loading=\"lazy\"   alt=\"\"\/><\/p>\n<p>Vintagebutiken Broadway &amp; sons st\u00e4ngde igen n\u00e4r stj\u00e4rnan shoppade.<\/p>\n<p>Foto: LARS H\u00d6GLUND \/ EYEWITNESS PICTURES<\/p>\n<p>\u00d6ppna bild i helsk\u00e4rm<img loading=\"lazy\"   alt=\"\"\/><\/p>\n<p>S\u00e4llskapet k\u00f6pte mat p\u00e5 Funky Chicken i Nacka Strand.<\/p>\n<p>Foto: LARS H\u00d6GLUND \/ EYEWITNESS PICTURES<\/p>\n<p>\u00d6ppna bild i helsk\u00e4rm<\/p>\n","protected":false},"excerpt":{"rendered":"Uppdaterad 12 jul 2026 kl 17.39Publicerad 12 jul 2026 kl 17.29 Bad Bunny gjorde tv\u00e5 sluts\u00e5lda spelningar p\u00e5&hellip;\n","protected":false},"author":2,"featured_media":303324,"comment_status":"","ping_status":"","sticky":false,"template":"","format":"standard","meta":{"footnotes":"","_share_on_mastodon":"0"},"categories":[67],"tags":[104,440,135,34,775,31,33,32,30,17544,105],"class_list":["post-303323","post","type-post","status-publish","format-standard","has-post-thumbnail","category-underhallning","tag-entertainment","tag-function-unga","tag-location-stockholm","tag-se","tag-sections-musik","tag-svenska","tag-sverige","tag-sweden","tag-swedish","tag-topic-internationella-artister","tag-underhallning"],"share_on_mastodon":{"url":"https:\/\/pubeurope.com\/@se\/116907769508609282","error":""},"_links":{"self":[{"href":"https:\/\/www.europesays.com\/se\/wp-json\/wp\/v2\/posts\/303323","targetHints":{"allow":["GET"]}}],"collection":[{"href":"https:\/\/www.europesays.com\/se\/wp-json\/wp\/v2\/posts"}],"about":[{"href":"https:\/\/www.europesays.com\/se\/wp-json\/wp\/v2\/types\/post"}],"author":[{"embeddable":true,"href":"https:\/\/www.europesays.com\/se\/wp-json\/wp\/v2\/users\/2"}],"replies":[{"embeddable":true,"href":"https:\/\/www.europesays.com\/se\/wp-json\/wp\/v2\/comments?post=303323"}],"version-history":[{"count":0,"href":"https:\/\/www.europesays.com\/se\/wp-json\/wp\/v2\/posts\/303323\/revisions"}],"wp:featuredmedia":[{"embeddable":true,"href":"https:\/\/www.europesays.com\/se\/wp-json\/wp\/v2\/media\/303324"}],"wp:attachment":[{"href":"https:\/\/www.europesays.com\/se\/wp-json\/wp\/v2\/media?parent=303323"}],"wp:term":[{"taxonomy":"category","embeddable":true,"href":"https:\/\/www.europesays.com\/se\/wp-json\/wp\/v2\/categories?post=303323"},{"taxonomy":"post_tag","embeddable":true,"href":"https:\/\/www.europesays.com\/se\/wp-json\/wp\/v2\/tags?post=303323"}],"curies":[{"name":"wp","href":"https:\/\/api.w.org\/{rel}","templated":true}]}}