{"id":303536,"date":"2026-07-12T20:48:13","date_gmt":"2026-07-12T20:48:13","guid":{"rendered":"https:\/\/www.europesays.com\/se\/303536\/"},"modified":"2026-07-12T20:48:13","modified_gmt":"2026-07-12T20:48:13","slug":"karina-cubilla-gick-pa-bad-bunny-fodde-barn-samma-kvall","status":"publish","type":"post","link":"https:\/\/www.europesays.com\/se\/303536\/","title":{"rendered":"Karina Cubilla gick p\u00e5 Bad Bunny \u2013 f\u00f6dde barn samma kv\u00e4ll"},"content":{"rendered":"<p>Uppdaterad 12 jul 2026 kl 21.56Publicerad 12 jul 2026 kl 21.29<\/p>\n<p>Med bara tv\u00e5 dagar kvar till ber\u00e4knat f\u00f6delsedatum st\u00e4llde sig h\u00f6ggravida Karina Cubilla, 36, i folkvimlet i Strawberry arena.\u00a0<\/p>\n<p>Inget skulle stoppa henne fr\u00e5n att se Bad Bunny \u2013 men s\u00e5 ville dottern komma ut i f\u00f6rtid.<\/p>\n<p>\u2013 Jag har gjort v\u00e4rkarbete p\u00e5 v\u00e4rre platser, skrattar Karina.<\/p>\n<p><img loading=\"lazy\"   alt=\"\"\/><\/p>\n<p>Karina Cubilla s\u00e5g Bad Bunny p\u00e5 fredagen. P\u00e5 s\u00f6ndagen v\u00e4ntades dottern f\u00f6das.<\/p>\n<p>Foto: Privat<\/p>\n<p>\u00d6ppna bild i helsk\u00e4rm<img loading=\"lazy\"   alt=\"\"\/><\/p>\n<p>En timme in i konserten k\u00e4nde Karina att dottern var p\u00e5 v\u00e4g.<\/p>\n<p>Foto: Privat<\/p>\n<p>\u00d6ppna bild i helsk\u00e4rm<img loading=\"lazy\"   alt=\"\"\/><\/p>\n<p>Bad Bunny p\u00e5 scen i Strawberry arena i Stockholm.<\/p>\n<p>Foto: ANGELA KOTSELL \/ SPA | SWEDISH PRESS AGENCY<\/p>\n<p>\u00d6ppna bild i helsk\u00e4rm<\/p>\n<p>F\u00f6r 14 m\u00e5nader sedan k\u00f6pte Malm\u00f6bon Karina Cubilla, 36, och hennes sambo golden circle-biljetter till Bad Bunnys konsert p\u00e5 <a href=\"https:\/\/www.expressen.se\/tagg\/organization\/strawberry-arena\/\" class=\"\" rel=\"nofollow noopener\" target=\"_blank\">Strawberry arena<\/a> i Stockholm.\u00a0<\/p>\n<p>Inte l\u00e5ngt d\u00e4refter blev paret gravida. F\u00f6dseln var ber\u00e4knad till den 12 juli, bara tv\u00e5 dagar efter konserten i Stockholm.<\/p>\n<p>\u2013 F\u00f6rst k\u00e4nde jag: \u201dDu sk\u00e4mtar!\u201d Det \u00e4r ju helt overkligt, s\u00e4ger Karina som varit ett Bad Bunny-fan i tio \u00e5rs tid.\u00a0<\/p>\n<p>Med sitt f\u00f6rsta barn gick Karina, som \u00e4r ledarskribent p\u00e5 Arbetet, sex dagar \u00f6ver tiden s\u00e5 hon k\u00e4nde sig egentligen inte s\u00e4rskilt orolig.\u00a0<\/p>\n<p>I fredags, dagen f\u00f6r konserten, vaknade h\u00f6ggravida Karina upp hemma i Malm\u00f6 och k\u00e4nde efter.\u00a0<\/p>\n<p>\u2013 Jag k\u00e4nde, p\u00e5 morgonen, att det drog pyttelite men s\u00e5 kollade jag upp p\u00e5 1177 och d\u00e5 stod det att om de inte blir starkare och det avtar n\u00e4r man r\u00f6r sig s\u00e5 \u00e4r det troligtvis bara f\u00f6rv\u00e4rkar, s\u00e4ger Karina.\u00a0<\/p>\n<p>Med tv\u00e5 dagar kvar till ber\u00e4knat f\u00f6delsedatum satte sig paret i bilen och k\u00f6rde upp till Stockholm. \u00a0<\/p>\n<p>Insikten i publikhavet<\/p>\n<p>Karina och sambon kom fram till Stockholm p\u00e5 eftermiddagen och vid 18.30-tiden st\u00e4llde de sig i k\u00f6n in till arenan. V\u00e4l d\u00e4r inne passade de p\u00e5 att sitta ner f\u00f6r att Karina skulle orka st\u00e5 upp under den n\u00e4stan tre timmar l\u00e5nga konserten.\u00a0<\/p>\n<p>Klockan 20 hade de tagit plats i golden circle, l\u00e4ngst fram vid scenen, och Bad Bunny gjorde en storslagen entr\u00e9 till publikens jubel.\u00a0<\/p>\n<p>\u2013 F\u00f6rst \u00e4r det ett k\u00e4nslosvall av att bara vara d\u00e4r. Det \u00e4r lite fulgr\u00e5t. Och sen s\u00e5 b\u00f6rjar jag \u00e4nd\u00e5 k\u00e4nna att det b\u00f6rjar dra lite, ber\u00e4ttar Karina.\u00a0<\/p>\n<p>Hon var fortfarande inte s\u00e4rskilt orolig, utan t\u00e4nkte att det berodde p\u00e5 ansp\u00e4nningen. Sen b\u00f6rjade v\u00e4rkarna att h\u00e5lla i sig. Hon f\u00f6rs\u00f6kte r\u00e4kna sekunderna.<\/p>\n<p>\u2013 Kanske 20-25 sekunder. Men sen n\u00e4r klockan b\u00f6rjar n\u00e4rma sig 21 d\u00e5 b\u00f6rjar det str\u00e5la ner i benen och det blir lite t\u00e4tare och lite l\u00e4ngre, s\u00e4ger Malm\u00f6bon.\u00a0<\/p>\n<p>N\u00e4r klockan slog 21.20 valde Karina och sambon att l\u00e4mna golden circle f\u00f6r att ringa 1177 och r\u00e5dfr\u00e5ga. Samtidigt ringde de till Karolinskas f\u00f6rlossning i Solna, d\u00e4r Karina f\u00f6dde sitt f\u00f6rsta barn.<\/p>\n<p>\u201dHar man n\u00e5gonsin h\u00f6rt en barnmorska s\u00e4ga s\u00e5?\u201d<\/p>\n<p>Karina fick prata med en barnmorska och beskrev sina v\u00e4rkar s\u00e5 detaljerat hon kunde.\u00a0<\/p>\n<p>\u2013 S\u00e5 s\u00e4ger hon \u201dJa du f\u00f6dde ju ditt andra barn h\u00e4r. Jag ser ju att det gick ganska fort n\u00e4r det var i g\u00e5ng s\u00e5 jag tycker verkligen att du ska \u00e5ka in\u201d. D\u00e5 k\u00e4nde jag lite s\u00e5&#8230; Har man n\u00e5gonsin h\u00f6rt en barnmorska s\u00e4ga s\u00e5? Det k\u00e4nns som att alla barnmorskor \u00e4r s\u00e5 \u201dStanna hemma. Du kommer att f\u00f6da om tre \u00e5r\u201d, skrattar Karina.<\/p>\n<p>Paret h\u00e4mtade bilen i parkeringshuset och befann sig p\u00e5 Karolinska efter 15 minuter. D\u00e5 var Karina \u00e5tta centimeter \u00f6ppen.\u00a0<\/p>\n<p>\u2013 Jag har gjort v\u00e4rkarbete p\u00e5 v\u00e4rre platser, konstaterar hon.\u00a0<\/p>\n<p>23.01 f\u00f6ddes dottern.\u00a0<\/p>\n<p>Paret har \u00e4nnu inte best\u00e4mt vad dottern ska heta, men v\u00e4nner och familj har f\u00f6reslagit namnet Benita, efter Bad Bunnys riktiga namn Benito.\u00a0<\/p>\n<p><img loading=\"lazy\"   alt=\"\"\/><\/p>\n<p>Karina Cubilla och dottern framf\u00f6r f\u00f6rlossningen p\u00e5 Karolinska.<\/p>\n<p>Foto: Privat<\/p>\n<p>\u00d6ppna bild i helsk\u00e4rm<img loading=\"lazy\"   alt=\"\"\/><\/p>\n<p>Dottern f\u00f6ddes 23.01 \u2013 tre timmar efter konsertens start.<\/p>\n<p>Foto: Privat<\/p>\n<p>\u00d6ppna bild i helsk\u00e4rm<\/p>\n","protected":false},"excerpt":{"rendered":"Uppdaterad 12 jul 2026 kl 21.56Publicerad 12 jul 2026 kl 21.29 Med bara tv\u00e5 dagar kvar till ber\u00e4knat&hellip;\n","protected":false},"author":2,"featured_media":303537,"comment_status":"","ping_status":"","sticky":false,"template":"","format":"standard","meta":{"footnotes":"","_share_on_mastodon":"0"},"categories":[67],"tags":[104,5166,1576,34,775,31,33,32,30,687,17544,105],"class_list":["post-303536","post","type-post","status-publish","format-standard","has-post-thumbnail","category-underhallning","tag-entertainment","tag-organization-karolinska-universitetssjukhuset","tag-organization-strawberry-arena","tag-se","tag-sections-musik","tag-svenska","tag-sverige","tag-sweden","tag-swedish","tag-topic-graviditet","tag-topic-internationella-artister","tag-underhallning"],"share_on_mastodon":{"url":"https:\/\/pubeurope.com\/@se\/116908975990191785","error":""},"_links":{"self":[{"href":"https:\/\/www.europesays.com\/se\/wp-json\/wp\/v2\/posts\/303536","targetHints":{"allow":["GET"]}}],"collection":[{"href":"https:\/\/www.europesays.com\/se\/wp-json\/wp\/v2\/posts"}],"about":[{"href":"https:\/\/www.europesays.com\/se\/wp-json\/wp\/v2\/types\/post"}],"author":[{"embeddable":true,"href":"https:\/\/www.europesays.com\/se\/wp-json\/wp\/v2\/users\/2"}],"replies":[{"embeddable":true,"href":"https:\/\/www.europesays.com\/se\/wp-json\/wp\/v2\/comments?post=303536"}],"version-history":[{"count":0,"href":"https:\/\/www.europesays.com\/se\/wp-json\/wp\/v2\/posts\/303536\/revisions"}],"wp:featuredmedia":[{"embeddable":true,"href":"https:\/\/www.europesays.com\/se\/wp-json\/wp\/v2\/media\/303537"}],"wp:attachment":[{"href":"https:\/\/www.europesays.com\/se\/wp-json\/wp\/v2\/media?parent=303536"}],"wp:term":[{"taxonomy":"category","embeddable":true,"href":"https:\/\/www.europesays.com\/se\/wp-json\/wp\/v2\/categories?post=303536"},{"taxonomy":"post_tag","embeddable":true,"href":"https:\/\/www.europesays.com\/se\/wp-json\/wp\/v2\/tags?post=303536"}],"curies":[{"name":"wp","href":"https:\/\/api.w.org\/{rel}","templated":true}]}}