{"id":3037,"date":"2025-08-12T16:17:38","date_gmt":"2025-08-12T16:17:38","guid":{"rendered":"https:\/\/www.europesays.com\/se\/3037\/"},"modified":"2025-08-12T16:17:38","modified_gmt":"2025-08-12T16:17:38","slug":"max-martin-pa-taylor-swifts-nya-skiva","status":"publish","type":"post","link":"https:\/\/www.europesays.com\/se\/3037\/","title":{"rendered":"Max Martin p\u00e5 Taylor Swifts nya skiva"},"content":{"rendered":"<p>Den svenska stj\u00e4rnproducenten Max Martin kan ha jobbat p\u00e5 Taylor Swifts kommande tolfte album, \u00e5tminstone om man f\u00e5r tro spekulationerna, skriver TT.<\/p>\n<p>I samband med att nyheten om skivan sl\u00e4pptes skapade Taylor Swift n\u00e4mligen en ny spellista p\u00e5 Spotify som uteslutande bestod av l\u00e5tar av Max Martin och Shellback.<\/p>\n<p>Max Martin och Shellback har tidigare arbetat med Taylor Swift, bland annat p\u00e5 megahiten \u201dShake it off\u201d. <\/p>\n<p>Omni \u00e4r politiskt obundna och oberoende. Vi str\u00e4var efter att ge fler perspektiv p\u00e5 nyheterna. Har du fr\u00e5gor eller synpunkter kring v\u00e5r rapportering? <a href=\"https:\/\/omni.se\/teorin-max-martin-pa-taylor-swifts-nya-skiva\/a\/mailto:redaktion@omni.se\" class=\"ArticleActions_contactLink__W2F1M\" rel=\"nofollow noopener\" target=\"_blank\">Kontakta redaktionen<\/a><\/p>\n","protected":false},"excerpt":{"rendered":"Den svenska stj\u00e4rnproducenten Max Martin kan ha jobbat p\u00e5 Taylor Swifts kommande tolfte album, \u00e5tminstone om man f\u00e5r&hellip;\n","protected":false},"author":2,"featured_media":3038,"comment_status":"","ping_status":"","sticky":false,"template":"","format":"standard","meta":{"footnotes":""},"categories":[67],"tags":[104,647,172,34,31,33,32,30,648,105],"class_list":{"0":"post-3037","1":"post","2":"type-post","3":"status-publish","4":"format-standard","5":"has-post-thumbnail","7":"category-underhallning","8":"tag-entertainment","9":"tag-max-martin","10":"tag-musik","11":"tag-se","12":"tag-svenska","13":"tag-sverige","14":"tag-sweden","15":"tag-swedish","16":"tag-taylor-swift","17":"tag-underhallning"},"share_on_mastodon":{"url":"","error":""},"_links":{"self":[{"href":"https:\/\/www.europesays.com\/se\/wp-json\/wp\/v2\/posts\/3037","targetHints":{"allow":["GET"]}}],"collection":[{"href":"https:\/\/www.europesays.com\/se\/wp-json\/wp\/v2\/posts"}],"about":[{"href":"https:\/\/www.europesays.com\/se\/wp-json\/wp\/v2\/types\/post"}],"author":[{"embeddable":true,"href":"https:\/\/www.europesays.com\/se\/wp-json\/wp\/v2\/users\/2"}],"replies":[{"embeddable":true,"href":"https:\/\/www.europesays.com\/se\/wp-json\/wp\/v2\/comments?post=3037"}],"version-history":[{"count":0,"href":"https:\/\/www.europesays.com\/se\/wp-json\/wp\/v2\/posts\/3037\/revisions"}],"wp:featuredmedia":[{"embeddable":true,"href":"https:\/\/www.europesays.com\/se\/wp-json\/wp\/v2\/media\/3038"}],"wp:attachment":[{"href":"https:\/\/www.europesays.com\/se\/wp-json\/wp\/v2\/media?parent=3037"}],"wp:term":[{"taxonomy":"category","embeddable":true,"href":"https:\/\/www.europesays.com\/se\/wp-json\/wp\/v2\/categories?post=3037"},{"taxonomy":"post_tag","embeddable":true,"href":"https:\/\/www.europesays.com\/se\/wp-json\/wp\/v2\/tags?post=3037"}],"curies":[{"name":"wp","href":"https:\/\/api.w.org\/{rel}","templated":true}]}}