{"id":303971,"date":"2026-07-13T09:38:11","date_gmt":"2026-07-13T09:38:11","guid":{"rendered":"https:\/\/www.europesays.com\/se\/303971\/"},"modified":"2026-07-13T09:38:11","modified_gmt":"2026-07-13T09:38:11","slug":"privatradgivare-pa-seb-misstanks-ha-lurat-kunder-pa-miljoner-sverige","status":"publish","type":"post","link":"https:\/\/www.europesays.com\/se\/303971\/","title":{"rendered":"Privatr\u00e5dgivare p\u00e5 SEB misst\u00e4nks ha lurat kunder p\u00e5 miljoner | Sverige"},"content":{"rendered":"<p>Uppdaterad 13 jul 2026 kl 11.29Publicerad 13 jul 2026 kl 11.06<\/p>\n<p>SEB-r\u00e5dgivaren hade vunnit familjens f\u00f6rtroende och fick i uppdrag att sk\u00f6ta den \u00e4ldre kvinnans testamente.<\/p>\n<p>Men i st\u00e4llet flyttade han pengar till sina egna konton \u2013 \u00f6ver nio miljoner kronor, enligt \u00e5talet.<\/p>\n<p>En slump gjorde att bankmannen avsl\u00f6jades.<\/p>\n<p>\u2013 De har r\u00e5nat mig p\u00e5 allt, s\u00e4ger den lurade arvtagaren.<\/p>\n<p><img   alt=\"\"\/> <\/p>\n<p>Foto: Magnus Lejhall \/ TT NYHETSBYR\u00c5N<\/p>\n<p>\u00d6ppna bild i helsk\u00e4rmArtikel i korthet<\/p>\n<p> En tidigare SEB-r\u00e5dgivare misst\u00e4nks ha flyttat \u00f6ver nio miljoner kronor fr\u00e5n en avliden kunds d\u00f6dsbo till sig sj\u00e4lv.<\/p>\n<p> Mannen var utsedd till testamentsexekutor och hade familjens f\u00f6rtroende.<\/p>\n<p>Pengarna ska enligt utredningen \u00e4ven ha f\u00f6rts vidare till hans sambo och andra personer.<\/p>\n<p> Arvingen s\u00e4ger att han inte k\u00e4nt till \u00f6verf\u00f6ringarna och att han blivit \u201dr\u00e5nad p\u00e5 allt\u201d.<\/p>\n<p> Den tidigare bankmannen \u00e5talas nu f\u00f6r grov f\u00f6rskingring och grov trol\u00f6shet mot huvudman.<\/p>\n<p>Visa mer<\/p>\n<p>Bankmannen hade en n\u00e4ra relation med kunden och uts\u00e5gs till testamentesexekutor, f\u00f6rvaltare av d\u00f6dsbo, n\u00e4r hon gick bort 2018.<\/p>\n<p>Ist\u00e4llet f\u00f6r att f\u00f6rvalta arvet till kvinnans son, ska bankmannen ha f\u00f6rt \u00f6ver stora delar av arvet direkt till sina privata konton, enligt misstankarna.<\/p>\n<p>I f\u00f6rh\u00f6r p\u00e5st\u00e5r <a href=\"https:\/\/www.expressen.se\/tagg\/organization\/seb\/\" class=\"\" rel=\"nofollow noopener\" target=\"_blank\">SEB<\/a>-medarbetaren att han hj\u00e4lpt sonen med att bland annat handla kl\u00e4der och mat. Bankmannen uppger att han har \u201dmassvis med kvitton\u201d f\u00f6r att bevisa utl\u00e4ggen.<\/p>\n<p>Men n\u00e4r polisen fr\u00e5gade hans chef om dokumenten fanns det inga.<\/p>\n<p>Polisutredningen visar att \u00f6ver nio miljoner kronor f\u00f6rsvunnit genom ett 40-tal transaktioner mellan \u00e5ren 2018 och 2024.<\/p>\n<p>Pengarna ska ha slussats till bankmannens egna konton, hans sambo och olika bekanta. En del av pengarna misst\u00e4nks \u00e4ven ha anv\u00e4nts till fastighetsk\u00f6p i Thailand.<\/p>\n<p>\u201dL\u00e5nade\u201d tv\u00e5 miljoner kronor fr\u00e5n arvingen<\/p>\n<p>Enligt kvinnans testamente skulle sonen efter hennes d\u00f6d f\u00e5 en kapitalf\u00f6rs\u00e4kring som garanterade fasta m\u00e5nadsutbetalningar i 25 \u00e5rs tid. En chef p\u00e5 SEB uppger i f\u00f6rh\u00f6r att privatr\u00e5dgivaren sagt att det inte fanns \u201den l\u00f6sning f\u00f6r kapitalf\u00f6rs\u00e4kringen\u201d, utan att han var tvungen att f\u00f6ra \u00f6ver pengarna till sig sj\u00e4lv innan han kunde f\u00f6ra det vidare till sonen.<\/p>\n<p>I samband med detta ska privatr\u00e5dgivaren ha erk\u00e4nt att han \u201dl\u00e5nat\u201d cirka tv\u00e5 miljoner kronor f\u00f6r egna \u00e4ndam\u00e5l. Pengar som han senare skulle betala tillbaka.<\/p>\n<p>N\u00e5gra dagar innan kvinnans d\u00f6d ska privatr\u00e5dgivaren gjort en \u00f6verf\u00f6ring till sin sambo fr\u00e5n kvinnans konto, med aktier v\u00e4rda cirka 900 000 kronor. \u00d6verf\u00f6ringen gick under namnet \u201dG\u00e5va\u201d, men det fanns ingen signatur som styrkte att kunden vill ge bort pengarna, s\u00e4ger SEB-chefen i f\u00f6rh\u00f6r.<\/p>\n<p>Arvingen: \u201dDe har r\u00e5nat mig p\u00e5 allt\u201d<\/p>\n<p>Sonen till kvinnan uppger i f\u00f6rh\u00f6r att han varit helt ovetande om miljonrullningarna. Han s\u00e4ger att han skickat pengar till privatr\u00e5dgivaren eftersom han litade p\u00e5 honom och f\u00f6r att han stod familjen n\u00e4ra.<\/p>\n<p>\u2013 Han brydde sig om mig t\u00e4nkte jag, jag tror jag skickade pengar till honom som han skulle f\u00f6ra tillbaka kanske.<\/p>\n<p>\u2013 De har r\u00e5nat mig p\u00e5 allt, s\u00e4ger sonen, som levde i tron att han skulle \u00e4rva 10 000 euro fr\u00e5n sin mamma som en kombinerad f\u00f6delsedagspresent och julg\u00e5va.<\/p>\n<p>N\u00e4r polisen konfronterar den misst\u00e4nkte mannen med uppgifter om att n\u00e4rmare 11 miljoner kronor har r\u00f6rt sig p\u00e5 konton i hans namn, svarar han att han aldrig sett det f\u00f6rut och beskriver det som \u201dofattbart\u201d.<\/p>\n<p>Annons<\/p>\n<p>S\u00e5 avsl\u00f6jades SEB-r\u00e5dgivaren<\/p>\n<p>Privatr\u00e5dgivarens aktivitet uppt\u00e4cktes genom ett \u201dtips om missk\u00f6tsel\u201d i ett annat \u00e4rende p\u00e5 SEB. N\u00e4r banken sedan b\u00f6rjade unders\u00f6ka hans \u00f6vriga \u00e4renden uppt\u00e4cktes transaktionerna, vilket ledde till att mannen avskedades och polisanm\u00e4ldes.<\/p>\n<p>SEB har inte kunnat hitta n\u00e5gon dokumentation, noteringar eller signeringar som styrker de miljon\u00f6verf\u00f6ringar som gjorts fr\u00e5n d\u00f6dsboet.<\/p>\n<p>Den tidigare bankmannen \u00e5talas nu f\u00f6r grov f\u00f6rskingring och grov trol\u00f6shet mot huvudman. En bekant till mannen st\u00e5r \u00e4ven \u00e5talad f\u00f6r grovt penningtv\u00e4ttsbrott.<\/p>\n<p>Den tidigare bankmannen f\u00f6rnekar brott och h\u00e4vdar att han agerat i enlighet med den avlidna kvinnans \u00f6nskan.<\/p>\n<p>Tingsr\u00e4tten har beslutat om kvarstad p\u00e5 n\u00e4rmare sex miljoner kronor av mannens tillg\u00e5ngar f\u00f6r att s\u00e4kra framtida skadest\u00e5nd.<\/p>\n","protected":false},"excerpt":{"rendered":"Uppdaterad 13 jul 2026 kl 11.29Publicerad 13 jul 2026 kl 11.06 SEB-r\u00e5dgivaren hade vunnit familjens f\u00f6rtroende och fick&hellip;\n","protected":false},"author":2,"featured_media":303972,"comment_status":"","ping_status":"","sticky":false,"template":"","format":"standard","meta":{"footnotes":"","_share_on_mastodon":"0"},"categories":[65],"tags":[72,70,71,5991,34,154,31,33,32,30,2688],"class_list":["post-303971","post","type-post","status-publish","format-standard","has-post-thumbnail","category-ekonomi","tag-business","tag-economy","tag-ekonomi","tag-organization-seb","tag-se","tag-sections-sverige","tag-svenska","tag-sverige","tag-sweden","tag-swedish","tag-topic-ekobrott"],"share_on_mastodon":{"url":"https:\/\/pubeurope.com\/@se\/116912003708077158","error":""},"_links":{"self":[{"href":"https:\/\/www.europesays.com\/se\/wp-json\/wp\/v2\/posts\/303971","targetHints":{"allow":["GET"]}}],"collection":[{"href":"https:\/\/www.europesays.com\/se\/wp-json\/wp\/v2\/posts"}],"about":[{"href":"https:\/\/www.europesays.com\/se\/wp-json\/wp\/v2\/types\/post"}],"author":[{"embeddable":true,"href":"https:\/\/www.europesays.com\/se\/wp-json\/wp\/v2\/users\/2"}],"replies":[{"embeddable":true,"href":"https:\/\/www.europesays.com\/se\/wp-json\/wp\/v2\/comments?post=303971"}],"version-history":[{"count":0,"href":"https:\/\/www.europesays.com\/se\/wp-json\/wp\/v2\/posts\/303971\/revisions"}],"wp:featuredmedia":[{"embeddable":true,"href":"https:\/\/www.europesays.com\/se\/wp-json\/wp\/v2\/media\/303972"}],"wp:attachment":[{"href":"https:\/\/www.europesays.com\/se\/wp-json\/wp\/v2\/media?parent=303971"}],"wp:term":[{"taxonomy":"category","embeddable":true,"href":"https:\/\/www.europesays.com\/se\/wp-json\/wp\/v2\/categories?post=303971"},{"taxonomy":"post_tag","embeddable":true,"href":"https:\/\/www.europesays.com\/se\/wp-json\/wp\/v2\/tags?post=303971"}],"curies":[{"name":"wp","href":"https:\/\/api.w.org\/{rel}","templated":true}]}}