{"id":304325,"date":"2026-07-13T16:21:17","date_gmt":"2026-07-13T16:21:17","guid":{"rendered":"https:\/\/www.europesays.com\/se\/304325\/"},"modified":"2026-07-13T16:21:17","modified_gmt":"2026-07-13T16:21:17","slug":"lisa-siden-blev-drogad-kommer-inte-ihag-nagonting","status":"publish","type":"post","link":"https:\/\/www.europesays.com\/se\/304325\/","title":{"rendered":"Lisa Sid\u00e9n blev drogad: \u201dKommer inte ih\u00e5g n\u00e5gonting\u201d"},"content":{"rendered":"<p>   Ber\u00e4ttar om h\u00e4ndelsen<a class=\"_link_1wc6r_108\" href=\"https:\/\/aftonbladet.se\/av\/iben-ljungmark\" title=\"Iben Ljungmark\" rel=\"nofollow noopener\" target=\"_blank\"><img alt=\"Bild av Iben Ljungmark\" class=\"_image_1wc6r_85\" fetchpriority=\"low\" decoding=\"async\" itemprop=\"image\" loading=\"lazy\"  src=\"https:\/\/www.europesays.com\/se\/wp-content\/uploads\/2026\/07\/1783959674_303_807fbba1-0961-45c9-9167-c93a221e1848.png\"  width=\"480\"\/><\/a> Publicerad 18:03<img alt=\"Lisa Sid\u00e9n\" class=\"_image_1jxax_84 layout-component layout-wide\" data-fullscreen- data-track-element-type=\"Article image fullscreen\" data-track-name=\"ImageFullscreen\" fetchpriority=\"high\" decoding=\"sync\" loading=\"eager\" height=\"2138\" itemprop=\"image\"  src=\"https:\/\/www.europesays.com\/se\/wp-content\/uploads\/2026\/07\/fd44ea09-7b30-3edd-b447-c65ec48f563e.jpeg\"  style=\"object-position:0% 0%\" width=\"3129\"\/>Lisa Sid\u00e9n  Foto: BYRMO CAROLINAVisa mer<\/p>\n<p class=\"_textTheme_16ipd_1 _lead_16k26_2 _lead_3ue4t_18 layout-component layout-normal layout-padded _lead_o6m9k_5 _leadTheme_cypwp_1 body-large bold\">N\u00e4r hon f\u00f6rs\u00f6ker minnas utekv\u00e4llen \u00e4r allt blankt. <\/p>\n<p class=\"_textTheme_16ipd_1 _lead_16k26_2 _lead_3ue4t_18 layout-component layout-normal layout-padded _lead_o6m9k_5 _leadTheme_cypwp_1 body-large bold\">Influencern Lisa Sid\u00e9n tror att hon blev drogad.<\/p>\n<p class=\"_textTheme_16ipd_1 _lead_16k26_2 _lead_3ue4t_18 layout-component layout-normal layout-padded _lead_o6m9k_5 _leadTheme_cypwp_1 body-large bold\">\u2013 Jag kommer inte ih\u00e5g hur jag kom hem, ber\u00e4ttar hon p\u00e5 Snapchat. <\/p>\n<p class=\"_textTheme_16ipd_1 _paragraph_16k26_4 _paragraph_3ue4t_27 layout-component layout-normal layout-padded body-medium\">Den 25-\u00e5riga influencern och tidigare \u201dParadise Hotel\u201d-deltagaren \u00e4r skakad efter en utekv\u00e4ll. <\/p>\n<p class=\"_textTheme_16ipd_1 _paragraph_16k26_4 _paragraph_3ue4t_27 layout-component layout-normal layout-padded body-medium\">\u2013 Jag tror jag blev neddrogad ig\u00e5r. Jag kommer inte ih\u00e5g n\u00e5gonting, s\u00e4ger <strong class=\"_strong_16k26_20\">Lisa Sid\u00e9n<\/strong> p\u00e5 sin Snapchat. <\/p>\n<p> <img alt=\"Lisa Sid\u00e9n p\u00e5 Snapchat\" class=\"_image_1jxax_84 layout-component layout-normal\" data-fullscreen- data-track-element-type=\"Article image fullscreen\" data-track-name=\"ImageFullscreen\" decoding=\"async\" loading=\"lazy\" height=\"1729\" itemprop=\"image\"  src=\"https:\/\/www.europesays.com\/se\/wp-content\/uploads\/2026\/07\/5169fc62-0f17-3b97-a250-d8191ac1aa3f.png\"  style=\"object-position:0% 0%\" width=\"1176\"\/>Lisa Sid\u00e9n p\u00e5 SnapchatVisa mer \u201dBrukar aldrig bli full\u201d <\/p>\n<p class=\"_textTheme_16ipd_1 _paragraph_16k26_4 _paragraph_3ue4t_27 layout-component layout-normal layout-padded body-medium\">Hon ber\u00e4ttar att hon vanligtvis dricker lite alkohol n\u00e4r hon \u00e4r ute, och att den h\u00e4r kv\u00e4llen inte var n\u00e5got undantag. <\/p>\n<p class=\"_textTheme_16ipd_1 _paragraph_16k26_4 _paragraph_3ue4t_27 layout-component layout-normal layout-padded body-medium\">Men morgonen d\u00e4rp\u00e5 hade hon stora minnesluckor. <\/p>\n<p class=\"_textTheme_16ipd_1 _paragraph_16k26_4 _paragraph_3ue4t_27 layout-component layout-normal layout-padded body-medium\">\u2013 Jag kommer ih\u00e5g hur jag tappade balansen typ, och det brukar aldrig h\u00e4nda mig. De som k\u00e4nner mig vet att jag alltid brukar ha kontroll \u00f6ver min fylla. Jag brukar aldrig liksom bli full, s\u00e4ger Sid\u00e9n. <\/p>\n<ul class=\"_gallery_1f6gv_33\" tabindex=\"0\">\n<li class=\"_item_1f6gv_64\" data-index=\"0\"><img decoding=\"async\" alt=\"\" class=\"_image_1rh6a_27 _articleGallery_1rh6a_43\" data-fullscreen- width=\"1172\" height=\"1976\" itemprop=\"image\" loading=\"lazy\"  src=\"https:\/\/www.europesays.com\/se\/wp-content\/uploads\/2026\/07\/341928f8-b074-3d0b-9e4f-3d4797981c04.png\"  style=\"object-position:50% 50%;aspect-ratio:var(--gallery-aspect-ratio, 16 \/ 9)\"\/>Lisa Sid\u00e9n p\u00e5 Snapchat<\/li>\n<li class=\"_item_1f6gv_64\" data-index=\"1\"><img decoding=\"async\" alt=\"\" class=\"_image_1rh6a_27 _articleGallery_1rh6a_43\" data-fullscreen- width=\"1170\" height=\"1808\" itemprop=\"image\" loading=\"lazy\"  src=\"https:\/\/www.europesays.com\/se\/wp-content\/uploads\/2026\/07\/cb27b1c4-7fd2-33d2-9867-032e73e66e4f.png\"  style=\"object-position:50% 50%;aspect-ratio:var(--gallery-aspect-ratio, 16 \/ 9)\"\/>Lisa Sid\u00e9n p\u00e5 Snapchat<\/li>\n<\/ul>\n<p> Inte f\u00f6rsta g\u00e5ngen <\/p>\n<p class=\"_textTheme_16ipd_1 _paragraph_16k26_4 _paragraph_3ue4t_27 layout-component layout-normal layout-padded body-medium\">Fr\u00e5n det \u00f6gonblicket \u00e4r allt blankt. Hon minns inte hur hon tog sig hem och s\u00e4ger att hon fortfarande k\u00e4nde sig \u201dlite borta\u201d n\u00e4r hon vaknade.<\/p>\n<p class=\"_textTheme_16ipd_1 _paragraph_16k26_4 _paragraph_3ue4t_27 layout-component layout-normal layout-padded body-medium\">Sid\u00e9n ber\u00e4ttar ocks\u00e5 att det inte \u00e4r f\u00f6rsta g\u00e5ngen hon misst\u00e4nker att hon har blivit drogad.<\/p>\n<p class=\"_textTheme_16ipd_1 _paragraph_16k26_4 _paragraph_3ue4t_27 layout-component layout-normal layout-padded body-medium\">Aftonbladet har s\u00f6kt Lisa Sid\u00e9n.<\/p>\n","protected":false},"excerpt":{"rendered":"Ber\u00e4ttar om h\u00e4ndelsen Publicerad 18:03Lisa Sid\u00e9n Foto: BYRMO CAROLINAVisa mer N\u00e4r hon f\u00f6rs\u00f6ker minnas utekv\u00e4llen \u00e4r allt blankt.&hellip;\n","protected":false},"author":2,"featured_media":304326,"comment_status":"","ping_status":"","sticky":false,"template":"","format":"standard","meta":{"footnotes":"","_share_on_mastodon":"0"},"categories":[67],"tags":[104,29512,34,4545,31,33,32,30,105],"class_list":["post-304325","post","type-post","status-publish","format-standard","has-post-thumbnail","category-underhallning","tag-entertainment","tag-lisa-siden","tag-se","tag-snapchat","tag-svenska","tag-sverige","tag-sweden","tag-swedish","tag-underhallning"],"share_on_mastodon":{"url":"https:\/\/pubeurope.com\/@se\/116913589235881264","error":""},"_links":{"self":[{"href":"https:\/\/www.europesays.com\/se\/wp-json\/wp\/v2\/posts\/304325","targetHints":{"allow":["GET"]}}],"collection":[{"href":"https:\/\/www.europesays.com\/se\/wp-json\/wp\/v2\/posts"}],"about":[{"href":"https:\/\/www.europesays.com\/se\/wp-json\/wp\/v2\/types\/post"}],"author":[{"embeddable":true,"href":"https:\/\/www.europesays.com\/se\/wp-json\/wp\/v2\/users\/2"}],"replies":[{"embeddable":true,"href":"https:\/\/www.europesays.com\/se\/wp-json\/wp\/v2\/comments?post=304325"}],"version-history":[{"count":0,"href":"https:\/\/www.europesays.com\/se\/wp-json\/wp\/v2\/posts\/304325\/revisions"}],"wp:featuredmedia":[{"embeddable":true,"href":"https:\/\/www.europesays.com\/se\/wp-json\/wp\/v2\/media\/304326"}],"wp:attachment":[{"href":"https:\/\/www.europesays.com\/se\/wp-json\/wp\/v2\/media?parent=304325"}],"wp:term":[{"taxonomy":"category","embeddable":true,"href":"https:\/\/www.europesays.com\/se\/wp-json\/wp\/v2\/categories?post=304325"},{"taxonomy":"post_tag","embeddable":true,"href":"https:\/\/www.europesays.com\/se\/wp-json\/wp\/v2\/tags?post=304325"}],"curies":[{"name":"wp","href":"https:\/\/api.w.org\/{rel}","templated":true}]}}