{"id":304422,"date":"2026-07-13T18:11:18","date_gmt":"2026-07-13T18:11:18","guid":{"rendered":"https:\/\/www.europesays.com\/se\/304422\/"},"modified":"2026-07-13T18:11:18","modified_gmt":"2026-07-13T18:11:18","slug":"peg-parnevik-bjods-in-till-fel-gruppchatt-hanades-av-vannerna","status":"publish","type":"post","link":"https:\/\/www.europesays.com\/se\/304422\/","title":{"rendered":"Peg Parnevik bj\u00f6ds in till fel gruppchatt \u2013 h\u00e5nades av v\u00e4nnerna"},"content":{"rendered":"<p>Publicerad 13 jul 2026 kl 06.00<\/p>\n<p>Peg Parnevik blev mobbad under tiden i high school, och n\u00e4r hon kom till college blev det inte b\u00e4ttre.<\/p>\n<p>Under ett kristet grillparty blev hon av misstag inbjuden i en gruppchatt \u2013 d\u00e4r hon h\u00e5nades av v\u00e4nnerna.<\/p>\n<p>\u2013 Det brinner i halsen p\u00e5 mig, minns hon i nya ljudboken \u201dGolfarens dotter\u201d.<\/p>\n<p><img loading=\"lazy\"   alt=\"\"\/><\/p>\n<p>Peg Parnevik \u00e4r aktuell med ljudboken \u201dGolfarens dotter\u201d.<\/p>\n<p>Foto: OLLE SPORRONG<\/p>\n<p>\u00d6ppna bild i helsk\u00e4rm<img loading=\"lazy\"   alt=\"\"\/><\/p>\n<p>I ljudboken ber\u00e4ttar hon om rumskompisens miss p\u00e5 grillpartyt.<\/p>\n<p>Foto: TV4<\/p>\n<p>\u00d6ppna bild i helsk\u00e4rm<\/p>\n<p>Artisten <a href=\"https:\/\/www.expressen.se\/tagg\/person\/peg-parnevik\/\" class=\"\" rel=\"nofollow noopener\" target=\"_blank\">Peg Parnevik<\/a>, 30, \u00e4r aktuell med ljudboken \u201dGolfarens dotter\u201d d\u00e4r hon ber\u00e4ttar om sitt liv som dotter till golfaren Jesper Parnevik. Hon ber\u00e4ttar om sin uppv\u00e4xt i soliga Florida och beskriver sin upplevelse av h\u00f6gstadiet som \u201ds\u00e5 n\u00e4ra en high school film som det g\u00e5r\u201d.\u00a0<\/p>\n<p>Det g\u00f6r hon inte i positiv bem\u00e4rkelse.\u00a0<\/p>\n<p>\u2013 Jag har blivit kallad slampa, fitta, jobbig, hora, ful, bitch, \u00e4cklig. Easy&#8230; Den \u00e4r bra. You name it. Varf\u00f6r? Allting b\u00f6rjade med att jag och min kille gjorde slut. Han dumpade mig. Alla v\u00e5ra gemensamma v\u00e4nner blev hans v\u00e4nner, ber\u00e4ttar Parnevik i ljudboken.\u00a0<\/p>\n<p>N\u00e4r hon kom till college, i Lexington i delstaten Virginia, hoppades hon f\u00e5 en nystart. Det trodde hon \u2013 till en b\u00f6rjan \u2013 att hon lyckats med.\u00a0<\/p>\n<p>\u201dPl\u00f6tsligt plingar det till i min telefon\u201d<\/p>\n<p>Svenskan fick en rumskompis som hon blev v\u00e4n med. Bella.\u00a0<\/p>\n<p>I ljudboken ber\u00e4ttar Parnevik att duon en dag bj\u00f6ds in till ett kristet grillparty. Bellas v\u00e4n var ungdomsledare inom kyrkan och Peg Parnevik f\u00f6ljde med trots att hon inte \u00e4r troende.\u00a0<\/p>\n<p>\u2013 Tystnaden h\u00e4nger i luften n\u00e4r vi f\u00f6ljer Bellas v\u00e4n, the youth pastor. Pl\u00f6tsligt plingar det till p\u00e5 min telefon. Det kommer ett sms. Tv\u00e5. Tre. Det \u00e4r en gruppchatt som jag aldrig har sett f\u00f6rut, s\u00e4ger Parnevik och forts\u00e4tter:<\/p>\n<p>\u2013 Jag \u00f6ppnar konversationen. F\u00f6rst chock, eller f\u00f6rvirring kanske. Jag h\u00e4nger inte med nu. V\u00e4nta. V\u00e4nta nu. Varf\u00f6r ser jag mitt namn? Varf\u00f6r har n\u00e5gon skickat sms om mig, till mig? Va?<\/p>\n<p>Peg Parnevik ser att det \u00e4r rumskompisen Bella som skickat sms:en. Bella, som st\u00e5r precis intill henne p\u00e5 grillpartyt.\u00a0<\/p>\n<p>\u2013 Jag l\u00e4ser smsen tyst. \u201dOmg, f\u00f6rl\u00e5t, men jag sk\u00e4ms \u00f6ver att ens beh\u00f6va synas med henne\u201d. \u201dJag tycker s\u00e5 synd om henne. Vad ska hon g\u00f6ra?\u201d. \u201dSom tur \u00e4r s\u00e5 \u00e4r det bara en grillfest och inget mer offentligt. Hon \u00e4r en s\u00e5n attention whore. Jag fattar inte hur hon orkar g\u00e5 utanf\u00f6r hemmet s\u00e5. Usch\u201d.\u00a0<\/p>\n<p>Rumskompisens panik efter missen<\/p>\n<p>I chattgruppen \u00e4r det, ut\u00f6ver Peg Parnevik och Bella, flera tjejer som bor i deras studentkorridor. I en rad sms st\u00e4mmer de in i h\u00e5nandet. F\u00f6r Parnevik k\u00e4nns det som att hon placerats i ett vakuum. Tiden har stannat.\u00a0<\/p>\n<p>Hon tittar upp p\u00e5 Bella som insett sin miss \u2013 och har fullkomlig panik.\u00a0<\/p>\n<p>Rumskompisen upprepar en urs\u00e4kt, s\u00e4ger att hon inte menade det som skrevs och det enda Parnevik svarar \u00e4r att \u201ddet \u00e4r lugnt\u201d och att hon nog ska g\u00e5 hem.\u00a0<\/p>\n<p>\u2013 Det brinner i halsen p\u00e5 mig, s\u00e4ger artisten som minns hur hon h\u00f6ll tillbaka gr\u00e5ten.\u00a0<\/p>\n<p>V\u00e4l tillbaka i deras gemensamma studentrum br\u00f6t hon ut i en panikartad gr\u00e5t. D\u00e4refter fick hon till\u00e5telse att flytta till ett annat rum i samma korridor.\u00a0<\/p>\n<p>\u2013 Jag sa att jag var tvungen att byta rum. F\u00f6r min mentala h\u00e4lsa, s\u00e4ger Peg Parnevik.\u00a0<\/p>\n","protected":false},"excerpt":{"rendered":"Publicerad 13 jul 2026 kl 06.00 Peg Parnevik blev mobbad under tiden i high school, och n\u00e4r hon&hellip;\n","protected":false},"author":2,"featured_media":304423,"comment_status":"","ping_status":"","sticky":false,"template":"","format":"standard","meta":{"footnotes":"","_share_on_mastodon":"0"},"categories":[14],"tags":[22,23,26,27,440,17,21,24,25,28,29,15,16,2835,18,34,31,33,32,30,19,17632,20,51,52,53,54],"class_list":["post-304422","post","type-post","status-publish","format-standard","has-post-thumbnail","category-varlden","tag-breaking-news","tag-breakingnews","tag-featured-news","tag-featurednews","tag-function-unga","tag-headlines","tag-huvudnyheter","tag-latest-news","tag-latestnews","tag-main-news","tag-mainnews","tag-news","tag-nyheter","tag-person-peg-parnevik","tag-rubriker","tag-se","tag-svenska","tag-sverige","tag-sweden","tag-swedish","tag-top-stories","tag-topic-svenska-artister","tag-topstories","tag-varlden","tag-world","tag-world-news","tag-worldnews"],"share_on_mastodon":{"url":"https:\/\/pubeurope.com\/@se\/116914020913395134","error":""},"_links":{"self":[{"href":"https:\/\/www.europesays.com\/se\/wp-json\/wp\/v2\/posts\/304422","targetHints":{"allow":["GET"]}}],"collection":[{"href":"https:\/\/www.europesays.com\/se\/wp-json\/wp\/v2\/posts"}],"about":[{"href":"https:\/\/www.europesays.com\/se\/wp-json\/wp\/v2\/types\/post"}],"author":[{"embeddable":true,"href":"https:\/\/www.europesays.com\/se\/wp-json\/wp\/v2\/users\/2"}],"replies":[{"embeddable":true,"href":"https:\/\/www.europesays.com\/se\/wp-json\/wp\/v2\/comments?post=304422"}],"version-history":[{"count":0,"href":"https:\/\/www.europesays.com\/se\/wp-json\/wp\/v2\/posts\/304422\/revisions"}],"wp:featuredmedia":[{"embeddable":true,"href":"https:\/\/www.europesays.com\/se\/wp-json\/wp\/v2\/media\/304423"}],"wp:attachment":[{"href":"https:\/\/www.europesays.com\/se\/wp-json\/wp\/v2\/media?parent=304422"}],"wp:term":[{"taxonomy":"category","embeddable":true,"href":"https:\/\/www.europesays.com\/se\/wp-json\/wp\/v2\/categories?post=304422"},{"taxonomy":"post_tag","embeddable":true,"href":"https:\/\/www.europesays.com\/se\/wp-json\/wp\/v2\/tags?post=304422"}],"curies":[{"name":"wp","href":"https:\/\/api.w.org\/{rel}","templated":true}]}}