{"id":304442,"date":"2026-07-13T18:33:37","date_gmt":"2026-07-13T18:33:37","guid":{"rendered":"https:\/\/www.europesays.com\/se\/304442\/"},"modified":"2026-07-13T18:33:37","modified_gmt":"2026-07-13T18:33:37","slug":"klagomal-skjuter-i-hojden-sa-skyddar-du-dig","status":"publish","type":"post","link":"https:\/\/www.europesays.com\/se\/304442\/","title":{"rendered":"Klagom\u00e5l skjuter i h\u00f6jden \u2013 s\u00e5 skyddar du dig"},"content":{"rendered":"<p>  <a class=\"_link_1wc6r_108\" href=\"https:\/\/aftonbladet.se\/av\/linni-ros-sitepu\" title=\"Linni Ros Sitepu\" rel=\"nofollow noopener\" target=\"_blank\"><img alt=\"Bild av Linni Ros Sitepu\" class=\"_image_1wc6r_85\" fetchpriority=\"low\" decoding=\"async\" itemprop=\"image\" loading=\"lazy\"  src=\"https:\/\/www.europesays.com\/se\/wp-content\/uploads\/2026\/07\/1783967615_534_546a20ac-e1aa-355f-9b10-cab52fcac02b.png\"  width=\"480\"\/><\/a> Publicerad 20:19<img alt=\"Stockholm stad har f\u00e5tt in fler klagom\u00e5l \u00e4n vanligt.\" class=\"_image_1jxax_84 layout-component layout-wide\" data-fullscreen- data-track-element-type=\"Article image fullscreen\" data-track-name=\"ImageFullscreen\" fetchpriority=\"high\" decoding=\"sync\" loading=\"eager\" height=\"4347\" itemprop=\"image\"  src=\"https:\/\/www.europesays.com\/se\/wp-content\/uploads\/2026\/07\/667739c0-aa02-320e-a520-28e880821a23.jpeg\"  style=\"object-position:47.77641466032817% 54.635380722337246%\" width=\"6521\"\/>Stockholm stad har f\u00e5tt in fler klagom\u00e5l \u00e4n vanligt.  Foto: Tim Aro\/TTVisa mer<\/p>\n<p class=\"_textTheme_16ipd_1 _lead_16k26_2 _lead_3ue4t_18 layout-component layout-normal layout-padded _lead_o6m9k_5 _leadTheme_cypwp_1 body-large bold\">M\u00e5sen skiter, stj\u00e4l, skriker och attackerar.<\/p>\n<p class=\"_textTheme_16ipd_1 _lead_16k26_2 _lead_3ue4t_18 layout-component layout-normal layout-padded _lead_o6m9k_5 _leadTheme_cypwp_1 body-large bold\">Nu har klagom\u00e5len p\u00e5 dem \u00f6kat i huvudstaden.<\/p>\n<p class=\"_textTheme_16ipd_1 _lead_16k26_2 _lead_3ue4t_18 layout-component layout-normal layout-padded _lead_o6m9k_5 _leadTheme_cypwp_1 body-large bold\">Bara i \u00e5r har det hittills kommit in 162 \u00e4renden.<\/p>\n<p>Sammanfattningen \u00e4r skapad med artificiell intelligens och kvalitetss\u00e4krad av Aftonbladets journalister.<\/p>\n<ul class=\"_list_16k26_3 _list_tj395_103 _unordered_16k26_103 _textTheme_16ipd_1 body-small\">\n<li class=\"_item_16k26_63\">Klagom\u00e5len p\u00e5 m\u00e5sar i Stockholm har \u00f6kat med 29 procent i \u00e5r, med totalt 162 \u00e4renden registrerade hittills. <\/li>\n<li class=\"_item_16k26_63\">M\u00e5sar orsakar problem genom att skr\u00e4pa ner och \u00e4ta sopor, vilket har lett till fler akuta \u00e4renden till skadedjursbek\u00e4mpningsf\u00f6retag.<\/li>\n<li class=\"_item_16k26_63\">M\u00e4nniskor upplever att m\u00e5sar invaderar stadsomr\u00e5den, men experter menar att det \u00e4r m\u00e4nniskor som byggt i m\u00e5sarnas naturliga habitat.<\/li>\n<\/ul>\n<p>L\u00e4s mer  <\/p>\n<p class=\"_textTheme_16ipd_1 _paragraph_16k26_4 _paragraph_3ue4t_27 layout-component layout-normal layout-padded body-medium\">N\u00e5gra ser dem som en sj\u00e4lvklart djurfr\u00e4nde i staden, andra som en flygande fara i vitt, gr\u00e5tt och gult.<\/p>\n<p class=\"_textTheme_16ipd_1 _paragraph_16k26_4 _paragraph_3ue4t_27 layout-component layout-normal layout-padded body-medium\">Hittills har 162 \u00e4renden om f\u00e5glar kommit in till Stockholm stad \u2013 en 29 procents \u00f6kning j\u00e4mf\u00f6rt med f\u00f6rra \u00e5ret d\u00e4r siffran landade p\u00e5 126 \u00e4renden vid \u00e5rets slut. \u00c5r 2024 var det lite f\u00e4rre med 121 \u00e4renden om f\u00e5glar i Stockholm stad.<\/p>\n<p class=\"_textTheme_16ipd_1 _paragraph_16k26_4 _paragraph_3ue4t_27 layout-component layout-normal layout-padded body-medium\">\u201cDe flesta av dem handlar om att m\u00e5sar skr\u00e4par ner och \u00e4ter sopor\u201d, skriver Malinda Flodman, pressansvarig p\u00e5 Trafikkontoret i kommunen till Aftonbladet.<\/p>\n<p> Flera akuta \u00e4renden <\/p>\n<p class=\"_textTheme_16ipd_1 _paragraph_16k26_4 _paragraph_3ue4t_27 layout-component layout-normal layout-padded body-medium\">P\u00e5 skadedjursbek\u00e4mpningsf\u00f6retaget Rentokil upplever de samma m\u00e5sboom.<\/p>\n<p class=\"_textTheme_16ipd_1 _paragraph_16k26_4 _paragraph_3ue4t_27 layout-component layout-normal layout-padded body-medium\">\u201cVi har fler akuta \u00e4renden g\u00e4llande f\u00e5gel \u00e4n tidigare \u00e5r, \u00e4n s\u00e5 l\u00e4nge drygt 100 stycken i hela landet\u201d, skriver Johan Peterson p\u00e5 Rentokil till Aftonbladet.<\/p>\n<p> S\u00e5 skyddar du dig fr\u00e5n aggressiva f\u00e5glar<\/p>\n<ul class=\"_list_16k26_3 _list_3ue4t_26 _list_1si9r_56 _unordered_16k26_103 _textTheme_16ipd_1 layout-component layout-normal layout-padded body-small\">\n<li class=\"_item_16k26_63\">Arbeta f\u00f6rebyggande. Flytta p\u00e5 bon som \u00e4r i t\u00e4tbefolkade omr\u00e5den.<\/li>\n<li class=\"_item_16k26_63\">G\u00e5 inte n\u00e4ra f\u00e5gelungar och f\u00e5gelbon.<\/li>\n<li class=\"_item_16k26_63\">Om ni inte kan undvika v\u00e4gar med f\u00e5gelungar. Titta inte upp. G\u00e5 snabbt. Ha med ett paraply.<\/li>\n<li class=\"_item_16k26_63\">Mata inte f\u00e5glarna och skr\u00e4pa inte ner.<\/li>\n<\/ul>\n<p class=\"_textTheme_16ipd_1 _paragraph_16k26_4 _paragraph_3ue4t_27 _paragraph_1si9r_57 layout-component layout-normal layout-padded body-small\">K\u00e4lla: Rentokil och Magnus Hellstr\u00f6m, chef p\u00e5 Ottenby f\u00e5gelstation<\/p>\n<p>L\u00e4s mer <\/p>\n<p class=\"_textTheme_16ipd_1 _paragraph_16k26_4 _paragraph_3ue4t_27 layout-component layout-normal layout-padded body-medium\">Flest \u00e4renden brukar f\u00f6retaget f\u00e5 i slutet av maj och juni, n\u00e4r m\u00e5sungarna har l\u00e4mnat boet och tar sina f\u00f6rsta stapplande steg ut i v\u00e4rlden \u2013 och f\u00f6rsvaras av sina f\u00f6r\u00e4ldrar.<\/p>\n<p class=\"_textTheme_16ipd_1 _paragraph_16k26_4 _paragraph_3ue4t_27 layout-component layout-normal layout-padded body-medium\">\u201cOftast finns det inte s\u00e5 mycket att g\u00f6ra. Eventuellt kan man f\u00f6rs\u00f6ka f\u00f6rsiktigt flytta ungen till mindre befolkat plats i n\u00e4rheten. Men problemet \u00e4r ju borta av sig sj\u00e4lvt efter ett par veckor.\u201d, skriver Johan Peterson p\u00e5 Rentokil.<\/p>\n<p> <img alt=\"H\u00e4ckningss\u00e4songen brukar inneb\u00e4ra en \u00f6kning i antalet klagom\u00e5l\" class=\"_image_1jxax_84 layout-component layout-normal\" data-fullscreen- data-track-element-type=\"Article image fullscreen\" data-track-name=\"ImageFullscreen\" decoding=\"async\" loading=\"lazy\" height=\"3523\" itemprop=\"image\"  src=\"https:\/\/www.europesays.com\/se\/wp-content\/uploads\/2026\/07\/872314b4-6f60-317c-8100-597300552775.jpeg\"  style=\"object-position:51.32234572633193% 37.695146182231056%\" width=\"2609\"\/>H\u00e4ckningss\u00e4songen brukar inneb\u00e4ra en \u00f6kning i antalet klagom\u00e5l Foto: Janerik Henriksson\/TTVisa mer \u201dJobba f\u00f6rebyggande\u201d <\/p>\n<p class=\"_textTheme_16ipd_1 _paragraph_16k26_4 _paragraph_3ue4t_27 layout-component layout-normal layout-padded body-medium\">De vanligaste m\u00e5sarna i Stockholm \u00e4r fiskm\u00e5s, skrattm\u00e5s, silltrut, fiskt\u00e4rna, gr\u00e5trut och havstrut. Fiskm\u00e5sar brukar leva p\u00e5 varmare breddgrader under vintrarna, men kommer upp till Sverige f\u00f6r att h\u00e4cka. I Sverige finns det ungef\u00e4r 200 000 h\u00e4ckande fiskm\u00e5sar. Under h\u00e4ckningss\u00e4songen fr\u00e5n april till juli \u00e4r fiskm\u00e5sen och deras bon, \u00e4gg och ungar fredade enligt jaktlagen. Enda g\u00e5ngen man f\u00e5r st\u00f6ra m\u00e5sarna \u00e4r f\u00f6r att skydda m\u00e4nniskors liv, h\u00e4lsa eller egendom.\u00a0<\/p>\n<p class=\"_textTheme_16ipd_1 _paragraph_16k26_4 _paragraph_3ue4t_27 layout-component layout-normal layout-padded body-medium\">\u201cTricket \u00e4r att jobba f\u00f6rebyggande innan h\u00e4ckningen, se till att f\u00e5glarna inte inte bygger bo p\u00e5 platser d\u00e4r de kan utg\u00f6ra ett problem\u201d, skriver Johan Peterson.<\/p>\n<p> M\u00e5sboom i centrala J\u00f6nk\u00f6ping <\/p>\n<p class=\"_textTheme_16ipd_1 _paragraph_16k26_4 _paragraph_3ue4t_27 layout-component layout-normal layout-padded body-medium\">Fiskm\u00e5sar tycker om att h\u00e4cka p\u00e5 hustak, n\u00e5got som J\u00f6nk\u00f6pingbor bevittnat. <\/p>\n<p class=\"_textTheme_16ipd_1 _paragraph_16k26_4 _paragraph_3ue4t_27 layout-component layout-normal layout-padded body-medium\">\u2013 Detta \u00e4r extremt. Jag har bott h\u00e4r i 30 \u00e5r och s\u00e5 h\u00e4r mycket f\u00e5glar har det aldrig varit tidigare. De s\u00e4ger att det \u00e4r 40 bon p\u00e5 taket. Jag vet inte om det st\u00e4mmer, s\u00e4ger en person till <a href=\"https:\/\/www.svt.se\/nyheter\/lokalt\/jonkoping\/hyresgasterna-om-masinvasionen-i-jonkoping-detta-ar-extremt\" class=\"_link_16k26_32\" rel=\"nofollow noopener\" target=\"_blank\">SVT<\/a>.<\/p>\n<p> <img alt=\"\" class=\"_image_1jxax_84 layout-component layout-normal\" data-fullscreen- data-track-element-type=\"Article image fullscreen\" data-track-name=\"ImageFullscreen\" decoding=\"async\" loading=\"lazy\" height=\"4725\" itemprop=\"image\"  src=\"https:\/\/www.europesays.com\/se\/wp-content\/uploads\/2026\/07\/a949a85c-a69c-3119-adeb-951a38dc14f9.jpeg\"  style=\"object-position:47.28375899534359% 60.05291005291006%\" width=\"7087\"\/> Foto: Tim Aro\/TTVisa mer <\/p>\n<p class=\"_textTheme_16ipd_1 _paragraph_16k26_4 _paragraph_3ue4t_27 layout-component layout-normal layout-padded body-medium\">Vid Torggr\u00e4nd i centrala J\u00f6nk\u00f6ping har hyresg\u00e4sterna beh\u00f6vt tv\u00e4tta f\u00f6nster och bilar flera g\u00e5nger i veckan \u2013 samtidigt som de blivit attackerade. En boende i omr\u00e5det har till och med sagt upp sin l\u00e4genhet.<\/p>\n<p> \u201dM\u00e5sarna fanns d\u00e4r f\u00f6rst\u201d <\/p>\n<p class=\"_textTheme_16ipd_1 _paragraph_16k26_4 _paragraph_3ue4t_27 layout-component layout-normal layout-padded body-medium\">Men synen att det \u00e4r m\u00e5sarna som inkr\u00e4ktar p\u00e5 v\u00e5rt boyta h\u00e5ller Mats Wir\u00e9n, ekolog p\u00e5 Malm\u00f6 stad inte med om:<\/p>\n<p class=\"_textTheme_16ipd_1 _paragraph_16k26_4 _paragraph_3ue4t_27 layout-component layout-normal layout-padded body-medium\">\u2013 Det \u00e4r vi som inkr\u00e4ktar p\u00e5 fiskm\u00e5sarnas naturliga habitat. De fanns f\u00f6rst. Det \u00e4r m\u00e4nniskan som har byggt st\u00e4der l\u00e4ngs kusten d\u00e4r det alltid har funnits m\u00e5sar.<\/p>\n<p class=\"_textTheme_16ipd_1 _paragraph_16k26_4 _paragraph_3ue4t_27 layout-component layout-normal layout-padded body-medium\">Och anledningen till att m\u00e5sar bos\u00e4tter sig i st\u00e4der p\u00e5 hustak \u00e4r r\u00e4tt s\u00e5 sj\u00e4lvklar.<\/p>\n<p class=\"_textTheme_16ipd_1 _paragraph_16k26_4 _paragraph_3ue4t_27 layout-component layout-normal layout-padded body-medium\">\u2013 Djur tar sig ofta dit de kan f\u00e5 mat och d\u00e4r de kan reproducera sig. D\u00e5 blir st\u00e4derna popul\u00e4ra. Det finns mycket skr\u00e4p att h\u00e4mta.<\/p>\n<p>    Om fiskm\u00e5sen (larus canus)<\/p>\n<ul class=\"_list_16k26_3 _list_3ue4t_26 _list_1si9r_56 _unordered_16k26_103 _textTheme_16ipd_1 layout-component layout-normal layout-padded body-small\">\n<li class=\"_item_16k26_63\">Fiskm\u00e5sar \u00e4r flyttf\u00e5glar som kommer till Sverige under v\u00e5ren och flyger till varmare breddgrader under h\u00f6sten.<\/li>\n<li class=\"_item_16k26_63\">De lever upp till 20 \u00e5r, men genomsnittslivsl\u00e4ngden \u00e4r 13 \u00e5r.<\/li>\n<li class=\"_item_16k26_63\">Fiskm\u00e5sar \u00e4r all\u00e4tare och \u00e4ter b\u00e5de animalisk och vegetabilisk mat.<\/li>\n<li class=\"_item_16k26_63\">F\u00e5glarna \u00e4r monogama och lever med samma partner hela livet, men tr\u00e4ffas bara under h\u00e4ckningss\u00e4songen. <\/li>\n<li class=\"_item_16k26_63\">H\u00e4ckningss\u00e4songen b\u00f6rjar under slutet av april till slutet av juli. Honorna l\u00e4gger tv\u00e5 till fyra \u00e4gg som b\u00e5da f\u00f6r\u00e4ldrar ruvar.<\/li>\n<\/ul>\n<p class=\"_textTheme_16ipd_1 _paragraph_16k26_4 _paragraph_3ue4t_27 _paragraph_1si9r_57 layout-component layout-normal layout-padded body-small\">K\u00e4lla: Anticimex och Nationalencylopedin<\/p>\n<p>L\u00e4s mer      <\/p>\n","protected":false},"excerpt":{"rendered":"Publicerad 20:19Stockholm stad har f\u00e5tt in fler klagom\u00e5l \u00e4n vanligt. Foto: Tim Aro\/TTVisa mer M\u00e5sen skiter, stj\u00e4l, skriker&hellip;\n","protected":false},"author":2,"featured_media":304443,"comment_status":"","ping_status":"","sticky":false,"template":"","format":"standard","meta":{"footnotes":"","_share_on_mastodon":"0"},"categories":[67],"tags":[104,12180,559,29540,34,258,31,33,32,30,105],"class_list":["post-304442","post","type-post","status-publish","format-standard","has-post-thumbnail","category-underhallning","tag-entertainment","tag-faglar","tag-jonkoping","tag-masar","tag-se","tag-stockholm","tag-svenska","tag-sverige","tag-sweden","tag-swedish","tag-underhallning"],"share_on_mastodon":{"url":"https:\/\/pubeurope.com\/@se\/116914108013974637","error":""},"_links":{"self":[{"href":"https:\/\/www.europesays.com\/se\/wp-json\/wp\/v2\/posts\/304442","targetHints":{"allow":["GET"]}}],"collection":[{"href":"https:\/\/www.europesays.com\/se\/wp-json\/wp\/v2\/posts"}],"about":[{"href":"https:\/\/www.europesays.com\/se\/wp-json\/wp\/v2\/types\/post"}],"author":[{"embeddable":true,"href":"https:\/\/www.europesays.com\/se\/wp-json\/wp\/v2\/users\/2"}],"replies":[{"embeddable":true,"href":"https:\/\/www.europesays.com\/se\/wp-json\/wp\/v2\/comments?post=304442"}],"version-history":[{"count":0,"href":"https:\/\/www.europesays.com\/se\/wp-json\/wp\/v2\/posts\/304442\/revisions"}],"wp:featuredmedia":[{"embeddable":true,"href":"https:\/\/www.europesays.com\/se\/wp-json\/wp\/v2\/media\/304443"}],"wp:attachment":[{"href":"https:\/\/www.europesays.com\/se\/wp-json\/wp\/v2\/media?parent=304442"}],"wp:term":[{"taxonomy":"category","embeddable":true,"href":"https:\/\/www.europesays.com\/se\/wp-json\/wp\/v2\/categories?post=304442"},{"taxonomy":"post_tag","embeddable":true,"href":"https:\/\/www.europesays.com\/se\/wp-json\/wp\/v2\/tags?post=304442"}],"curies":[{"name":"wp","href":"https:\/\/api.w.org\/{rel}","templated":true}]}}