{"id":304620,"date":"2026-07-13T23:27:26","date_gmt":"2026-07-13T23:27:26","guid":{"rendered":"https:\/\/www.europesays.com\/se\/304620\/"},"modified":"2026-07-13T23:27:26","modified_gmt":"2026-07-13T23:27:26","slug":"nio-till-sjukhus-efter-bussolycka-i-stenungsund","status":"publish","type":"post","link":"https:\/\/www.europesays.com\/se\/304620\/","title":{"rendered":"Nio till sjukhus efter bussolycka i Stenungsund"},"content":{"rendered":"<p>Uppdaterad 13 jul 2026 kl 23.14Publicerad 13 jul 2026 kl 20.49<\/p>\n<p>Nio personer har f\u00f6rts till sjukhus efter en krock mellan buss och lastbil p\u00e5 m\u00e5ndagen.<\/p>\n<p>En person \u00e4r gripen misst\u00e4nkt f\u00f6r flera brott.<\/p>\n<p><img   alt=\"\"\/><\/p>\n<p>Nio personer har f\u00f6rts till sjukhus efter en krock mellan buss och lastbil p\u00e5 m\u00e5ndagen.<\/p>\n<p>Foto: Martin Pettersson<\/p>\n<p>\u00d6ppna bild i helsk\u00e4rm<\/p>\n<p>Larmet kom in till SOS klockan 18.48 och r\u00e4ddningstj\u00e4nst, polis och ambulans tillkallades till platsen. En buss och en lastbil hade krockat p\u00e5 E6:an i <a href=\"https:\/\/www.expressen.se\/tagg\/location\/stenungsund\/\" class=\"\" rel=\"nofollow noopener\" target=\"_blank\">Stenungsund<\/a>.\u00a0<\/p>\n<p>Enligt polisen ska ett flertal personer vara skadade. Nio personer har f\u00f6rts till sjukhus med ambulans, fyra lindrigt skadade och tv\u00e5 allvarligt skadade.<\/p>\n<p>R\u00e4ddningstj\u00e4nsten s\u00e4ger till <a href=\"https:\/\/www.gp.se\/nyheter\/goteborg\/senaste-nyheterna-fran-goteborg-och-varlden.d4ea89e2-0587-4ff3-bc76-bd25a293050f?ifr-dir-postId=fd2e05ef-e662-4e3c-8224-7caf54a08cf3\" rel=\"nofollow noopener\" target=\"_blank\">GP<\/a> att 20 personer var ombord p\u00e5 bussen. Enligt V\u00e4sttrafik g\u00e4ller det buss 810 mot Uddevalla, skriver <a href=\"https:\/\/www.bohuslaningen.se\/nyheter\/vastsverige\/buss-och-lastbil-i-krock-pa-e6.aa602152-e958-4464-a368-274d642191af\" rel=\"nofollow noopener\" target=\"_blank\">Bohusl\u00e4ningen<\/a>.<\/p>\n<p>En person har gripits misst\u00e4nkt f\u00f6r grov v\u00e5rdsl\u00f6shet i trafik, grovt v\u00e5llande till kroppsskada och drograttfylleri.<\/p>\n<p>Olyckan ska ha skett i norrg\u00e5ende riktning och enligt Trafikverket har olyckan mycket stor p\u00e5verkan p\u00e5 trafiken. Norrg\u00e5ende riktning \u00e4r helt avst\u00e4ngd, enligt myndigheten. Sluttiden har f\u00f6rl\u00e4ngts till 22.00 p\u00e5 m\u00e5ndagskv\u00e4llen men den tiden beskrivs som \u201dos\u00e4ker\u201d.<\/p>\n","protected":false},"excerpt":{"rendered":"Uppdaterad 13 jul 2026 kl 23.14Publicerad 13 jul 2026 kl 20.49 Nio personer har f\u00f6rts till sjukhus efter&hellip;\n","protected":false},"author":2,"featured_media":304513,"comment_status":"","ping_status":"","sticky":false,"template":"","format":"standard","meta":{"footnotes":"","_share_on_mastodon":"0"},"categories":[5],"tags":[22,23,26,27,17,21,24,25,28099,28,29,15,16,18,34,154,31,33,32,30,19,4070,20],"class_list":["post-304620","post","type-post","status-publish","format-standard","has-post-thumbnail","category-rubriker","tag-breaking-news","tag-breakingnews","tag-featured-news","tag-featurednews","tag-headlines","tag-huvudnyheter","tag-latest-news","tag-latestnews","tag-location-stenungsund","tag-main-news","tag-mainnews","tag-news","tag-nyheter","tag-rubriker","tag-se","tag-sections-sverige","tag-svenska","tag-sverige","tag-sweden","tag-swedish","tag-top-stories","tag-topic-trafikolycka","tag-topstories"],"share_on_mastodon":{"url":"https:\/\/pubeurope.com\/@se\/116915263481721326","error":""},"_links":{"self":[{"href":"https:\/\/www.europesays.com\/se\/wp-json\/wp\/v2\/posts\/304620","targetHints":{"allow":["GET"]}}],"collection":[{"href":"https:\/\/www.europesays.com\/se\/wp-json\/wp\/v2\/posts"}],"about":[{"href":"https:\/\/www.europesays.com\/se\/wp-json\/wp\/v2\/types\/post"}],"author":[{"embeddable":true,"href":"https:\/\/www.europesays.com\/se\/wp-json\/wp\/v2\/users\/2"}],"replies":[{"embeddable":true,"href":"https:\/\/www.europesays.com\/se\/wp-json\/wp\/v2\/comments?post=304620"}],"version-history":[{"count":0,"href":"https:\/\/www.europesays.com\/se\/wp-json\/wp\/v2\/posts\/304620\/revisions"}],"wp:featuredmedia":[{"embeddable":true,"href":"https:\/\/www.europesays.com\/se\/wp-json\/wp\/v2\/media\/304513"}],"wp:attachment":[{"href":"https:\/\/www.europesays.com\/se\/wp-json\/wp\/v2\/media?parent=304620"}],"wp:term":[{"taxonomy":"category","embeddable":true,"href":"https:\/\/www.europesays.com\/se\/wp-json\/wp\/v2\/categories?post=304620"},{"taxonomy":"post_tag","embeddable":true,"href":"https:\/\/www.europesays.com\/se\/wp-json\/wp\/v2\/tags?post=304620"}],"curies":[{"name":"wp","href":"https:\/\/api.w.org\/{rel}","templated":true}]}}