{"id":304630,"date":"2026-07-14T00:24:16","date_gmt":"2026-07-14T00:24:16","guid":{"rendered":"https:\/\/www.europesays.com\/se\/304630\/"},"modified":"2026-07-14T00:24:16","modified_gmt":"2026-07-14T00:24:16","slug":"putin-hotar-ukraina-efter-dronarangreppen","status":"publish","type":"post","link":"https:\/\/www.europesays.com\/se\/304630\/","title":{"rendered":"Putin hotar Ukraina efter dr\u00f6narangreppen"},"content":{"rendered":"<p>Publicerad 13 jul 2026 kl 23.16<\/p>\n<p>Vladimir Putin erk\u00e4nner att Ryssland befinner sig i en br\u00e4nslekris.\u00a0<\/p>\n<p>Uttalandet kommer efter omfattande ukrainska dr\u00f6narattacker.<\/p>\n<p>Putin utlovar en \u201deskalering\u201d mot Ukraina och att Ryssland ska sl\u00e5 till \u201dflera g\u00e5nger kraftfullare\u201d, skriver <a href=\"https:\/\/ru.themoscowtimes.com\/2026\/07\/13\/chetvertii-snachala-iyulya-krupnii-npz-ostanovil-rabotu-iz-za-ataki-bpla-a200679\" rel=\"nofollow noopener\" target=\"_blank\">Moscow Times<\/a>.<\/p>\n<p><img   alt=\"\"\/><\/p>\n<p>Vladimir Putin talade under m\u00e5ndagen f\u00f6r den ryska f\u00f6rsvarsindustrin.<\/p>\n<p>Foto: RUSSIANPRESIDENT OFFICIAL  APAI \/ STELLA PICTURES<\/p>\n<p>\u00d6ppna bild i helsk\u00e4rm<img loading=\"lazy\"   alt=\"\"\/><\/p>\n<p>Under m\u00e5ndagen slog Ukraina till mot en oljedep\u00e5 i Stavropol Kraj i Ryssland.<\/p>\n<p>Foto: Exilenova \/ Telegram<\/p>\n<p>\u00d6ppna bild i helsk\u00e4rmArtikeln i korthet<\/p>\n<p> Putin erk\u00e4nner att Ryssland \u00e4r i kris efter Ukrainas dr\u00f6narattacker mot oljeindustrin.<\/p>\n<p> Han hotar med betydligt kraftigare svar \u2013 samtidigt som bensinbrist sl\u00e5r mot stora delar av landet.<\/p>\n<p> Attackerna uppges redan ha kostat Ryssland \u00f6ver 60 miljarder kronor under 2026.<\/p>\n<p>Visa mer<\/p>\n<p>De ukrainska dr\u00f6narattackerna mot ryska oljeindustrin sker n\u00e4stan dagligen och har slagit h\u00e5rt mot landet. Den senaste attacken skedde under natten mot m\u00e5ndag i <a href=\"https:\/\/www.expressen.se\/tv\/nyheter\/varlden\/nya-attacker-har-brinner-den-ryska-oljan\/\" rel=\"nofollow noopener\" target=\"_blank\">Stavropol Kraj <\/a>och <a href=\"https:\/\/edition.cnn.com\/2026\/07\/06\/europe\/russia-fuel-crisis-ukraine-drone-attacks-intl-vis\" rel=\"nofollow noopener\" target=\"_blank\">CNN<\/a> har rapporterat att det r\u00e5der bensinkris i n\u00e4stan alla regioner.\u00a0<\/p>\n<p><a href=\"https:\/\/www.expressen.se\/tagg\/person\/vladimir-putin\/\" class=\"\" rel=\"nofollow noopener\" target=\"_blank\">Vladimir Putin<\/a> talade under m\u00e5ndagen i samband med att han tr\u00e4ffade representanter fr\u00e5n den ryska f\u00f6rsvarsindustrin. D\u00e4r lovade han att Ryssland ska sl\u00e5 till med \u201deskalerande omfattning\u201d som ett svar p\u00e5 Ukrainas omfattande attacker, enligt Moscow Times.<\/p>\n<p>\u2013 Var de \u00e4n f\u00f6rs\u00f6ker sl\u00e5 till mot ryskt territorium kommer vi att svara med samma kraft, men flera g\u00e5nger kraftfullare. Fienden kommer att k\u00e4nna av det. Jag hoppas att de redan g\u00f6r det, s\u00e4ger Putin enligt tidningen.<\/p>\n<p>Under talet erk\u00e4nde Putin att Ryssland lider av en br\u00e4nslekris.<\/p>\n<p>\u2013 Ja, de skapar, som de s\u00e4ger, vissa problem med petroleumprodukter f\u00f6r oss just nu. Men det kommer p\u00e5 sikt att f\u00f6rb\u00e4ttras.<\/p>\n<p>Stora ekonomiska f\u00f6rluster<\/p>\n<p>Den annekterade Krim-halv\u00f6n \u00e4r ett av de omr\u00e5den som drabbas allra v\u00e4rst av Ukrainas dr\u00f6nare. Attackerna har inte bara slagit h\u00e5rt mot br\u00e4nslef\u00f6rs\u00f6rjningen <a href=\"https:\/\/www.expressen.se\/nyheter\/varlden\/attackerar-ryska-fartyg-stoppar-bransle-till-krim\/\" rel=\"nofollow noopener\" target=\"_blank\">utan \u00e4ven mot elf\u00f6rs\u00f6rjningen<\/a>. Putin h\u00e4vdar att Ryssland arbetar med ett br\u00e4nslef\u00f6rs\u00f6rjningssystem f\u00f6r Krim-halv\u00f6n.<\/p>\n<p>\u2013 Det kommer att vara mycket sv\u00e5rt att f\u00e5 tillg\u00e5ng till, s\u00e4ger Putin utan att ge n\u00e5gra detaljer.<\/p>\n<p>I b\u00f6rjan av juli st\u00e4ngdes ett av Rysslands st\u00f6rsta oljeraffinaderier i Omsk, som producerar 22 miljoner ton per \u00e5r, ner efter en ukrainsk attack, enligt Moscow Times. Det har under v\u00e5ren och f\u00f6rsommaren skett flera attacker mot landets st\u00f6rre oljeanl\u00e4ggningar.<\/p>\n<p>Ukrainas \u00f6verbef\u00e4lhavare Oleksandr Syrskyj uppskattar att Ukraina slagit till mot 697 m\u00e5l under \u00e5rets f\u00f6rsta sex m\u00e5nader. Attackerna uppskattas ha orsakat ekonomiska skador f\u00f6r Ryssland som \u00f6verstiger 60 miljarder kronor.<\/p>\n<p><strong>L\u00c4S MER: <\/strong><a href=\"https:\/\/www.expressen.se\/nyheter\/varlden\/ukrainas-dronarkrig-pressar-putin-kriget-ar-hans-livsverk\/\" class=\"\" rel=\"nofollow noopener\" target=\"_blank\">Ukrainas dr\u00f6narkrig pressar Putin \u2013 \u201dKriget \u00e4r hans livsverk\u201d<\/a><strong>L\u00c4S MER: <\/strong><a href=\"https:\/\/www.expressen.se\/nyheter\/varlden\/analys-putins-dilemma-kan-inte-avsluta-kriget-\/\" class=\"\" rel=\"nofollow noopener\" target=\"_blank\">Analys: Putins dilemma \u2013 kan inte avsluta kriget<\/a><\/p>\n","protected":false},"excerpt":{"rendered":"Publicerad 13 jul 2026 kl 23.16 Vladimir Putin erk\u00e4nner att Ryssland befinner sig i en br\u00e4nslekris.\u00a0 Uttalandet kommer&hellip;\n","protected":false},"author":2,"featured_media":304631,"comment_status":"","ping_status":"","sticky":false,"template":"","format":"standard","meta":{"footnotes":"","_share_on_mastodon":"0"},"categories":[5],"tags":[22,23,26,27,17,21,24,25,274,202,28,29,15,16,203,18,34,55,31,33,32,30,19,60,20],"class_list":["post-304630","post","type-post","status-publish","format-standard","has-post-thumbnail","category-rubriker","tag-breaking-news","tag-breakingnews","tag-featured-news","tag-featurednews","tag-headlines","tag-huvudnyheter","tag-latest-news","tag-latestnews","tag-location-ryssland","tag-location-ukraina","tag-main-news","tag-mainnews","tag-news","tag-nyheter","tag-person-vladimir-putin","tag-rubriker","tag-se","tag-sections-varlden","tag-svenska","tag-sverige","tag-sweden","tag-swedish","tag-top-stories","tag-topic-krig-konflikt","tag-topstories"],"share_on_mastodon":{"url":"https:\/\/pubeurope.com\/@se\/116915487863406092","error":""},"_links":{"self":[{"href":"https:\/\/www.europesays.com\/se\/wp-json\/wp\/v2\/posts\/304630","targetHints":{"allow":["GET"]}}],"collection":[{"href":"https:\/\/www.europesays.com\/se\/wp-json\/wp\/v2\/posts"}],"about":[{"href":"https:\/\/www.europesays.com\/se\/wp-json\/wp\/v2\/types\/post"}],"author":[{"embeddable":true,"href":"https:\/\/www.europesays.com\/se\/wp-json\/wp\/v2\/users\/2"}],"replies":[{"embeddable":true,"href":"https:\/\/www.europesays.com\/se\/wp-json\/wp\/v2\/comments?post=304630"}],"version-history":[{"count":0,"href":"https:\/\/www.europesays.com\/se\/wp-json\/wp\/v2\/posts\/304630\/revisions"}],"wp:featuredmedia":[{"embeddable":true,"href":"https:\/\/www.europesays.com\/se\/wp-json\/wp\/v2\/media\/304631"}],"wp:attachment":[{"href":"https:\/\/www.europesays.com\/se\/wp-json\/wp\/v2\/media?parent=304630"}],"wp:term":[{"taxonomy":"category","embeddable":true,"href":"https:\/\/www.europesays.com\/se\/wp-json\/wp\/v2\/categories?post=304630"},{"taxonomy":"post_tag","embeddable":true,"href":"https:\/\/www.europesays.com\/se\/wp-json\/wp\/v2\/tags?post=304630"}],"curies":[{"name":"wp","href":"https:\/\/api.w.org\/{rel}","templated":true}]}}