{"id":30466,"date":"2025-09-15T07:33:07","date_gmt":"2025-09-15T07:33:07","guid":{"rendered":"https:\/\/www.europesays.com\/se\/30466\/"},"modified":"2025-09-15T07:33:07","modified_gmt":"2025-09-15T07:33:07","slug":"ulf-kristersson-mot-magdalena-andersson-i-radiodebatt","status":"publish","type":"post","link":"https:\/\/www.europesays.com\/se\/30466\/","title":{"rendered":"Ulf Kristersson mot Magdalena Andersson i radiodebatt"},"content":{"rendered":"<p>Publicerad 15 sep 2025 kl 07.25Uppdaterad kl 08.44<\/p>\n<p>Med ett \u00e5r kvar till valet vill varken Ulf Kristersson (M) eller Magdalena Andersson (S) l\u00e4mna ett tydligt besked i regeringsfr\u00e5gan.<\/p>\n<p>Det stod klart n\u00e4r blockledarna m\u00f6ttes i en lives\u00e4nd debatt i P1 Morgon.\u00a0<\/p>\n<p>\u2013 Det \u00e4r inte ens l\u00e4ge att diskutera det, s\u00e4ger Andersson.<\/p>\n<p>Svantesson: \u201dL\u00e5gkonjunkturen m\u00e5ste brytas \u2013 vill ha framtidstro&#8221;<img loading=\"lazy\"   alt=\"\"\/><\/p>\n<p>Statsminister Ulf Kristersson (M).<\/p>\n<p>Foto: Christine Olsson\/TT \/ TT NYHETSBYR\u00c5N<\/p>\n<p>\u00d6ppna bild i helsk\u00e4rm<img loading=\"lazy\"   alt=\"\"\/><\/p>\n<p>Socialdemokraternas partiledare Magdalena Andersson.<\/p>\n<p>Foto: Pontus Lundahl\/TT \/ TT NYHETSBYR\u00c5N<\/p>\n<p>\u00d6ppna bild i helsk\u00e4rm<\/p>\n<p>Ett \u00e5r \u00e5terst\u00e5r till valet men \u00e4nnu har varken M eller S presenterat ett tydligt underlag f\u00f6r vilka partier man vill ska styra Sverige.<\/p>\n<p>B\u00e5da blockledarna f\u00e5r i debatten fr\u00e5gan om vem som just nu kan presentera det tydligaste regeringsalternativet.<\/p>\n<p>\u2013 Det \u00e4r ingen tvekan om att jag i tre \u00e5r har visat att jag kan bilda en regering. Det var precis tv\u00e4rtom under Anderssons tid, s\u00e4ger han.<\/p>\n<p>Andersson v\u00e4ljer att ducka fr\u00e5gan.<\/p>\n<p>\u2013 Jag vet inte ens om det \u00e4r l\u00e4ge att diskutera det, n\u00e4r vi befinner oss i ett v\u00e4ldigt allvarligt s\u00e4kerhetspolitiskt l\u00e4ge.\u00a0<\/p>\n<p>\u2013 Det \u00e4r sv\u00e5rt att veta just nu vad som \u00e4r b\u00e4st om ett \u00e5r.<\/p>\n<p><a href=\"https:\/\/www.expressen.se\/tagg\/person\/ulf-kristersson\/\" class=\"\" rel=\"nofollow noopener\" target=\"_blank\">Ulf Kristersson<\/a> sl\u00e5r tillbaka med att h\u00e4vda att S lever i illusionen om en svunnen tid.<\/p>\n<p>\u2013 De lever i en f\u00f6rest\u00e4llning om att de fortfarande \u00e4r ett parti som kan regera sj\u00e4lva. S\u00e5 \u00e4r det inte l\u00e4ngre. Kan man inte samla majoriteter, d\u00e5 \u00e4r man regeringsoduglig.\u00a0<\/p>\n<p>Inga nya besked om SD och V<\/p>\n<p>Han vill d\u00e4remot inte svara p\u00e5 om SD kan ing\u00e5 i regeringen ifall Tid\u00f6partierna vinner n\u00e4sta val.\u00a0<\/p>\n<p>\u2013 Jag har inga nya besked i regeringsfr\u00e5gan. Och jag har inget ansvar att presentera en f\u00e4rdig regering f\u00f6re valet om inte S g\u00f6r det.\u00a0<\/p>\n<p>P\u00e5 samma linje v\u00e4grar Andersson s\u00e4ga ifall V kan bli en del av en r\u00f6dgr\u00f6n regering, och upprepar att det \u00e4r \u201df\u00f6r tidigt\u201d att svara p\u00e5.\u00a0<\/p>\n<p>Ordbr\u00e5ket om g\u00e4ngkopplingarna<\/p>\n<p>Partiledarna ryker \u00e4ven ihop n\u00e4r de diskuterar g\u00e4ngkriminaliteten. Andersson anklagar regeringen f\u00f6r att st\u00e4nga hvb-hem, medan Kristersson beskyller S f\u00f6r att bara vilja ta till \u00e5tg\u00e4rder mot g\u00e4ngkriminaliteten n\u00e4r de inte l\u00e4ngre styr landet.<\/p>\n<p>Det hettar \u00e4ven till n\u00e4r de b\u00e5da diskuterar g\u00e4ngkopplingar i svenska partier.\u00a0<\/p>\n<p>\u2013 L\u00e5ngt in i etablerade strukturer har vi den grova kriminaliteten. Den m\u00e5ste r\u00f6kas ut, s\u00e4ger Kristersson.<\/p>\n<p>Det f\u00e5r Andersson att reagera med en suck.<\/p>\n<p>\u2013 Kom igen nu. Jimmie \u00c5kesson hade en g\u00e4ngkriminell p\u00e5 sitt br\u00f6llop, s\u00e4ger hon.<\/p>\n<p>Annons<\/p>\n<p>Kristersson \u00e4r inte sen med att kontra och n\u00e4mner S i Botkyrka, d\u00e4r det avsl\u00f6jats flera kopplingar mellan S och ABF och g\u00e4ngkriminella.<\/p>\n<p>\u2013 D\u00e5 kan ju S och SD diskutera hur man b\u00e4st odlar sina g\u00e4ngkriminella kontakter, s\u00e4ger Ulf Kristersson.<\/p>\n<p>Det finns inga bevis f\u00f6r de kopplingarna, menar Andersson som tycker att Kristersson borde sluta \u201dsprida rykten\u201d.\u00a0<\/p>\n<p>\u201dSverige \u00e4r p\u00e5 en s\u00e4mre plats\u201d<\/p>\n<p>Partiledarna diskuterade ocks\u00e5 ekonomin, som b\u00e5da tv\u00e5 pekar ut som den viktigaste politiska fr\u00e5gan just nu.\u00a0<\/p>\n<p>Andersson inleder med att kritisera regeringens ekonomiska politik.<\/p>\n<p>\u2013 Sverige \u00e4r p\u00e5 en mycket s\u00e4mre plats. Regeringen har s\u00e4nkt skatten f\u00f6r de allra rikaste i st\u00e4llet f\u00f6r att satsa p\u00e5 vanliga familjer, s\u00e4ger hon.<\/p>\n<p>Kristersson h\u00e5ller inte med om att det ha blivit v\u00e4rre ekonomiskt f\u00f6r svenskarna.<\/p>\n<p>\u2013 Vi \u00e4rvde en inflation p\u00e5 \u00f6ver tio procent. Jag tror alla f\u00f6rst\u00e5r att det \u00e4r en v\u00e4ldigt sv\u00e5r ekonomisk situation vi befinner oss i, vi har navigerat tryggt i den.\u00a0<\/p>\n<p><\/p>\n","protected":false},"excerpt":{"rendered":"Publicerad 15 sep 2025 kl 07.25Uppdaterad kl 08.44 Med ett \u00e5r kvar till valet vill varken Ulf Kristersson&hellip;\n","protected":false},"author":2,"featured_media":30467,"comment_status":"","ping_status":"","sticky":false,"template":"","format":"standard","meta":{"footnotes":""},"categories":[12],"tags":[22,23,26,27,17,21,24,25,28,29,15,16,1207,530,18,34,154,31,33,32,30,19,152,485,20],"class_list":{"0":"post-30466","1":"post","2":"type-post","3":"status-publish","4":"format-standard","5":"has-post-thumbnail","7":"category-sverige","8":"tag-breaking-news","9":"tag-breakingnews","10":"tag-featured-news","11":"tag-featurednews","12":"tag-headlines","13":"tag-huvudnyheter","14":"tag-latest-news","15":"tag-latestnews","16":"tag-main-news","17":"tag-mainnews","18":"tag-news","19":"tag-nyheter","20":"tag-person-magdalena-andersson","21":"tag-person-ulf-kristersson","22":"tag-rubriker","23":"tag-se","24":"tag-sections-sverige","25":"tag-svenska","26":"tag-sverige","27":"tag-sweden","28":"tag-swedish","29":"tag-top-stories","30":"tag-topic-inrikespolitik","31":"tag-topic-politik","32":"tag-topstories"},"share_on_mastodon":{"url":"","error":""},"_links":{"self":[{"href":"https:\/\/www.europesays.com\/se\/wp-json\/wp\/v2\/posts\/30466","targetHints":{"allow":["GET"]}}],"collection":[{"href":"https:\/\/www.europesays.com\/se\/wp-json\/wp\/v2\/posts"}],"about":[{"href":"https:\/\/www.europesays.com\/se\/wp-json\/wp\/v2\/types\/post"}],"author":[{"embeddable":true,"href":"https:\/\/www.europesays.com\/se\/wp-json\/wp\/v2\/users\/2"}],"replies":[{"embeddable":true,"href":"https:\/\/www.europesays.com\/se\/wp-json\/wp\/v2\/comments?post=30466"}],"version-history":[{"count":0,"href":"https:\/\/www.europesays.com\/se\/wp-json\/wp\/v2\/posts\/30466\/revisions"}],"wp:featuredmedia":[{"embeddable":true,"href":"https:\/\/www.europesays.com\/se\/wp-json\/wp\/v2\/media\/30467"}],"wp:attachment":[{"href":"https:\/\/www.europesays.com\/se\/wp-json\/wp\/v2\/media?parent=30466"}],"wp:term":[{"taxonomy":"category","embeddable":true,"href":"https:\/\/www.europesays.com\/se\/wp-json\/wp\/v2\/categories?post=30466"},{"taxonomy":"post_tag","embeddable":true,"href":"https:\/\/www.europesays.com\/se\/wp-json\/wp\/v2\/tags?post=30466"}],"curies":[{"name":"wp","href":"https:\/\/api.w.org\/{rel}","templated":true}]}}