{"id":305001,"date":"2026-07-14T10:06:08","date_gmt":"2026-07-14T10:06:08","guid":{"rendered":"https:\/\/www.europesays.com\/se\/305001\/"},"modified":"2026-07-14T10:06:08","modified_gmt":"2026-07-14T10:06:08","slug":"trump-vill-infora-nya-sanktioner-mot-putin","status":"publish","type":"post","link":"https:\/\/www.europesays.com\/se\/305001\/","title":{"rendered":"Trump vill inf\u00f6ra nya sanktioner mot Putin"},"content":{"rendered":"<p>Efter den n\u00e4ra allierade Lindsey Grahams d\u00f6d har Donald Trump helv\u00e4nt.<\/p>\n<p>Fr\u00e5n att tidigare kritisera sanktionspaketet mot Putin \u2013 verkar han nu st\u00f6dja det.\u00a0<\/p>\n<p>\u2013 Vi kommer att fatta ett beslut mycket snart om det, s\u00e4ger Trump, enligt <a href=\"https:\/\/edition.cnn.com\/2026\/07\/13\/politics\/trump-russia-sanctions-graham\" rel=\"nofollow noopener\" target=\"_blank\">CNN<\/a>.<\/p>\n<p><img   alt=\"\"\/><\/p>\n<p>USA kan snart inf\u00f6ra sanktioner f\u00f6r att pressa Putin.<\/p>\n<p>Foto: OFFICIAL\/APAIMAGES\/SHUTTERSTOCK \/ SHUTTERSTOCK EDITORIAL\/IBL<\/p>\n<p>\u00d6ppna bild i helsk\u00e4rm<img loading=\"lazy\"   alt=\"\"\/><\/p>\n<p>Donald Trump rapporters ha helv\u00e4nt om det ryska sanktionspaketet.<\/p>\n<p>Foto: INSTAR \/ STELLA PICTURES \/ STELLA PICTURES<\/p>\n<p>\u00d6ppna bild i helsk\u00e4rmArtikeln i korthet<\/p>\n<p> Trump har helv\u00e4nt och \u00f6ppnar nu f\u00f6r nya sanktioner mot Putin.<\/p>\n<p> Spelet bakom beslutet kopplas till n\u00e4ra allierade Lindsey Graham \u2013 som dog bara dagar efter ett m\u00f6te med Zelenskyj.<\/p>\n<p> F\u00f6rslaget kan sl\u00e5 h\u00e5rt mot l\u00e4nder som k\u00f6per rysk olja och gas.<\/p>\n<p>Visa mer<\/p>\n<p>Rysslands ekonomi g\u00e5r p\u00e5 kn\u00e4na efter det \u00f6ver fyra \u00e5r l\u00e5nga invasionskriget mot Ukraina. Enligt en europeisk statlig underr\u00e4ttelserapport riskerar Kreml en \u201dexplosiv\u201d bankris. Rapporten menar bland annat att ett sanktionspaket skulle kunna utl\u00f6sa den, skriver<a href=\"https:\/\/www.reuters.com\/business\/finance\/war-threatens-russian-banking-crisis-european-intelligence-report-says-2026-07-06\/\" rel=\"nofollow noopener\" target=\"_blank\"> Reuters<\/a>.<\/p>\n<p><a href=\"https:\/\/www.expressen.se\/tagg\/person\/donald-trump\/\" class=\"\" rel=\"nofollow noopener\" target=\"_blank\">Donald Trump<\/a> rapporteras nu st\u00f6dja ett parti\u00f6verskridande sanktionspaket som drevs av den nyligen avlidne senatorn och Trumpallierade Lindsey Graham, uppger k\u00e4llor i Vita huset till CNN.<\/p>\n<p>St\u00f6det kommer bara dagar efter Lindsey Grahams som dog i s\u00f6ndags. Dagen innan hade han tr\u00e4ffat president Volodymyr Zelenskyj i Ukraina<\/p>\n<p>Tidigare kritiserat av Trump<\/p>\n<p>Graham hade jobbat i \u00e5r f\u00f6r att f\u00e5 igenom paketet. I fredags uppgav han tillsammans med den demokratiska senatorn Richard Blumenthal att administrationen var beredd att st\u00f6dja paketet. Det var dock oklart om Trump, som tidigare flera g\u00e5nger kritiserat paketet, skulle vara f\u00f6r det.<\/p>\n<p>P\u00e5 en presskonferens under natten mot tisdag f\u00e5r Trump fr\u00e5gan om han \u00e4r beredd p\u00e5 att anta sanktionspaketet.\u00a0<\/p>\n<p>\u2013 Ja, vi pratar om det. Vi kommer att fatta ett beslut mycket snart om det, s\u00e4ger han.<\/p>\n<p>Om det g\u00e5r igenom inneb\u00e4r det att Trump kan inf\u00f6ra h\u00f6ga tullar p\u00e5 import fr\u00e5n l\u00e4nder som k\u00f6per rysk olja, uran och naturgas. Det skulle f\u00f6rsvaga Putin och Kremls m\u00f6jligheter att forts\u00e4tta kriget.<\/p>\n<p>\u2013 Det b\u00f6r ses som en passande hyllning till senator Graham att g\u00f6ra detta s\u00e5 snabbt till hans minne, s\u00e4ger Richard Blumenthal.\u00a0<\/p>\n<p>\u2013 Det \u00e4r exakt det vi pratade om n\u00e4r jag senast pratade med honom (reds. anm Graham) i helgen.<\/p>\n","protected":false},"excerpt":{"rendered":"Efter den n\u00e4ra allierade Lindsey Grahams d\u00f6d har Donald Trump helv\u00e4nt. Fr\u00e5n att tidigare kritisera sanktionspaketet mot Putin&hellip;\n","protected":false},"author":2,"featured_media":305002,"comment_status":"","ping_status":"","sticky":false,"template":"","format":"standard","meta":{"footnotes":"","_share_on_mastodon":"0"},"categories":[14],"tags":[22,23,26,27,17,21,24,25,274,28,29,15,276,16,198,3548,203,18,34,55,31,33,32,30,19,20,51,52,53,54],"class_list":["post-305001","post","type-post","status-publish","format-standard","has-post-thumbnail","category-varlden","tag-breaking-news","tag-breakingnews","tag-featured-news","tag-featurednews","tag-headlines","tag-huvudnyheter","tag-latest-news","tag-latestnews","tag-location-ryssland","tag-main-news","tag-mainnews","tag-news","tag-newsstory-kriget-i-ukraina","tag-nyheter","tag-person-donald-trump","tag-person-lindsey-graham","tag-person-vladimir-putin","tag-rubriker","tag-se","tag-sections-varlden","tag-svenska","tag-sverige","tag-sweden","tag-swedish","tag-top-stories","tag-topstories","tag-varlden","tag-world","tag-world-news","tag-worldnews"],"share_on_mastodon":{"url":"https:\/\/pubeurope.com\/@se\/116917776449007159","error":""},"_links":{"self":[{"href":"https:\/\/www.europesays.com\/se\/wp-json\/wp\/v2\/posts\/305001","targetHints":{"allow":["GET"]}}],"collection":[{"href":"https:\/\/www.europesays.com\/se\/wp-json\/wp\/v2\/posts"}],"about":[{"href":"https:\/\/www.europesays.com\/se\/wp-json\/wp\/v2\/types\/post"}],"author":[{"embeddable":true,"href":"https:\/\/www.europesays.com\/se\/wp-json\/wp\/v2\/users\/2"}],"replies":[{"embeddable":true,"href":"https:\/\/www.europesays.com\/se\/wp-json\/wp\/v2\/comments?post=305001"}],"version-history":[{"count":0,"href":"https:\/\/www.europesays.com\/se\/wp-json\/wp\/v2\/posts\/305001\/revisions"}],"wp:featuredmedia":[{"embeddable":true,"href":"https:\/\/www.europesays.com\/se\/wp-json\/wp\/v2\/media\/305002"}],"wp:attachment":[{"href":"https:\/\/www.europesays.com\/se\/wp-json\/wp\/v2\/media?parent=305001"}],"wp:term":[{"taxonomy":"category","embeddable":true,"href":"https:\/\/www.europesays.com\/se\/wp-json\/wp\/v2\/categories?post=305001"},{"taxonomy":"post_tag","embeddable":true,"href":"https:\/\/www.europesays.com\/se\/wp-json\/wp\/v2\/tags?post=305001"}],"curies":[{"name":"wp","href":"https:\/\/api.w.org\/{rel}","templated":true}]}}