{"id":305009,"date":"2026-07-14T10:13:14","date_gmt":"2026-07-14T10:13:14","guid":{"rendered":"https:\/\/www.europesays.com\/se\/305009\/"},"modified":"2026-07-14T10:13:14","modified_gmt":"2026-07-14T10:13:14","slug":"svetlanas-make-ljubisa-sogs-ut-genom-fonstret-i-ryanair-planet","status":"publish","type":"post","link":"https:\/\/www.europesays.com\/se\/305009\/","title":{"rendered":"Svetlanas make Ljubi\u0161a s\u00f6gs ut genom f\u00f6nstret i Ryanair-planet"},"content":{"rendered":"<p>Uppdaterad 14 jul 2026 kl 11.39Publicerad 14 jul 2026 kl 11.30<\/p>\n<p>Paret Svetlana Grkovic Maksimovic och Ljubi\u0161a Karovi\u0107 reste tillsammans p\u00e5 Ryanairplanet \u2013 n\u00e4r f\u00f6nstret sprack.<\/p>\n<p>Mannen s\u00f6gs ut och f\u00f6r hans fru blev det en kamp p\u00e5 liv och d\u00f6d.<\/p>\n<p>\u2013 Syremaskerna f\u00f6ll ner, det blev fullst\u00e4ndigt kaos. Min man f\u00f6rlorade medvetandet tre g\u00e5nger, s\u00e4ger hon till grekiska <a href=\"https:\/\/www.ertnews.gr\/eidiseis\/martyria-sto-ertnews-tis-syzygou-tou-epivati-pou-vrethike-ekso-apo-spasmeno-parathyro-en-ptisi\/\" rel=\"nofollow noopener\" target=\"_blank\">ERT<\/a>.<\/p>\n<p><img   alt=\"\"\/><\/p>\n<p>Svetlana Grkovic Maksimovic och Ljubi\u0161a Karovi\u0107 fick en mardr\u00f6msresa p\u00e5 v\u00e4g hem fr\u00e5n Grekland med Ryanair.<\/p>\n<p>\u00d6ppna bild i helsk\u00e4rm<\/p>\n<p>Ryanairs flygplan hade varit p\u00e5 v\u00e4g fr\u00e5n Thessaloniki i Grekland till Memmingen i Tyskland i en halvtimme \u2013 n\u00e4r passagerarna chockades av en kraftig sm\u00e4ll. Det visade sig att ett av planets f\u00f6nster hade splittrats.<\/p>\n<p>Serbiska Ljubi\u0161a Karovi\u0107 satt n\u00e4rmast det trasiga f\u00f6nstret och s\u00f6gs genast ut genom det. Planet, en Boeing 737-800, befann sig d\u00e5 p\u00e5 sextusen meters h\u00f6jd.<\/p>\n<p>\u2013 N\u00e4r f\u00f6nstret gick s\u00f6nder h\u00e4ngde Ljubi\u0161a ut med br\u00f6stet och blev kvar s\u00e5 i n\u00e4stan tv\u00e5 minuter. Jag satt bakom honom. Flickan som satt bredvid honom grep genast tag i hans arm, s\u00e4ger Svetlana Grkovic Maksimovic till ERT.<\/p>\n<p>\u2013 Jag var r\u00e4dd att flygplanet skulle st\u00f6rta.<\/p>\n<p>\u201dMin man har allvarliga skador\u201d<\/p>\n<p>Hon ber\u00e4ttar att n\u00e5gon f\u00f6rs\u00f6kte t\u00e4cka h\u00e5let med en resv\u00e4ska, men den s\u00f6gs genast ut genom f\u00f6nstret. Hon fortsatte h\u00e5lla fast i sin man, som ocks\u00e5 hade hj\u00e4lp av att han sp\u00e4nt fast sitt s\u00e4kerhetsb\u00e4lte. Hon m\u00e4rkte hur han f\u00f6rlorade medvetandet korta stunder.<\/p>\n<p>\u201dOm vi d\u00f6r, d\u00f6r vi tillsammans\u201d, var hennes enda tanke, <a href=\"https:\/\/www.dailymail.com\/news\/article-15968275\/Ryanair-passengers-wife-held-feet-five-minutes-stop-sucked-window-fainted-times-feared-wouldnt-make-it.html\" rel=\"nofollow noopener\" target=\"_blank\">ber\u00e4ttar hon<\/a>.<\/p>\n<p>Efter att Svetlana Grkovic desperat h\u00e5llit fast i sin mans ben f\u00f6r att h\u00e5lla kvar honom kunde hon med andra passagerares hj\u00e4lp f\u00e5 tillbaka honom in i planet.\u00a0<\/p>\n<p>Ombord p\u00e5 planet var det kaos. Syrgasmaskerna hade trillat ner och det var panikst\u00e4mning.<\/p>\n<p>Efter den dramatiska kraschen ombord, som skedde i fredags, v\u00e4nde planet tillbaka och landade i Thessaloniki. Ljubi\u0161a Karovi\u0107 f\u00f6rdes till sjukhus d\u00e4r han v\u00e5rdas f\u00f6r skador i nacke och hals, samt br\u00e4nnskador som han f\u00e5tt p\u00e5 grund av friktionen.<\/p>\n<p>\u2013 Min man har allvarliga skador, han b\u00e4r halskrage, \u00e4r i chock och darrar s\u00e5 fort han h\u00f6r talas om flygplan. Jag m\u00e5r ocks\u00e5 psykiskt d\u00e5ligt. Jag var r\u00e4dd f\u00f6r v\u00e5ra liv.\u00a0<\/p>\n","protected":false},"excerpt":{"rendered":"Uppdaterad 14 jul 2026 kl 11.39Publicerad 14 jul 2026 kl 11.30 Paret Svetlana Grkovic Maksimovic och Ljubi\u0161a Karovi\u0107&hellip;\n","protected":false},"author":2,"featured_media":305010,"comment_status":"","ping_status":"","sticky":false,"template":"","format":"standard","meta":{"footnotes":"","_share_on_mastodon":"0"},"categories":[65],"tags":[72,70,71,34,55,31,33,32,30],"class_list":["post-305009","post","type-post","status-publish","format-standard","has-post-thumbnail","category-ekonomi","tag-business","tag-economy","tag-ekonomi","tag-se","tag-sections-varlden","tag-svenska","tag-sverige","tag-sweden","tag-swedish"],"share_on_mastodon":{"url":"https:\/\/pubeurope.com\/@se\/116917803879269746","error":""},"_links":{"self":[{"href":"https:\/\/www.europesays.com\/se\/wp-json\/wp\/v2\/posts\/305009","targetHints":{"allow":["GET"]}}],"collection":[{"href":"https:\/\/www.europesays.com\/se\/wp-json\/wp\/v2\/posts"}],"about":[{"href":"https:\/\/www.europesays.com\/se\/wp-json\/wp\/v2\/types\/post"}],"author":[{"embeddable":true,"href":"https:\/\/www.europesays.com\/se\/wp-json\/wp\/v2\/users\/2"}],"replies":[{"embeddable":true,"href":"https:\/\/www.europesays.com\/se\/wp-json\/wp\/v2\/comments?post=305009"}],"version-history":[{"count":0,"href":"https:\/\/www.europesays.com\/se\/wp-json\/wp\/v2\/posts\/305009\/revisions"}],"wp:featuredmedia":[{"embeddable":true,"href":"https:\/\/www.europesays.com\/se\/wp-json\/wp\/v2\/media\/305010"}],"wp:attachment":[{"href":"https:\/\/www.europesays.com\/se\/wp-json\/wp\/v2\/media?parent=305009"}],"wp:term":[{"taxonomy":"category","embeddable":true,"href":"https:\/\/www.europesays.com\/se\/wp-json\/wp\/v2\/categories?post=305009"},{"taxonomy":"post_tag","embeddable":true,"href":"https:\/\/www.europesays.com\/se\/wp-json\/wp\/v2\/tags?post=305009"}],"curies":[{"name":"wp","href":"https:\/\/api.w.org\/{rel}","templated":true}]}}