{"id":305045,"date":"2026-07-14T10:51:13","date_gmt":"2026-07-14T10:51:13","guid":{"rendered":"https:\/\/www.europesays.com\/se\/305045\/"},"modified":"2026-07-14T10:51:13","modified_gmt":"2026-07-14T10:51:13","slug":"sam-larsson-tillbaka-i-blavitt-kan-ge-tillbaka","status":"publish","type":"post","link":"https:\/\/www.europesays.com\/se\/305045\/","title":{"rendered":"Sam Larsson tillbaka i Bl\u00e5vitt: \u201dKan ge tillbaka\u201d"},"content":{"rendered":"<p>  <a class=\"_link_1wc6r_108\" href=\"https:\/\/aftonbladet.se\/av\/david-nilsson\" title=\"David Nilsson\" rel=\"nofollow noopener\" target=\"_blank\"><img alt=\"Bild av David Nilsson\" class=\"_image_1wc6r_85\" fetchpriority=\"low\" decoding=\"async\" itemprop=\"image\" loading=\"lazy\"  src=\"https:\/\/www.europesays.com\/se\/wp-content\/uploads\/2026\/07\/1784026273_289_294d0c7a-ba84-3784-aa82-82706cb6fecb.png\"  width=\"480\"\/><\/a> Publicerad 12:02Uppdaterad 12:10<img alt=\"Sam Larsson-\" class=\"_image_1jxax_84 layout-component layout-wide\" data-fullscreen- data-track-element-type=\"Article image fullscreen\" data-track-name=\"ImageFullscreen\" fetchpriority=\"high\" decoding=\"sync\" loading=\"eager\" height=\"630\" itemprop=\"image\"  src=\"https:\/\/www.europesays.com\/se\/wp-content\/uploads\/2026\/07\/5e1590dc-bf58-37b6-9a6c-4015b265defd.jpeg\"  style=\"object-position:0% 0%\" width=\"1300\"\/>Sam Larsson-  Foto: BILDBYR\u00c5NVisa mer<\/p>\n<p class=\"_textTheme_16ipd_1 _lead_16k26_2 _lead_3ue4t_18 layout-component layout-normal layout-padded _lead_o6m9k_5 _leadTheme_cypwp_1 body-large bold\">IFK G\u00f6teborg har gjort klart med en hemv\u00e4ndare.<\/p>\n<p class=\"_textTheme_16ipd_1 _lead_16k26_2 _lead_3ue4t_18 layout-component layout-normal layout-padded _lead_o6m9k_5 _leadTheme_cypwp_1 body-large bold\">Efter tolv \u00e5r utomlands \u00e5terv\u00e4nder Sam Larsson, 33, till klubben.<\/p>\n<p class=\"_textTheme_16ipd_1 _lead_16k26_2 _lead_3ue4t_18 layout-component layout-normal layout-padded _lead_o6m9k_5 _leadTheme_cypwp_1 body-large bold\">\u2013 Jag kommer hit i ett l\u00e4ge d\u00e4r jag kan ge tillbaka, s\u00e4ger Larsson.<\/p>\n<p class=\"_textTheme_16ipd_1 _paragraph_16k26_4 _paragraph_3ue4t_27 layout-component layout-normal layout-padded body-medium\">Bl\u00e5vitt f\u00f6rst\u00e4rker i krisen. Klubben, som f\u00f6r n\u00e4rvarande ligger p\u00e5 negativ kvalplats i allsvenskan, h\u00e4mtar in Sam Larsson som senast kommer fr\u00e5n Karag\u00fcmr\u00fck.<\/p>\n<p class=\"_textTheme_16ipd_1 _paragraph_16k26_4 _paragraph_3ue4t_27 layout-component layout-normal layout-padded body-medium\">Den turkiska klubben \u00e4r den senaste i raden av utl\u00e4ndska klubbar Larsson representerat sedan han l\u00e4mnade G\u00f6teborg 2014. Bland annat har han de senaste tolv \u00e5ren spelat f\u00f6r Heerenveen, Feyenoord och Antalyaspor.<\/p>\n<p> \u201dVille komma hem\u201d <\/p>\n<p class=\"_textTheme_16ipd_1 _paragraph_16k26_4 _paragraph_3ue4t_27 layout-component layout-normal layout-padded body-medium\">\u2013 Jag har samlat p\u00e5 mig m\u00e5nga erfarenheter under \u00e5ren utomlands och nu k\u00e4nns det helt r\u00e4tt att komma hem igen, s\u00e4ger 33-\u00e5ringen till klubbens hemsida.<\/p>\n<p class=\"_textTheme_16ipd_1 _paragraph_16k26_4 _paragraph_3ue4t_27 layout-component layout-normal layout-padded body-medium\">\u2013 Jag kommer hit i ett l\u00e4ge d\u00e4r jag kan ge tillbaka till IFK G\u00f6teborg och samtidigt f\u00e5 en viktig roll i att hj\u00e4lpa laget ta sig upp\u00e5t i tabellen.<\/p>\n<p class=\"_textTheme_16ipd_1 _paragraph_16k26_4 _paragraph_3ue4t_27 layout-component layout-normal layout-padded body-medium\">Larsson A-lagsdebuterade f\u00f6r IFK G\u00f6teborg 2012, som 18-\u00e5ring, efter att ha tillbringat tv\u00e5 \u00e5r i klubbens akademi.<\/p>\n<p class=\"_textTheme_16ipd_1 _paragraph_16k26_4 _paragraph_3ue4t_27 layout-component layout-normal layout-padded body-medium\">\u2013 F\u00f6r mig var det h\u00e4r ett enkelt beslut n\u00e4r m\u00f6jligheten fanns. Jag ville komma hem till IFK G\u00f6teborg.<\/p>\n<p> \u201dLandslagsklass\u201d  <\/p>\n<p class=\"_textTheme_16ipd_1 _paragraph_16k26_4 _paragraph_3ue4t_27 layout-component layout-normal layout-padded body-medium\">Under karri\u00e4ren har Larsson \u00e4ven hunnit med att representera det svenska a-landslaget vid fyra tillf\u00e4llen.<\/p>\n<p class=\"_textTheme_16ipd_1 _paragraph_16k26_4 _paragraph_3ue4t_27 layout-component layout-normal layout-padded body-medium\">\u2013 Sam \u00e4r en spelare som vi verkligen tror p\u00e5 och \u00e4r v\u00e4ldigt glada \u00f6ver att f\u00e5 hem. Vi vet vilken h\u00f6gstaniv\u00e5 Sam har. N\u00e4r han \u00e4r som b\u00e4st h\u00e5ller han landslagsklass. Det ska bli v\u00e4ldigt sp\u00e4nnande att se vad han kan g\u00f6ra i allsvenskan, s\u00e4ger Bl\u00e5vitts fotbollschef Jesper Jansson.<\/p>\n","protected":false},"excerpt":{"rendered":"Publicerad 12:02Uppdaterad 12:10Sam Larsson- Foto: BILDBYR\u00c5NVisa mer IFK G\u00f6teborg har gjort klart med en hemv\u00e4ndare. Efter tolv \u00e5r&hellip;\n","protected":false},"author":2,"featured_media":305046,"comment_status":"","ping_status":"","sticky":false,"template":"","format":"standard","meta":{"footnotes":"","_share_on_mastodon":"0"},"categories":[68],"tags":[458,1102,18322,29712,34,111,110,31,33,32,30],"class_list":["post-305045","post","type-post","status-publish","format-standard","has-post-thumbnail","category-sport","tag-allsvenskan-i-fotboll","tag-ifk-goteborg","tag-jesper-jansson","tag-sam-larsson","tag-se","tag-sport","tag-sports","tag-svenska","tag-sverige","tag-sweden","tag-swedish"],"share_on_mastodon":{"url":"https:\/\/pubeurope.com\/@se\/116917953765820352","error":""},"_links":{"self":[{"href":"https:\/\/www.europesays.com\/se\/wp-json\/wp\/v2\/posts\/305045","targetHints":{"allow":["GET"]}}],"collection":[{"href":"https:\/\/www.europesays.com\/se\/wp-json\/wp\/v2\/posts"}],"about":[{"href":"https:\/\/www.europesays.com\/se\/wp-json\/wp\/v2\/types\/post"}],"author":[{"embeddable":true,"href":"https:\/\/www.europesays.com\/se\/wp-json\/wp\/v2\/users\/2"}],"replies":[{"embeddable":true,"href":"https:\/\/www.europesays.com\/se\/wp-json\/wp\/v2\/comments?post=305045"}],"version-history":[{"count":0,"href":"https:\/\/www.europesays.com\/se\/wp-json\/wp\/v2\/posts\/305045\/revisions"}],"wp:featuredmedia":[{"embeddable":true,"href":"https:\/\/www.europesays.com\/se\/wp-json\/wp\/v2\/media\/305046"}],"wp:attachment":[{"href":"https:\/\/www.europesays.com\/se\/wp-json\/wp\/v2\/media?parent=305045"}],"wp:term":[{"taxonomy":"category","embeddable":true,"href":"https:\/\/www.europesays.com\/se\/wp-json\/wp\/v2\/categories?post=305045"},{"taxonomy":"post_tag","embeddable":true,"href":"https:\/\/www.europesays.com\/se\/wp-json\/wp\/v2\/tags?post=305045"}],"curies":[{"name":"wp","href":"https:\/\/api.w.org\/{rel}","templated":true}]}}