{"id":305110,"date":"2026-07-14T12:10:11","date_gmt":"2026-07-14T12:10:11","guid":{"rendered":"https:\/\/www.europesays.com\/se\/305110\/"},"modified":"2026-07-14T12:10:11","modified_gmt":"2026-07-14T12:10:11","slug":"axel-raddade-flickan-efter-knivattacken-i-parken-sverige","status":"publish","type":"post","link":"https:\/\/www.europesays.com\/se\/305110\/","title":{"rendered":"Axel r\u00e4ddade flickan efter knivattacken i parken | Sverige"},"content":{"rendered":"<p>Uppdaterad 14 jul 2026 kl 13.23Publicerad 14 jul 2026 kl 13.06<\/p>\n<p>Parkarbetaren Axel \u00d6stlund hj\u00e4lpte till att r\u00e4dda flickans liv efter attacken i g\u00e5r.<\/p>\n<p>Han ringde 112 och tog hand om henne tills hj\u00e4lp kom.<\/p>\n<p>\u2013 Hon hade kvar kniven. Det \u00e4r s\u00e5 ot\u00e4ckt, s\u00e4ger hans chef, Bj\u00f6rn Svensson.<\/p>\n<p><img   alt=\"\"\/> <\/p>\n<p>Foto: Fritz Schibli \/ FZ webbfilm<\/p>\n<p>\u00d6ppna bild i helsk\u00e4rm<img loading=\"lazy\"   alt=\"\"\/> <\/p>\n<p>Foto: Fritz Schibli \/ FZ webbfilm<\/p>\n<p>\u00d6ppna bild i helsk\u00e4rm<\/p>\n<p>F\u00f6rsta larmet kom kvart i tre p\u00e5 m\u00e5ndagseftermiddagen. N\u00e4r polispatrullen kom till platsen hittade de den skadade fem\u00e5riga flickan.<\/p>\n<p>\u2013 Hon hade n\u00e5gon form av stick- eller sk\u00e4rskador. Flickan f\u00f6rdes till sjukhus, s\u00e4ger Christian Magnusson, tf lokal polisomr\u00e5deschef.<\/p>\n<p>\u2013 Kort efter kunde en pojke gripas, men p\u00e5 grund av hans l\u00e5ga \u00e5lder h\u00e4vdes gripandet. Sociala myndigheter \u00e4r inkopplade.<\/p>\n<p>Det var parkarbetaren Axel \u00d6stlund som larmade om det som h\u00e4nt. F\u00f6retaget brukar jobba i parken.<\/p>\n<p>\u201dDet var verkligen bra\u201d<\/p>\n<p>Men i g\u00e5r n\u00e4r han kom till lekplatsen ropade en kvinna p\u00e5 honom. N\u00e4r Axel gick bort till henne s\u00e5g han den skadade flickan. Hon var blodig, men stod upp.<\/p>\n<p>\u2013 Han var kvar d\u00e4r och f\u00f6rs\u00f6kte lugna henne s\u00e5 gott han kunde, samtidigt som han ringde 112, s\u00e4ger Bj\u00f6rn Svensson som \u00e4r Axel \u00d6stlunds chef.<\/p>\n<p>Kniven satt d\u00e5 kvar i flickans kropp.<\/p>\n<p>\u2013 Det var verkligen bra att han hade sinnesn\u00e4rvaro nog att inte dra ut den, s\u00e4ger Bj\u00f6rn Svensson.\u00a0<\/p>\n<p>Uppgifter: Pojken larmade<\/p>\n<p>Enligt uppgifter till <a href=\"https:\/\/www.aftonbladet.se\/nyheter\/a\/V65rjJ\/uppgifter-attacken-mot-flickan-var-oprovocerad-pojke-larmade-sjalv\" rel=\"nofollow noopener\" target=\"_blank\">Aftonbladet<\/a> skedde attacken helt oprovocerat och pojken larmade sj\u00e4lv polis. Polisen \u00e4r f\u00f6rtegen med uppgifter om b\u00e5de flickan och pojken och vill inte kommentera ifall de var bekanta.<\/p>\n<p>\u2013 Det handlar om s\u00e5 unga personer.<\/p>\n<p>Furutorpsparken har varit utsatt f\u00f6r st\u00f6k och oro tidigare. Under sommaren satsar Helsingborgs stad p\u00e5 aktiviteter f\u00f6r familjer i parken med n\u00e4rvarande vuxna.<\/p>\n<p>Tidigare h\u00e4ndelser har lett till att parken sedan flera \u00e5r har kamera\u00f6vervakning.<\/p>\n<p>\u2013 Ja det finns kameror d\u00e4r. Det materialet h\u00e5ller vi p\u00e5 och jobbar med, s\u00e4ger Christian Magnusson.<\/p>\n<p><img loading=\"lazy\"   alt=\"\"\/><\/p>\n<p>\u201dAlla p\u00e5verkas av en s\u00e5dan h\u00e4r h\u00e4ndelse\u201d, s\u00e4ger Th\u00e9r\u00e8se Andr\u00e9e Kjellstr\u00f6m, f\u00f6rsamlingsherde.<\/p>\n<p>\u00d6ppna bild i helsk\u00e4rm<\/p>\n<p>P\u00e5 tisdagen \u00e4r Svenska kyrkan p\u00e5 plats i parken med tv\u00e5 pr\u00e4ster.<\/p>\n<p>\u2013 Alla p\u00e5verkas av en s\u00e5dan h\u00e4r h\u00e4ndelse, s\u00e4ger Th\u00e9r\u00e8se Andr\u00e9e Kjellstr\u00f6m, f\u00f6rsamlingsherde.<\/p>\n<p>\u2013 I f\u00f6rsta hand kommer vi att lyssna och st\u00f6tta. Det \u00e4r det st\u00f6rsta, att vara n\u00e4rvarande.<\/p>\n<p>Polisen har tagit emot vittnesuppgifter, men v\u00e4djar till alla som sett n\u00e5got och inte \u00e4nnu h\u00f6rts att ringa p\u00e5 114 14.\u00a0<\/p>\n<p>Flickans tillst\u00e5nd \u00e4r stabilt<\/p>\n<p>\u2013 Vi f\u00f6rs\u00f6ker kartl\u00e4gga vilka personer som fanns i parken n\u00e4r det h\u00e4nde. Vi jobbar ocks\u00e5 med d\u00f6rrknackning.<\/p>\n<p>Flickan som attackerades v\u00e5rdas nu p\u00e5 sjukhus, men hennes m\u00e5ende g\u00e5r \u00e5t r\u00e4tt h\u00e5ll.<\/p>\n<p>\u2013 Hennes tillst\u00e5nd \u00e4r stabilt. Hon \u00e4r v\u00e4lm\u00e5ende, enligt l\u00e4karna, s\u00e4ger Christian Magnusson.<\/p>\n<p>Nyheten kommer som en l\u00e4ttnad f\u00f6r parkarbetaren Axel och hans kolleger.<\/p>\n<p>\u2013 Han gjorde en bra insats d\u00e4r, s\u00e4ger Bj\u00f6rn Svensson.<\/p>\n<p>Axel \u00d6stlund har blivit erbjuden samtalsst\u00f6d och \u00e4r tillbaka p\u00e5 jobbet redan i dag. Han har godk\u00e4nt att Expressen publicerar intervjun om hans insats.<\/p>\n","protected":false},"excerpt":{"rendered":"Uppdaterad 14 jul 2026 kl 13.23Publicerad 14 jul 2026 kl 13.06 Parkarbetaren Axel \u00d6stlund hj\u00e4lpte till att r\u00e4dda&hellip;\n","protected":false},"author":2,"featured_media":305111,"comment_status":"","ping_status":"","sticky":false,"template":"","format":"standard","meta":{"footnotes":"","_share_on_mastodon":"0"},"categories":[5],"tags":[22,23,26,27,17,21,24,25,28,29,15,16,18,34,154,31,33,32,30,19,20],"class_list":["post-305110","post","type-post","status-publish","format-standard","has-post-thumbnail","category-rubriker","tag-breaking-news","tag-breakingnews","tag-featured-news","tag-featurednews","tag-headlines","tag-huvudnyheter","tag-latest-news","tag-latestnews","tag-main-news","tag-mainnews","tag-news","tag-nyheter","tag-rubriker","tag-se","tag-sections-sverige","tag-svenska","tag-sverige","tag-sweden","tag-swedish","tag-top-stories","tag-topstories"],"share_on_mastodon":{"url":"https:\/\/pubeurope.com\/@se\/116918263999660091","error":""},"_links":{"self":[{"href":"https:\/\/www.europesays.com\/se\/wp-json\/wp\/v2\/posts\/305110","targetHints":{"allow":["GET"]}}],"collection":[{"href":"https:\/\/www.europesays.com\/se\/wp-json\/wp\/v2\/posts"}],"about":[{"href":"https:\/\/www.europesays.com\/se\/wp-json\/wp\/v2\/types\/post"}],"author":[{"embeddable":true,"href":"https:\/\/www.europesays.com\/se\/wp-json\/wp\/v2\/users\/2"}],"replies":[{"embeddable":true,"href":"https:\/\/www.europesays.com\/se\/wp-json\/wp\/v2\/comments?post=305110"}],"version-history":[{"count":0,"href":"https:\/\/www.europesays.com\/se\/wp-json\/wp\/v2\/posts\/305110\/revisions"}],"wp:featuredmedia":[{"embeddable":true,"href":"https:\/\/www.europesays.com\/se\/wp-json\/wp\/v2\/media\/305111"}],"wp:attachment":[{"href":"https:\/\/www.europesays.com\/se\/wp-json\/wp\/v2\/media?parent=305110"}],"wp:term":[{"taxonomy":"category","embeddable":true,"href":"https:\/\/www.europesays.com\/se\/wp-json\/wp\/v2\/categories?post=305110"},{"taxonomy":"post_tag","embeddable":true,"href":"https:\/\/www.europesays.com\/se\/wp-json\/wp\/v2\/tags?post=305110"}],"curies":[{"name":"wp","href":"https:\/\/api.w.org\/{rel}","templated":true}]}}